{"id":14073,"date":"2026-03-02T08:24:19","date_gmt":"2026-03-02T07:24:19","guid":{"rendered":"https:\/\/www.frantiskani.cz\/?p=14073"},"modified":"2026-03-02T08:24:21","modified_gmt":"2026-03-02T07:24:21","slug":"prorokova-vyzva-ke-spravedlnosti","status":"publish","type":"post","link":"https:\/\/www.frantiskani.cz\/index.php\/2026\/03\/02\/prorokova-vyzva-ke-spravedlnosti\/","title":{"rendered":"Prorokova v\u00fdzva ke spravedlnosti"},"content":{"rendered":"\n<h6 class=\"wp-block-heading\">Bo\u017e\u00ed obnovuj\u00edc\u00ed spravedlnost &#8211; Pond\u011bl\u00ed 2. b\u0159ezna 2026<\/h6>\n\n\n\n<p><em>Richard Rohr uva\u017euje o tom, jak B\u016fh pou\u017eil proroky k p\u0159evr\u00e1cen\u00ed p\u0159edstav o trestn\u00e9 spravedlnosti, kter\u00e1 dodnes p\u0159evl\u00e1d\u00e1 ve v\u011bt\u0161in\u011b kultur:<\/em><\/p>\n\n\n\n<h4 class=\"wp-block-heading\">Proroci poskytovali vizi a povzbuzen\u00ed spole\u010dnosti<\/h4>\n\n\n\n<p>Spravedlnost, jak v\u011bt\u0161ina z n\u00e1s v\u011b\u0159\u00ed, spo\u010d\u00edv\u00e1 v tom, kdy\u017e pos\u00edl\u00e1me padouchy do v\u011bzen\u00ed. P\u0159edstavujeme si, \u017ee m\u016f\u017eeme pouk\u00e1zat na ty hrstku, kte\u0159\u00ed jsou chyceni, a \u017ee se pak m\u016f\u017eeme pova\u017eovat za spravedlivou spole\u010dnost. Ale neodva\u017eujeme se usv\u011bd\u010dit cel\u00fd syst\u00e9m z masivn\u00ed nespravedlnosti a podvodu. Mo\u017en\u00e1 odm\u00edt\u00e1me n\u00e9st vinu i odpov\u011bdnost? P\u0159evzet\u00ed odpov\u011bdnosti za spole\u010dn\u00e9 dobro je d\u016fle\u017eit\u011bj\u0161\u00ed mor\u00e1ln\u00ed p\u0159\u00edkaz. A p\u0159esn\u011b tam proroci za\u010d\u00ednali. Kdy\u017e je v centru pozornosti spole\u010dn\u00e9 dobro, k\u00e1z\u00e1n\u00ed nespo\u010d\u00edv\u00e1 v uvalov\u00e1n\u00ed viny a studu na jednotlivce, ale v poskytov\u00e1n\u00ed vize a povzbuzen\u00ed spole\u010dnosti.<\/p>\n\n\n\n<h4 class=\"wp-block-heading\">Trest pro jednotlivce ne\u0159e\u0161\u00ed selh\u00e1n\u00ed spole\u010dnosti<\/h4>\n\n\n\n<p>D\u011bjiny pot\u0159ebovaly pozitivn\u00ed a inspirativn\u00ed univerz\u00e1ln\u00ed vizi pro Zemi a Bo\u017e\u00ed lid. Zd\u016fraz\u0148ov\u00e1n\u00ed individu\u00e1ln\u00edho h\u0159\u00edchu a usv\u011bd\u010dov\u00e1n\u00ed provinilc\u016f m\u016f\u017ee n\u011bkter\u00e9 jednotlivce zahanbit a dov\u00e9st k polovi\u010dat\u00e9 poslu\u0161nosti, ale z hlediska spole\u010densk\u00e9 zm\u011bny se jedn\u00e1 o notoricky zn\u00e1m\u00e9 k\u0159es\u0165ansk\u00e9 selh\u00e1n\u00ed. Retributivn\u00ed spravedlnost se obr\u00e1tila proti nim, proto\u017ee nen\u00ed zalo\u017eena na pozitivn\u00ed l\u00e1sce a ocen\u011bn\u00ed dobra, pravdy a kr\u00e1sy ve sv\u011bt\u011b nebo ve stvo\u0159en\u00ed. Negativn\u00ed energie se \u017eiv\u00ed sama sebou, ale pozitivn\u00ed energie evokuje pozitivn\u00ed vizi.<\/p>\n\n\n\n<h4 class=\"wp-block-heading\">Pozitivn\u00ed vize proroka Amose \u2013 obnovit cel\u00fd lid<\/h4>\n\n\n\n<p>Jak\u00e1 je tedy pozitivn\u00ed vize hebrejsk\u00e9ho proroka \u00c1mose? Kdy\u017e \u010dteme, jak kon\u010d\u00ed sv\u00e9 proroctv\u00ed, je jasn\u00e9, \u017ee odm\u011bny a radost jsou do zna\u010dn\u00e9 m\u00edry zalo\u017eeny na t\u00e9to zemi a tomto sv\u011bt\u011b. Podle \u00c1mose B\u016fh \u0159\u00edk\u00e1:<\/p>\n\n\n\n<pre class=\"wp-block-verse has-text-align-center\"><em>Chci obnovit osudy sv\u00e9ho lidu Izraele.<br>Znovu postav\u00ed sv\u00e1 zni\u010den\u00e1 m\u011bsta a budou v nich bydlet,<br>vysad\u00ed vinice a budou p\u00edt jejich v\u00edno,<br>okopou zahrady a budou j\u00edst jejich \u00farodu (\u00c1mos 9:14).<\/em><\/pre>\n\n\n\n<h4 class=\"wp-block-heading\">Jednota s&nbsp;Bohem a bli\u017en\u00edm<\/h4>\n\n\n\n<p>Radik\u00e1ln\u00ed jednota s Bohem a bli\u017en\u00edm je jedin\u00fd zp\u016fsob, jak se kdokoli z n\u00e1s skute\u010dn\u011b uzdrav\u00ed nebo zlep\u0161\u00ed. Mo\u017en\u00e1 proto Anonymn\u00ed alkoholici nad\u00e1le tak trvale m\u011bn\u00ed \u017eivoty lid\u00ed. AA trv\u00e1 na osobn\u00ed odpov\u011bdnosti za zran\u011bn\u00ed, vnit\u0159n\u00ed zku\u0161enosti Vy\u0161\u0161\u00ed Moci a jak\u00e9si prob\u00edhaj\u00edc\u00ed praxi v mal\u00fdch skupin\u00e1ch: cel\u00fd bal\u00ed\u010dek zdrav\u00e9ho n\u00e1bo\u017eenstv\u00ed.<\/p>\n\n\n\n<h4 class=\"wp-block-heading\">Amos vid\u00ed Boha jako milosrden\u00e9ho<\/h4>\n\n\n\n<p>Ve sv\u00fdch z\u00e1v\u011bre\u010dn\u00fdch ver\u0161\u00edch Amos vid\u00ed Boha jako milosrdn\u011bj\u0161\u00edho a soucitn\u011bj\u0161\u00edho, i kdy\u017e nad\u00e1le na\u0159\u00edk\u00e1 nad po\u0161etilost\u00ed a selh\u00e1n\u00edm Izraele:<\/p>\n\n\n\n<pre class=\"wp-block-verse has-text-align-center\"><em>V ten den znovu postav\u00edm rozpadaj\u00edc\u00ed se Davidovu chatr\u010d,<br>zaprav\u00edm v n\u00ed mezery,<br>obnov\u00edm starod\u00e1vn\u00e9 ruiny,<br>a znovu postav\u00edm jej\u00ed starod\u00e1vn\u00e9 trosky (Amos 9:11).<\/em><\/pre>\n\n\n\n<h4 class=\"wp-block-heading\">Obnoven\u00e1 spravedlnost l\u00e1skou<\/h4>\n\n\n\n<p>Amos zahajuje revoluci v na\u0161em ch\u00e1p\u00e1n\u00ed toho, jak mezi n\u00e1mi p\u016fsob\u00ed bo\u017esk\u00e1 l\u00e1ska. Toto u\u017e nen\u00ed odplata ani trest, ale \u00fapln\u00e9 p\u0159euspo\u0159\u00e1d\u00e1n\u00ed. Je to takov\u00e1 bo\u017esk\u00e1 extravagance, filozofie l\u00e1sky k nim, aby milovali m\u011b zp\u011bt, kter\u00e1 ud\u00e1v\u00e1 vzor pro v\u0161echny proroky. P\u0159edstavuje siln\u00fd a jasn\u00fd odklon od odplaty a trestu k tomu, co se stane novou smlouvou obnovuj\u00edc\u00ed spravedlnosti, kterou vid\u00edme uskute\u010dn\u011bnou u Izaj\u00e1\u0161e, Jeremi\u00e1\u0161e, Ezechiela a samoz\u0159ejm\u011b v \u017eivot\u011b Je\u017e\u00ed\u0161e. To m\u011bn\u00ed v\u0161echno, nebo alespo\u0148 by m\u011blo.<\/p>\n\n\n\n<h6 class=\"wp-block-heading\">Prameny:<\/h6>\n\n\n\n<p class=\"has-small-font-size\">Adapted from Richard Rohr,&nbsp;<a href=\"https:\/\/email.cac.org\/t\/d-l-gdujldt-dhujjlkyut-p\/\"><em>The Tears of Things: Prophetic Wisdom for an Age of Outrage<\/em><\/a>(Convergent Books, 2025), 26\u201328.<\/p>\n\n\n\n<p class=\"has-small-font-size\"><strong>Image Credit:&nbsp;<\/strong>Jordan Heath,&nbsp;<em>untitled&nbsp;<\/em>(detail), 2018, photo, New Zealand,&nbsp;<a href=\"https:\/\/email.cac.org\/t\/d-l-gdujldt-dhujjlkyut-x\/\">Unsplash<\/a>.&nbsp;<a href=\"https:\/\/email.cac.org\/t\/d-l-gdujldt-dhujjlkyut-m\/\">Click here to enlarge image<\/a>.&nbsp;<em>At the meeting of river and lake, we see the great watershed of God\u2019s mercy\u2014 justice rolling wide and without vengeance, drawing us into a love larger than our own grievances and inviting us toward the common good.<\/em><\/p>\n","protected":false},"excerpt":{"rendered":"<p>Radik\u00e1ln\u00ed jednota s Bohem a bli\u017en\u00edm je jedin\u00fd zp\u016fsob, jak se kdokoli z n\u00e1s skute\u010dn\u011b uzdrav\u00ed nebo zlep\u0161\u00ed. <\/p>\n","protected":false},"author":1,"featured_media":14071,"comment_status":"open","ping_status":"open","sticky":false,"template":"","format":"standard","meta":{"footnotes":""},"categories":[198],"tags":[2541,1250,2258],"class_list":["post-14073","post","type-post","status-publish","format-standard","has-post-thumbnail","hentry","category-richard-rohr-ofm-centrum-pro-zivot-a-rozjimani","tag-proroco","tag-spravedlonost","tag-vize","latest_post"],"_links":{"self":[{"href":"https:\/\/www.frantiskani.cz\/index.php\/wp-json\/wp\/v2\/posts\/14073","targetHints":{"allow":["GET"]}}],"collection":[{"href":"https:\/\/www.frantiskani.cz\/index.php\/wp-json\/wp\/v2\/posts"}],"about":[{"href":"https:\/\/www.frantiskani.cz\/index.php\/wp-json\/wp\/v2\/types\/post"}],"author":[{"embeddable":true,"href":"https:\/\/www.frantiskani.cz\/index.php\/wp-json\/wp\/v2\/users\/1"}],"replies":[{"embeddable":true,"href":"https:\/\/www.frantiskani.cz\/index.php\/wp-json\/wp\/v2\/comments?post=14073"}],"version-history":[{"count":1,"href":"https:\/\/www.frantiskani.cz\/index.php\/wp-json\/wp\/v2\/posts\/14073\/revisions"}],"predecessor-version":[{"id":14074,"href":"https:\/\/www.frantiskani.cz\/index.php\/wp-json\/wp\/v2\/posts\/14073\/revisions\/14074"}],"wp:featuredmedia":[{"embeddable":true,"href":"https:\/\/www.frantiskani.cz\/index.php\/wp-json\/wp\/v2\/media\/14071"}],"wp:attachment":[{"href":"https:\/\/www.frantiskani.cz\/index.php\/wp-json\/wp\/v2\/media?parent=14073"}],"wp:term":[{"taxonomy":"category","embeddable":true,"href":"https:\/\/www.frantiskani.cz\/index.php\/wp-json\/wp\/v2\/categories?post=14073"},{"taxonomy":"post_tag","embeddable":true,"href":"https:\/\/www.frantiskani.cz\/index.php\/wp-json\/wp\/v2\/tags?post=14073"}],"curies":[{"name":"wp","href":"https:\/\/api.w.org\/{rel}","templated":true}]}}