{"id":14124,"date":"2026-03-11T10:35:36","date_gmt":"2026-03-11T09:35:36","guid":{"rendered":"https:\/\/www.frantiskani.cz\/?p=14124"},"modified":"2026-03-11T10:35:38","modified_gmt":"2026-03-11T09:35:38","slug":"lecive-skutky-spojeni","status":"publish","type":"post","link":"https:\/\/www.frantiskani.cz\/index.php\/2026\/03\/11\/lecive-skutky-spojeni\/","title":{"rendered":"L\u00e9\u010div\u00e9 skutky spojen\u00ed"},"content":{"rendered":"\n<h6 class=\"wp-block-heading\">Co d\u011bl\u00e1me s h\u0159\u00edchem? &#8211; St\u0159eda, 11. b\u0159ezna 2026<\/h6>\n\n\n\n<p><em>Otec Greg Boyle se zam\u00fd\u0161l\u00ed nad t\u00edm, kolik zla jsme dnes sv\u011bdky, odr\u00e1\u017e\u00ed d\u016fsledky na\u0161eho bolestn\u00e9ho odlou\u010den\u00ed od Boha l\u00e1sky:<\/em><\/p>\n\n\n\n<h4 class=\"wp-block-heading\">Nen\u00ed v n\u00e1s \u017e\u00e1dn\u00fd gen h\u0159\u00edchu<\/h4>\n\n\n\n<p>Tv\u00e1\u0159\u00ed v tv\u00e1\u0159 nesmysln\u00e9mu n\u00e1sil\u00ed p\u00e1chan\u00e9mu st\u0159eln\u00fdmi zbran\u011bmi, politick\u00e9 zrad\u011b a pomst\u011b, zlo\u010din\u016fm z nen\u00e1visti, masov\u00fdm st\u0159elb\u00e1m a teroristick\u00fdm \u00fatok\u016fm n\u011bkte\u0159\u00ed lid\u00e9 prost\u011b \u0159eknou: \u201eH\u0159\u00edch a zlo jsou na odiv.\u201c Kdy\u017e to ud\u011bl\u00e1me, vzd\u00e1me se. Ani se o to nesna\u017e\u00edme. Prohla\u0161ujeme, \u017ee u\u017e nebudeme hledat \u0159e\u0161en\u00ed, proto\u017ee v\u011b\u0159\u00edme, \u017ee lidsk\u00e9 bytosti jsou od po\u010d\u00e1tku n\u011bjak\u00fdm zp\u016fsobem poskvrn\u011bny. Prvotn\u00ed h\u0159\u00edch nevysv\u011btluje to hrozn\u00e9. Spousta v\u011bc\u00ed ano. Prvotn\u00ed h\u0159\u00edch mezi n\u011b nepat\u0159\u00ed. Nen\u00ed v n\u00e1s \u017e\u00e1dn\u00fd gen h\u0159\u00edchu. Rod\u00edme se z l\u00e1sky a v\u017edy jsme k l\u00e1sce pozv\u00e1ni\u2026<\/p>\n\n\n\n<h4 class=\"wp-block-heading\">H\u0159\u00edch je mapa Star\u00e9ho sv\u011bta<\/h4>\n\n\n\n<p>Po\u017e\u00e1dal jsem kamar\u00e1dku, aby si promluvila se svou dcerou, kter\u00e1 pr\u00e1v\u011b absolvovala jezuitskou [katolickou] univerzitu, o tom, jak ona a jej\u00ed vrstevn\u00edci vn\u00edmaj\u00ed h\u0159\u00edch. Jej\u00ed dcera \u0159ekla: \u201eSlovo \u201ah\u0159\u00edch\u2018 vlastn\u011b nepou\u017e\u00edv\u00e1me ani o n\u011bm nemluv\u00edme. H\u0159\u00edch je mapa Star\u00e9ho sv\u011bta.\u201c P\u0159edpokl\u00e1d\u00e1m, \u017ee n\u011bkte\u0159\u00ed by mohli na\u0159\u00edkat nad t\u00edm, \u017ee h\u0159\u00edch nen\u00ed na prvn\u00edm m\u00edst\u011b. Ve skute\u010dnosti ani nen\u00ed na druh\u00e9m. Nen\u00ed ani u spor\u00e1ku. A samoz\u0159ejm\u011b, kdybyste se dnes pokusili pou\u017e\u00edt mapu Star\u00e9ho sv\u011bta, abyste se dostali nap\u0159\u00edklad do Ir\u00e1ku, skon\u010dili byste v Mezopot\u00e1mii.<\/p>\n\n\n\n<h4 class=\"wp-block-heading\">B\u016fh l\u00e1sky nevid\u00ed h\u0159\u00edch \u2013 vid\u00ed \u010dlov\u011bka<\/h4>\n\n\n\n<p>Mohli bychom na\u0159\u00edkat nad t\u00edm, \u017ee mlad\u00ed lid\u00e9 mohou h\u0159\u00edch vn\u00edmat t\u00edmto zp\u016fsobem. Nebo bychom v n\u011bm mohli naj\u00edt pozv\u00e1n\u00ed. D\u00edv\u00e1 se Bo\u017e\u00ed l\u00e1ska na h\u0159\u00ed\u0161n\u00fd sv\u011bt, kter\u00fd pot\u0159ebuje sp\u00e1su, nebo vid\u00ed n\u00e1\u0161 B\u016fh zlomen\u00fd sv\u011bt v bolesti a pot\u0159ebuje uzdraven\u00ed? P\u00edsmo \u0159\u00edk\u00e1: \u201eTehdy tv\u00e9 sv\u011btlo vzejde jako jit\u0159n\u00ed svit a tv\u00e1 r\u00e1na se rychle zahoj\u00ed. Sv\u011btlo ti vzejde v tv\u00e9 temnot\u011b. Tma se pro tebe zm\u011bn\u00ed v poledne\u201c [Izaj\u00e1\u0161 58:10]. Neust\u00e1le \u0159\u00edk\u00e1m \u010dlen\u016fm gangu, \u017ee B\u016fh l\u00e1sky nevid\u00ed h\u0159\u00edch. N\u00e1\u0161 B\u016fh vid\u00ed syna (a dceru). \u201eV\u011b\u0159\u00edm, \u017ee h\u0159\u00edch nem\u00e1 \u017e\u00e1dnou podstatu,\u201c p\u00ed\u0161e Julian z Norwiche, \u201eani \u010d\u00e1ste\u010dku byt\u00ed.\u201c Pak \u0159\u00edk\u00e1: \u201eS ve\u0161kerou \u00factou k Matce C\u00edrkvi\u2026 ale tohle se neshoduje.\u201c Nedok\u00e1zala sladit h\u0159\u00edch se sv\u00fdm Bohem l\u00e1sky.<\/p>\n\n\n\n<h4 class=\"wp-block-heading\">Boyle navrhuje zm\u011bnu d\u016frazu, pokud jde o chov\u00e1n\u00ed:<\/h4>\n\n\n\n<p>Mor\u00e1ln\u00ed hled\u00e1n\u00ed n\u00e1s nikdy neudr\u017eelo mor\u00e1ln\u00edmi; jen n\u00e1s odd\u011blovalo od sebe navz\u00e1jem. Mo\u017en\u00e1 bychom se tedy m\u011bli mor\u00e1ln\u00edho hled\u00e1n\u00ed vzd\u00e1t, proto\u017ee je to mapa Star\u00e9ho sv\u011bta, a m\u00edsto toho se vydat na cestu k celistvosti, rozkv\u00e9taj\u00edc\u00ed l\u00e1sce a vzdorovit\u00e9 radosti. Nechceme skon\u010dit v Mezopot\u00e1mii. Ano, chceme ud\u011blat dal\u0161\u00ed spr\u00e1vnou v\u011bc, ale co je tou dal\u0161\u00ed spr\u00e1vnou v\u011bc\u00ed a kdo si ji m\u016f\u017ee vybrat? To m\u016f\u017ee jen zdrav\u00fd \u010dlov\u011bk. Tak\u017ee si navz\u00e1jem pom\u00e1h\u00e1me, ne abychom se l\u00e9pe rozhodovali, ale abychom \u0161li dom\u016f k blahobytu a hlub\u0161\u00edmu r\u016fstu v l\u00e1sce.<\/p>\n\n\n\n<h6 class=\"wp-block-heading\">prameny:<\/h6>\n\n\n\n<p class=\"has-small-font-size\">Gregory Boyle,&nbsp;<em>Cherished Belonging: The Healing Power of Love in Divided Times<\/em>&nbsp;(Avid Reader Press, 2024), 40\u201341, 49\u201350.<\/p>\n\n\n\n<p class=\"has-small-font-size\"><strong>Image credit and inspiration<\/strong>: Balint Mendlik,&nbsp;<em>untitled&nbsp;<\/em>(detail), 2022, photo,&nbsp;<a href=\"https:\/\/email.cac.org\/t\/d-l-ghruje-tlkrhyidn-x\/\">Unsplash<\/a>.&nbsp;<a href=\"https:\/\/email.cac.org\/t\/d-l-ghruje-tlkrhyidn-m\/\">Click here to enlarge image<\/a>.&nbsp;<em>An arrow missing the center reminds us that sin is not our essence. We may be momentarily disconnected from our true aim, but still able to center the next shot.<\/em><\/p>\n","protected":false},"excerpt":{"rendered":"<p>Po\u017e\u00e1dal jsem kamar\u00e1dku, aby si promluvila se svou dcerou, kter\u00e1 pr\u00e1v\u011b absolvovala jezuitskou [katolickou] univerzitu, o tom, jak ona a jej\u00ed vrstevn\u00edci vn\u00edmaj\u00ed h\u0159\u00edch. Jej\u00ed dcera \u0159ekla: \u201eSlovo \u201ah\u0159\u00edch\u2018 vlastn\u011b nepou\u017e\u00edv\u00e1me ani o n\u011bm nemluv\u00edme. H\u0159\u00edch je mapa Star\u00e9ho sv\u011bta.\u201c P\u0159edpokl\u00e1d\u00e1m, \u017ee n\u011bkte\u0159\u00ed by mohli na\u0159\u00edkat nad t\u00edm, \u017ee h\u0159\u00edch nen\u00ed na prvn\u00edm m\u00edst\u011b. Ve skute\u010dnosti ani nen\u00ed na druh\u00e9m. Nen\u00ed ani u spor\u00e1ku. A samoz\u0159ejm\u011b, kdybyste se dnes pokusili pou\u017e\u00edt mapu Star\u00e9ho sv\u011bta, abyste se dostali nap\u0159\u00edklad do Ir\u00e1ku, skon\u010dili byste v Mezopot\u00e1mii.<\/p>\n","protected":false},"author":1,"featured_media":14115,"comment_status":"open","ping_status":"open","sticky":false,"template":"","format":"standard","meta":{"footnotes":""},"categories":[198],"tags":[2552,2551,562,2550],"class_list":["post-14124","post","type-post","status-publish","format-standard","has-post-thumbnail","hentry","category-richard-rohr-ofm-centrum-pro-zivot-a-rozjimani","tag-buh-a-hrich","tag-buh-je-laska","tag-hrich","tag-stary-svet","latest_post"],"_links":{"self":[{"href":"https:\/\/www.frantiskani.cz\/index.php\/wp-json\/wp\/v2\/posts\/14124","targetHints":{"allow":["GET"]}}],"collection":[{"href":"https:\/\/www.frantiskani.cz\/index.php\/wp-json\/wp\/v2\/posts"}],"about":[{"href":"https:\/\/www.frantiskani.cz\/index.php\/wp-json\/wp\/v2\/types\/post"}],"author":[{"embeddable":true,"href":"https:\/\/www.frantiskani.cz\/index.php\/wp-json\/wp\/v2\/users\/1"}],"replies":[{"embeddable":true,"href":"https:\/\/www.frantiskani.cz\/index.php\/wp-json\/wp\/v2\/comments?post=14124"}],"version-history":[{"count":1,"href":"https:\/\/www.frantiskani.cz\/index.php\/wp-json\/wp\/v2\/posts\/14124\/revisions"}],"predecessor-version":[{"id":14125,"href":"https:\/\/www.frantiskani.cz\/index.php\/wp-json\/wp\/v2\/posts\/14124\/revisions\/14125"}],"wp:featuredmedia":[{"embeddable":true,"href":"https:\/\/www.frantiskani.cz\/index.php\/wp-json\/wp\/v2\/media\/14115"}],"wp:attachment":[{"href":"https:\/\/www.frantiskani.cz\/index.php\/wp-json\/wp\/v2\/media?parent=14124"}],"wp:term":[{"taxonomy":"category","embeddable":true,"href":"https:\/\/www.frantiskani.cz\/index.php\/wp-json\/wp\/v2\/categories?post=14124"},{"taxonomy":"post_tag","embeddable":true,"href":"https:\/\/www.frantiskani.cz\/index.php\/wp-json\/wp\/v2\/tags?post=14124"}],"curies":[{"name":"wp","href":"https:\/\/api.w.org\/{rel}","templated":true}]}}