{"id":14139,"date":"2026-03-14T12:17:19","date_gmt":"2026-03-14T11:17:19","guid":{"rendered":"https:\/\/www.frantiskani.cz\/?p=14139"},"modified":"2026-03-14T12:18:18","modified_gmt":"2026-03-14T11:18:18","slug":"shrnuti-minuleho-tydne","status":"publish","type":"post","link":"https:\/\/www.frantiskani.cz\/index.php\/2026\/03\/14\/shrnuti-minuleho-tydne\/","title":{"rendered":"Shrnut\u00ed minul\u00e9ho t\u00fddne"},"content":{"rendered":"\n<p><strong>Shrnut\u00ed minul\u00e9ho t\u00fddne<\/strong><\/p>\n\n\n\n<p><strong>Ned\u011ble<\/strong><br>H\u0159\u00edch prim\u00e1rn\u011b popisuje stav fragmentace \u2013 kdy si \u010d\u00e1st mysl\u00ed, \u017ee je odd\u011blen\u00e1 od Celku. Je to ztr\u00e1ta jak\u00e9koli vnit\u0159n\u00ed zku\u0161enosti s t\u00edm, k\u00fdm jsme v Bohu.\u2014Richard Rohr<\/p>\n\n\n\n<p><strong>Pond\u011bl\u00ed<\/strong><br>V jist\u00e9m smyslu byla doktr\u00edna \u201eprvotn\u00edho h\u0159\u00edchu\u201c dobr\u00e1 a u\u017eite\u010dn\u00e1 v tom, \u017ee n\u00e1s nau\u010dila neb\u00fdt p\u0159ekvapeni k\u0159ehkost\u00ed a zran\u011bn\u00edm, kter\u00e9 v\u0161ichni neseme. Historicky vzato n\u00e1s v\u0161ak u\u010den\u00ed o prvotn\u00edm h\u0159\u00edchu postavilo na \u0161patnou nohu \u2013 s ne m\u00edsto ano, s ned\u016fv\u011brou m\u00edsto d\u016fv\u011bry.\u2014Richard Rohr<\/p>\n\n\n\n<p><strong>\u00dater\u00fd<\/strong><br>Nev\u011b\u0159\u00edm, \u017ee h\u0159\u00edch je nep\u0159\u00edtel, jak\u00fdm si ho \u010dasto p\u0159edstavujeme, alespo\u0148 ne tehdy, kdy\u017e ho rozpozn\u00e1me a pojmenov\u00e1v\u00e1me ho jako takov\u00e9ho. Teprve tehdy, kdy\u017e vid\u00edme, jak jsme se odvr\u00e1tili od Boha, m\u00e1me to, co pot\u0159ebujeme k tomu, abychom se za\u010dali obracet zp\u011bt. \u2014Barbara Brown Taylor<\/p>\n\n\n\n<p><strong>St\u0159eda<\/strong><br>D\u00edv\u00e1 se Bo\u017e\u00ed l\u00e1ska na h\u0159\u00ed\u0161n\u00fd sv\u011bt, kter\u00fd pot\u0159ebuje sp\u00e1su, nebo vid\u00ed n\u00e1\u0161 B\u016fh zlomen\u00fd sv\u011bt v bolesti a pot\u0159eb\u011b uzdraven\u00ed?\u2014Greg Boyle<\/p>\n\n\n\n<p><strong>\u010ctvrtek<\/strong><br>Je rozd\u00edl mezi p\u00e1dem a padnut\u00edm. H\u0159\u00edch znamen\u00e1, \u017ee jsme padli. Neznamen\u00e1 to, \u017ee jsme padli. Mo\u017en\u00e1 jsme padli, ale m\u016f\u017eeme vst\u00e1t.\u2014Danielle Shroyer<\/p>\n\n\n\n<p><strong>P\u00e1tek<\/strong><br>Nikdo nem\u016f\u017ee pop\u0159\u00edt, \u017ee zlo je velmi re\u00e1ln\u00e9, ale to, co mnoz\u00ed z n\u00e1s nyn\u00ed vn\u00edmaj\u00ed jako skute\u010dn\u00e9 zlo ni\u010d\u00edc\u00ed sv\u011bt \u2013 jako je militarismus, chamtivost, hled\u00e1n\u00ed ob\u011btn\u00edch ber\u00e1nk\u016f z jin\u00fdch skupin a zneu\u017e\u00edv\u00e1n\u00ed moci \u2013 se zd\u00e1 b\u00fdt velmi odli\u0161n\u00e9 od toho, co v\u011bt\u0161ina lid\u00ed naz\u00fdv\u00e1 h\u0159\u00edchem, co\u017e se v\u011bt\u0161inou vztahuje na osobn\u00ed chyby nebo vinu, nebo \u00fadajn\u00e9 soukrom\u00e9 p\u0159estupky proti Bohu.\u2014Richard Rohr<\/p>\n\n\n\n<h1 class=\"wp-block-heading\">P\u0159etv\u00e1\u0159en\u00ed na\u0161ich p\u0159\u00edb\u011bh\u016f<\/h1>\n\n\n\n<h5 class=\"wp-block-heading\">Cvi\u010den\u00ed des\u00e1t\u00e9ho t\u00fddne<br><br><\/h5>\n\n\n\n<p>Co opot\u0159ebujeme, B\u016fh p\u0159etv\u00e1\u0159\u00ed. Co trh\u00e1me, B\u016fh vykupuje. Co trh\u00e1me, B\u016fh opravuje.\u2014Laurie Brock, Souvenirs of the Holy<\/p>\n\n\n\n<p>Laurie Brock je sv\u011bdkem toho, jak B\u016fh shroma\u017e\u010fuje \u201e\u00fatr\u017eky\u201c na\u0161ich \u017eivot\u016f a znovu je spl\u00e9t\u00e1 do jednotn\u00e9ho a kr\u00e1sn\u00e9ho celku:<\/p>\n\n\n\n<h4 class=\"wp-block-heading\">\u017divot je slo\u017een\u00fd z&nbsp;\u00fatr\u017ek\u016f \u017eivota m\u00e9ho j\u00e1<\/h4>\n\n\n\n<h6 class=\"wp-block-heading has-small-font-size\">V\u0161ichni m\u00e1me \u00fatr\u017eky, kousky a \u010d\u00e1sti, kter\u00e9 byly hluboce opot\u0159ebovan\u00e9 a roztrhan\u00e9 utrpen\u00edm, kriz\u00ed a katastrofou. M\u016f\u017eeme tyto \u017eivotn\u00ed ud\u00e1losti ne\u00fasp\u011b\u0161n\u011b ch\u00e1pat jako Bo\u017e\u00ed d\u00edlo. N\u011bkter\u00e9 teologie \u0159\u00edkaj\u00ed, \u017ee B\u016fh l\u00e1me a trh\u00e1, aby se n\u011bjak\u00fdm zp\u016fsobem zjevila Bo\u017e\u00ed sl\u00e1va. S t\u00edm nesouhlas\u00edm. B\u016fh dovoluje, aby se \u017eivot stal, a \u017eivot znamen\u00e1 trhat a napravovat, set a skl\u00edzet, zra\u0148ovat a uzdravovat. Ale B\u016fh se nemus\u00ed vm\u011b\u0161ovat do toho, aby se v\u011bci trhaly a l\u00e1maly. My lid\u00e9 odv\u00e1d\u00edme dobrou pr\u00e1ci v l\u00e1m\u00e1n\u00ed jeden druh\u00e9ho i sebe sama, co\u017e nepochybn\u011b l\u00e1me Bo\u017e\u00ed srdce.<\/h6>\n\n\n\n<h4 class=\"wp-block-heading\">B\u016fh \u0161ije z&nbsp;had\u0159\u00edk\u016f na\u0161ich rozhodnut\u00ed novou l\u00e1tku<\/h4>\n\n\n\n<h6 class=\"wp-block-heading has-small-font-size\">M\u00edsto aby n\u00e1s B\u016fh nav\u017edy chr\u00e1nil p\u0159ed n\u00e1sledky osobn\u00edch a komunitn\u00edch rozhodnut\u00ed, kter\u00fdmi se navz\u00e1jem zra\u0148ujeme, vkl\u00e1d\u00e1 stvo\u0159en\u00ed do podoby moudrosti pro\u0161\u00edv\u00e1n\u00ed. Nejsme a\u017e tak zb\u011bhl\u00ed v se\u0161\u00edv\u00e1n\u00ed a p\u0159etv\u00e1\u0159en\u00ed. K tomu pot\u0159ebujeme Bo\u017e\u00ed um\u011bn\u00ed pro\u0161\u00edv\u00e1n\u00ed. Pot\u0159ebujeme, aby n\u00e1m B\u016fh p\u0159ipom\u00ednal, \u017ee \u017e\u00e1dn\u00e1 \u010d\u00e1st na\u0161eho j\u00e1 a du\u0161e nen\u00ed mimo vykoupen\u00ed, mimo u\u017eite\u010dnost jin\u00fdm zp\u016fsobem. Chyby jsou spojov\u00e1ny dohromady vl\u00e1kny Bo\u017e\u00edho soucitu. Persony, kter\u00e9 jsme nosili, kdy\u017e jsme byli mlad\u0161\u00ed, ale u\u017e k nim nepasuj\u00ed, lze zm\u011bnit. Bo\u017e\u00ed l\u00e1ska poskytuje r\u00e1mec pro se\u0161it\u00ed v\u0161ech t\u011bchto \u010d\u00e1st\u00ed a kousk\u016f do n\u011b\u010deho obnoven\u00e9ho, \u200b\u200bp\u0159etvo\u0159en\u00e9ho a vykoupen\u00e9ho.<\/h6>\n\n\n\n<h4 class=\"wp-block-heading\">B\u016fh hled\u00e1 v&nbsp;na\u0161ich rozhodnut\u00ed<\/h4>\n\n\n\n<h6 class=\"wp-block-heading has-small-font-size\">B\u016fh si v\u00e1\u017e\u00ed v\u011bc\u00ed, kter\u00e9 zahod\u00edme nebo o kter\u00e9 se p\u0159estaneme starat. B\u016fh zbo\u017e\u0148uje tyto zbytky na\u0161eho j\u00e1. B\u016fh tou\u017e\u00ed po tom, abychom sed\u011bli ve svat\u00e9m prostoru dostate\u010dn\u011b dlouho na to, abychom vid\u011bli deku, kterou B\u016fh vytv\u00e1\u0159\u00ed z toho, co jsme pova\u017eovali za bezcenn\u00e9 \u00fatr\u017eky. B\u016fh se t\u011bchto \u00fatr\u017ek\u016f dot\u00fdk\u00e1 jako \u017eeny po stalet\u00ed. B\u016fh se jich dot\u00fdk\u00e1 a v\u0161\u00edm\u00e1 si kr\u00e1sy mal\u00fdch vzor\u016f. B\u016fh p\u0159etv\u00e1\u0159\u00ed na\u0161e \u00fatr\u017eky v nov\u00e9 v\u011bci, u\u017eite\u010dn\u00e9 v\u011bci, dokonce i mimo\u0159\u00e1dn\u011b kr\u00e1sn\u00e9 v\u011bci.<\/h6>\n\n\n\n<p>Zdroj:<br>Laurie M. Brock, Souvenirs of the Holy: Encountering God Through Everyday Objects (Broadleaf Books, 2025), 180\u2013181.<\/p>\n\n\n\n<p>Zdroj obr\u00e1zku a inspirace: Balint Mendlik, bez n\u00e1zvu (detail), 2022, foto, Unsplash. <\/p>\n","protected":false},"excerpt":{"rendered":"<p>Shrnut\u00ed minul\u00e9ho t\u00fddne Ned\u011bleH\u0159\u00edch prim\u00e1rn\u011b popisuje stav fragmentace \u2013 kdy si \u010d\u00e1st mysl\u00ed, \u017ee je odd\u011blen\u00e1 od Celku. Je to &hellip; <\/p>\n","protected":false},"author":1,"featured_media":0,"comment_status":"open","ping_status":"open","sticky":false,"template":"","format":"standard","meta":{"footnotes":""},"categories":[6],"tags":[],"class_list":["post-14139","post","type-post","status-publish","format-standard","hentry","category-frantiskanskarodina","latest_post"],"_links":{"self":[{"href":"https:\/\/www.frantiskani.cz\/index.php\/wp-json\/wp\/v2\/posts\/14139","targetHints":{"allow":["GET"]}}],"collection":[{"href":"https:\/\/www.frantiskani.cz\/index.php\/wp-json\/wp\/v2\/posts"}],"about":[{"href":"https:\/\/www.frantiskani.cz\/index.php\/wp-json\/wp\/v2\/types\/post"}],"author":[{"embeddable":true,"href":"https:\/\/www.frantiskani.cz\/index.php\/wp-json\/wp\/v2\/users\/1"}],"replies":[{"embeddable":true,"href":"https:\/\/www.frantiskani.cz\/index.php\/wp-json\/wp\/v2\/comments?post=14139"}],"version-history":[{"count":2,"href":"https:\/\/www.frantiskani.cz\/index.php\/wp-json\/wp\/v2\/posts\/14139\/revisions"}],"predecessor-version":[{"id":14141,"href":"https:\/\/www.frantiskani.cz\/index.php\/wp-json\/wp\/v2\/posts\/14139\/revisions\/14141"}],"wp:attachment":[{"href":"https:\/\/www.frantiskani.cz\/index.php\/wp-json\/wp\/v2\/media?parent=14139"}],"wp:term":[{"taxonomy":"category","embeddable":true,"href":"https:\/\/www.frantiskani.cz\/index.php\/wp-json\/wp\/v2\/categories?post=14139"},{"taxonomy":"post_tag","embeddable":true,"href":"https:\/\/www.frantiskani.cz\/index.php\/wp-json\/wp\/v2\/tags?post=14139"}],"curies":[{"name":"wp","href":"https:\/\/api.w.org\/{rel}","templated":true}]}}