{"id":14244,"date":"2026-04-04T09:04:42","date_gmt":"2026-04-04T07:04:42","guid":{"rendered":"https:\/\/www.frantiskani.cz\/?p=14244"},"modified":"2026-04-04T09:04:43","modified_gmt":"2026-04-04T07:04:43","slug":"jezis-a-konec-hledani-obetnich-beranku","status":"publish","type":"post","link":"https:\/\/www.frantiskani.cz\/index.php\/2026\/04\/04\/jezis-a-konec-hledani-obetnich-beranku\/","title":{"rendered":"Je\u017e\u00ed\u0161 a konec hled\u00e1n\u00ed ob\u011btn\u00edch ber\u00e1nk\u016f"},"content":{"rendered":"\n<p class=\"has-small-font-size\">Shrnut\u00ed t\u0159in\u00e1ct\u00e9ho t\u00fddne &#8211; Sobota, 4. dubna 2026 &#8211; Velk\u00e1 sobota<\/p>\n\n\n\n<h4 class=\"wp-block-heading\">Ned\u011ble<\/h4>\n\n\n\n<p>Lidsk\u00fd klam se zd\u00e1 b\u00fdt tento: Mysl\u00edme si, \u017ee probl\u00e9mem je v\u017edy n\u011bkdo jin\u00fd, ne my sami. Lidsk\u00e1 p\u0159irozenost si v\u017edycky p\u0159eje bu\u010f hr\u00e1t na ob\u011b\u0165, nebo si ob\u011bti vytv\u00e1\u0159et \u2013 a oboj\u00ed za \u00fa\u010delem kontroly.\u2014Richard Rohr<\/p>\n\n\n\n<h4 class=\"wp-block-heading\">Pond\u011bl\u00ed<\/h4>\n\n\n\n<p>Je\u017e\u00ed\u0161 se stal ob\u011btn\u00edm ber\u00e1nkem, aby odhalil univerz\u00e1ln\u00ed le\u017e o hled\u00e1n\u00ed ob\u011btn\u00edch ber\u00e1nk\u016f. Stal se t\u00edm, proti komu je zh\u0159e\u0161eno, aby odhalil skrytou podstatu hled\u00e1n\u00ed ob\u011btn\u00edch ber\u00e1nk\u016f, abychom vid\u011bli, jak moc se mohou m\u00fdlit i p\u0159em\u00fd\u0161liv\u00ed a dob\u0159e m\u00edn\u011bn\u00ed lid\u00e9.\u2014Richard Rohr<\/p>\n\n\n\n<h4 class=\"wp-block-heading\">\u00dater\u00fd<\/h4>\n\n\n\n<p>Mus\u00edme volat po stejn\u00e9m druhu obratu, jak\u00fd ud\u011blal Je\u017e\u00ed\u0161, a \u00fa\u010dastnit se ho. Mus\u00edme pozvednout chud\u00e9, utla\u010dovan\u00e9 a vyvrhele a svrhnout lidi, mocnosti a syst\u00e9my, kter\u00e9 vytv\u00e1\u0159ej\u00ed chudobu, kter\u00e9 marginalizuj\u00ed slab\u00e9 a kter\u00e9 ob\u011btn\u00edmi ber\u00e1nky obvi\u0148uj\u00ed outsidery.\u2014Jennifer Garcia Bashaw<\/p>\n\n\n\n<h4 class=\"wp-block-heading\">St\u0159eda<\/h4>\n\n\n\n<p>Kdy\u017e se otev\u0159eme p\u0159\u00e1telstv\u00ed s imigranty a podnikneme v\u011bdom\u00e9 kroky k vz\u00e1jemn\u00e9mu pozn\u00e1v\u00e1n\u00ed a pozn\u00e1v\u00e1n\u00ed, roz\u0161i\u0159ujeme okruh na\u0161ich cit\u016f. Imigranti najednou ji\u017e nejsou z\u00e1t\u011b\u017e\u00ed ani z\u00e1t\u011b\u017e\u00ed pro na\u0161i ekonomiku, ale Rut, Hagar nebo Josefem, kter\u00e9ho je t\u0159eba milovat.\u2014Karen Gonz\u00e1lez<\/p>\n\n\n\n<h4 class=\"wp-block-heading\">\u010ctvrtek<\/h4>\n\n\n\n<p>\u017divot napl\u0148uje, kdy\u017e se objev\u00edte, pln\u011b p\u0159\u00edtomni, kdy\u017e lid\u00e9 trp\u00ed a nesou b\u0159emena sv\u00fdch vlastn\u00edch k\u0159\u00ed\u017e\u016f. R\u00e9torick\u00e1 ot\u00e1zka \u201eByli jste tam?\u201c zna\u010d\u00ed skute\u010dn\u011b nal\u00e9havou ot\u00e1zku, zda budete p\u0159\u00edtomni pro ztracen\u00e9 a trp\u00edc\u00ed generace.\u2014Yolanda Pierce<\/p>\n\n\n\n<h4 class=\"wp-block-heading\">P\u00e1tek<\/h4>\n\n\n\n<p>P\u0159edstavte si sami sebe p\u0159ed uk\u0159i\u017eovan\u00fdm Je\u017e\u00ed\u0161em; uv\u011bdomte si, \u017ee se stal t\u00edm, \u010deho se boj\u00edte: nahotou, odhalen\u00edm, zranitelnost\u00ed a selh\u00e1n\u00edm. Stal se uk\u0159i\u017eovan\u00fdm, abychom p\u0159estali b\u00fdt uk\u0159i\u017eov\u00e1ni.\u2014Richard Rohr<\/p>\n\n\n\n<h1 class=\"wp-block-heading\">Tma p\u0159ed \u00fasvitem<\/h1>\n\n\n\n<h4 class=\"wp-block-heading\">Procvi\u010dov\u00e1n\u00ed t\u0159in\u00e1ct\u00e9ho t\u00fddne<\/h4>\n\n\n\n<p><em>Autorka Stephanie Duncan Smith nach\u00e1z\u00ed \u00fat\u011bchu ve B\u00edl\u00e9 sobot\u011b, kter\u00e1 potvrzuje, \u017ee \u010das mezi ztr\u00e1tou a nov\u00fdm \u017eivotem je svat\u00fd:<\/em><\/p>\n\n\n\n<h4 class=\"wp-block-heading\">Vzorec ritu\u00e1lu<\/h4>\n\n\n\n<p>Velikono\u010dn\u00ed p\u0159\u00edb\u011bh obsahuje smrt Velk\u00e9ho p\u00e1tku a ticho B\u00edl\u00e9 soboty, ne\u017e se prolom\u00ed do radosti vzk\u0159\u00ed\u0161en\u00ed Velikono\u010dn\u00ed ned\u011ble. Toto je vzorec, do kter\u00e9ho jsme byli pok\u0159t\u011bni, a neexistuje vypr\u00e1v\u011bn\u00ed liturgick\u00e9ho p\u0159\u00edb\u011bhu, kter\u00e9 by nezahrnovalo tento den brut\u00e1ln\u00edho mezi\u010dasu\u2026<\/p>\n\n\n\n<h4 class=\"wp-block-heading\">Bd\u011blost b\u00edl\u00e9 soboty<\/h4>\n\n\n\n<p>Lidsk\u00e9 srdce zn\u00e1 B\u00edlou sobotu, proto\u017ee lidsk\u00e9 srdce zn\u00e1 bd\u011blost \u2013 bd\u011bn\u00ed, kter\u00e9 nast\u00e1v\u00e1, kdy\u017e si t\u011blo nem\u016f\u017ee vybrat mezi nad\u011bj\u00ed a strachem. V\u00edme, co to znamen\u00e1 \u010dekat na hran\u011b, a\u017e se vztah naprav\u00ed, a\u017e se p\u0159\u00edr\u016fstek rozpadne, a\u017e se t\u011blo uzdrav\u00ed, a\u017e p\u0159ijde jasnost, a\u017e se d\u011bti bezpe\u010dn\u011b dostanou dom\u016f. V\u00edme, co to znamen\u00e1 cht\u00edt v na\u0161em \u010dek\u00e1n\u00ed, a stejn\u011b jako u\u010dedn\u00edci se div\u00edme, kam se B\u016fh pod\u011bl.<\/p>\n\n\n\n<p>Bd\u011blost znamen\u00e1 dr\u017eet v nap\u011bt\u00ed dva dramaticky odli\u0161n\u00e9 v\u00fdsledky \u2013 jeden ze \u017eivota a jeden ze smrti \u2013 s v\u011bdom\u00edm, \u017ee nem\u016f\u017eete nic ud\u011blat s t\u00edm, abyste ovlivnili, jak\u00fdm sm\u011brem se p\u0159\u00edb\u011bh vych\u00fdl\u00ed\u2026<\/p>\n\n\n\n<h4 class=\"wp-block-heading\">Jak jsi mohl?<\/h4>\n\n\n\n<p>R\u00e1no sv\u00edt\u00ed. Aleluja se n\u00e1m vr\u00e1t\u00ed, ale nenechte se m\u00fdlit: P\u0159\u00edtomn\u00fd okam\u017eik m\u016f\u017ee b\u00fdt pekelnou krajinou, posetou st\u0159epinami rozbit\u00fdch aleluj. Ale mo\u017en\u00e1 je to zvl\u00e1\u0161tn\u00ed dar B\u00edl\u00e9 soboty: Tato nejdel\u0161\u00ed noc se m\u016f\u017ee st\u00e1t m\u00edstem, kde na\u0161e rozbit\u00e9 nad\u011bje, v\u00fdk\u0159iky \u201ejak jsi mohl\u201c a spir\u00e1lovit\u011b se rozv\u00edjej\u00edc\u00ed strachy najdou up\u0159\u00edmn\u00fd domov. A navzdory ve\u0161ker\u00e9 na\u0161\u00ed vysok\u00e9 bd\u011blosti a zran\u011bn\u00e9mu \u010dek\u00e1n\u00ed si m\u016f\u017eeme vz\u00edt k srdci v\u011bdom\u00ed, \u017ee B\u016fh je s n\u00e1mi i v pekeln\u00e9 krajin\u011b&#8230;<\/p>\n\n\n\n<h4 class=\"wp-block-heading\">Temn\u00e1 noc<\/h4>\n\n\n\n<p>D\u016fle\u017eit\u00e1 je posloupnost p\u0159\u00edb\u011bhu: Ne\u017e se rozz\u00e1\u0159\u00ed sv\u011btlo, ne\u017e nastane nemo\u017en\u00e1 radost, \u017ee Je\u017e\u00ed\u0161 znovu \u017eije, B\u00edl\u00e1 sobota hl\u00e1s\u00e1, \u017ee jsme vid\u011bni v na\u0161\u00ed nejtemn\u011bj\u0161\u00ed noci. Stejn\u011b jako Velikonoce hl\u00e1saj\u00ed, \u017ee tam nikdy neuv\u00edzneme.<\/p>\n\n\n\n<h6 class=\"wp-block-heading\">Prameny:<\/h6>\n\n\n\n<p class=\"has-small-font-size\">Stephanie Duncan Smith,&nbsp;<em>Even After Everything: The Spiritual Practice of Knowing the Risks and Loving Anyway&nbsp;<\/em>(Convergent Books, 2024)<em>,&nbsp;<\/em>98, 99\u2013100.<\/p>\n\n\n\n<p class=\"has-small-font-size\"><strong>Image credit and inspiration<\/strong>: Vaishak Pilai,&nbsp;<em>untitled&nbsp;<\/em>(detail), 2020, photo, India,&nbsp;<a href=\"https:\/\/email.cac.org\/t\/d-l-ghkuyty-dhujjlkyut-a\/\">Unsplash<\/a>.&nbsp;<a href=\"https:\/\/email.cac.org\/t\/d-l-ghkuyty-dhujjlkyut-f\/\">Click here to enlarge image<\/a>.&nbsp;<em>The crude cross etched into the wall becomes the mark of our human impulse to name a scapegoat, revealing how easily we point toward another what we cannot bear in ourselves.<\/em><\/p>\n","protected":false},"excerpt":{"rendered":"<p>dar B\u00edl\u00e9 soboty: Tato nejdel\u0161\u00ed noc se m\u016f\u017ee st\u00e1t m\u00edstem, kde na\u0161e rozbit\u00e9 nad\u011bje, v\u00fdk\u0159iky \u201ejak jsi mohl\u201c a spir\u00e1lovit\u011b se rozv\u00edjej\u00edc\u00ed strachy najdou up\u0159\u00edmn\u00fd domov. A navzdory ve\u0161ker\u00e9 na\u0161\u00ed vysok\u00e9 bd\u011blosti a zran\u011bn\u00e9mu \u010dek\u00e1n\u00ed si m\u016f\u017eeme vz\u00edt k srdci v\u011bdom\u00ed, \u017ee B\u016fh je s n\u00e1mi i v pekeln\u00e9 krajin\u011b&#8230;(Stephanie Duncan Smith)<\/p>\n","protected":false},"author":1,"featured_media":14229,"comment_status":"open","ping_status":"open","sticky":false,"template":"","format":"standard","meta":{"footnotes":""},"categories":[198],"tags":[2590,2154],"class_list":["post-14244","post","type-post","status-publish","format-standard","has-post-thumbnail","hentry","category-richard-rohr-ofm-centrum-pro-zivot-a-rozjimani","tag-bdeni","tag-bila-sobota","latest_post"],"_links":{"self":[{"href":"https:\/\/www.frantiskani.cz\/index.php\/wp-json\/wp\/v2\/posts\/14244","targetHints":{"allow":["GET"]}}],"collection":[{"href":"https:\/\/www.frantiskani.cz\/index.php\/wp-json\/wp\/v2\/posts"}],"about":[{"href":"https:\/\/www.frantiskani.cz\/index.php\/wp-json\/wp\/v2\/types\/post"}],"author":[{"embeddable":true,"href":"https:\/\/www.frantiskani.cz\/index.php\/wp-json\/wp\/v2\/users\/1"}],"replies":[{"embeddable":true,"href":"https:\/\/www.frantiskani.cz\/index.php\/wp-json\/wp\/v2\/comments?post=14244"}],"version-history":[{"count":1,"href":"https:\/\/www.frantiskani.cz\/index.php\/wp-json\/wp\/v2\/posts\/14244\/revisions"}],"predecessor-version":[{"id":14245,"href":"https:\/\/www.frantiskani.cz\/index.php\/wp-json\/wp\/v2\/posts\/14244\/revisions\/14245"}],"wp:featuredmedia":[{"embeddable":true,"href":"https:\/\/www.frantiskani.cz\/index.php\/wp-json\/wp\/v2\/media\/14229"}],"wp:attachment":[{"href":"https:\/\/www.frantiskani.cz\/index.php\/wp-json\/wp\/v2\/media?parent=14244"}],"wp:term":[{"taxonomy":"category","embeddable":true,"href":"https:\/\/www.frantiskani.cz\/index.php\/wp-json\/wp\/v2\/categories?post=14244"},{"taxonomy":"post_tag","embeddable":true,"href":"https:\/\/www.frantiskani.cz\/index.php\/wp-json\/wp\/v2\/tags?post=14244"}],"curies":[{"name":"wp","href":"https:\/\/api.w.org\/{rel}","templated":true}]}}