{"id":14353,"date":"2026-04-26T20:20:00","date_gmt":"2026-04-26T18:20:00","guid":{"rendered":"https:\/\/www.frantiskani.cz\/?p=14353"},"modified":"2026-04-26T20:24:33","modified_gmt":"2026-04-26T18:24:33","slug":"duverujte-bohu","status":"publish","type":"post","link":"https:\/\/www.frantiskani.cz\/index.php\/2026\/04\/26\/duverujte-bohu\/","title":{"rendered":"D\u016fv\u011b\u0159ujte Bohu"},"content":{"rendered":"\n<p class=\"has-small-font-size\">Nebojte se&nbsp;&#8211; Ned\u011ble 26. dubna 2026<\/p>\n\n\n\n<p>Je\u017e\u00ed\u0161 \u0159ekl sv\u00fdm u\u010dedn\u00edk\u016fm: \u201cNenechte sv\u00e1 srdce znepokojovat. M\u011bjte v\u00edru v Boha. M\u011bj v\u00edru i ve m\u011b.\u201d\u2014John 14:1<\/p>\n\n\n\n<p><em>Otec Richard Rohr uva\u017euje o vztahu mezi \u00fazkost\u00ed, strachem a v\u00edrou:<\/em><\/p>\n\n\n\n<h4 class=\"wp-block-heading\">Trocha \u00fazkosti je ve sv\u011bt\u011b u\u017eite\u010dn\u00e1<\/h4>\n\n\n\n<p>Na\u0161e doba byla naz\u00fdv\u00e1na v\u011bkem \u00fazkosti a mysl\u00edm, \u017ee je to pravd\u011bpodobn\u011b dobr\u00fd popis. U\u017e nev\u00edme, co a kde jsou na\u0161e z\u00e1klady. Kdy\u017e si nejsme jisti, co je jist\u00e9, kdy\u017e se sv\u011bt a n\u00e1\u0161 pohled na sv\u011bt ka\u017ed\u00fdch p\u00e1r m\u011bs\u00edc\u016f znovu definuj\u00ed, budeme nerv\u00f3zn\u00ed. Je pochopiteln\u00e9, \u017ee se chceme t\u00e9 \u00fazkosti zbavit co nejrychleji.\u202fV\u00edm, \u017ee ano.\u202fP\u0159esto, abychom byli dobr\u00fdm v\u016fdcem \u010dehokoli dne\u0161n\u00edho, dobr\u00fdm pastorem, mana\u017eerem, rodi\u010dem, u\u010ditelem nebo dokonce dobr\u00fdm ob\u010danem, mus\u00edme b\u00fdt schopni udr\u017eet a trp\u011bliv\u011b dr\u017eet ur\u010ditou m\u00edru \u00fazkosti a strachu. V\u011bt\u0161\u00ed \u00farovn\u011b veden\u00ed vy\u017eaduj\u00ed v\u016fdce, kte\u0159\u00ed jsou schopni udr\u017eet v\u011bt\u0161\u00ed \u00fazkost. L\u00edd\u0159i, kte\u0159\u00ed nedok\u00e1\u017eou udr\u017eet \u00fazkost, n\u00e1s nikdy nepovedou na \u017e\u00e1dn\u00e9 dobr\u00e9 nebo nov\u00e9 m\u00edsto.<\/p>\n\n\n\n<h4 class=\"wp-block-heading\">Negativn\u00ed identita<\/h4>\n\n\n\n<p>To je pravd\u011bpodobn\u011b d\u016fvod, pro\u010d Bible \u0159\u00edk\u00e1 \u201cNebojte se\u201d t\u00e9m\u011b\u0159 150kr\u00e1t! Pokud nedok\u00e1\u017eeme v klidu udr\u017eet ur\u010ditou m\u00edru strachu a \u00fazkosti, v\u017edy budeme hledat m\u00edsto, kde bychom ji mohli vypudit. Vylou\u010den\u00ed toho, co nem\u016f\u017eeme p\u0159ijmout, n\u00e1m d\u00e1v\u00e1 identitu, ale je to negativn\u00ed identita. Nen\u00ed to \u017eivotn\u00ed energie, je to energie smrti.<\/p>\n\n\n\n<h4 class=\"wp-block-heading\">\u202fRozd\u00edl mezi v\u00edrou a d\u016fv\u011brou<\/h4>\n\n\n\n<p>Dok\u00e1\u017eeme rozpoznat, jak odli\u0161n\u00e1 je alternativa v\u00edry a d\u016fv\u011bry? V\u00edra m\u016f\u017ee stav\u011bt pouze na zcela pozitivn\u00edm m\u00edst\u011b uvnit\u0159, jakkoli mal\u00e9m. B\u016fh jen pot\u0159ebuje pro za\u010d\u00e1tek interi\u00e9r \u201cAno\u201d, m\u00edsto o velikosti ho\u0159\u010di\u010dn\u00e9ho semene&nbsp;<em>d\u016fv\u011bra<\/em>\u2014nen\u00ed strach\u2014, je mu otev\u0159ena milost.\u202f [1]<\/p>\n\n\n\n<h4 class=\"wp-block-heading\">Bohu lze skrze Je\u017e\u00ed\u0161e d\u016fv\u011b\u0159ovat<\/h4>\n\n\n\n<p>Dalo by se shrnout dle Bible, \u017ee na\u0161e \u017eivoty jsou souhrnem strachu a v\u00edry. Obecn\u011b plat\u00ed, \u017ee lid\u00e9 jsou posedl\u00ed a p\u0159emo\u017eeni r\u016fzn\u00fdmi strachy; boj\u00ed se toho, co nemohou ovl\u00e1dat. B\u016fh pat\u0159\u00ed k na\u0161im prim\u00e1rn\u00edm strach\u016fm, proto\u017ee B\u016fh je zcela mimo n\u00e1s a zcela mimo na\u0161i kontrolu. Dobr\u00e1 zpr\u00e1va je, \u017ee B\u016fh naru\u0161il n\u00e1\u0161 strach a stal se jedn\u00edm z n\u00e1s v Je\u017e\u00ed\u0161i. Skrze Je\u017e\u00ed\u0161e B\u016fh ve skute\u010dnosti \u0159\u00edk\u00e1: \u201cM\u016f\u017eete se p\u0159estat b\u00e1t. To je v po\u0159\u00e1dku. Nemus\u00ed\u0161 \u017e\u00edt ve neust\u00e1l\u00e9m strachu ze m\u011b.\u201d<\/p>\n\n\n\n<h4 class=\"wp-block-heading\">Marie poc\u00edtila Bo\u017e\u00ed p\u0159\u00edtomnost a p\u0159estala m\u00edt strach<\/h4>\n\n\n\n<p>\u00davodn\u00ed kapitola Luk\u00e1\u0161ova evangelia p\u0159edstavuje Marii jako archetyp\u00e1ln\u00ed k\u0159es\u0165anku, proto\u017ee B\u016fh vstupuje do jej\u00edho \u017eivota a hl\u00e1s\u00e1 bo\u017eskou p\u0159\u00edtomnost v n\u00ed a okam\u017eit\u011b j\u00ed prost\u0159ednictv\u00edm and\u011bla \u0159\u00edk\u00e1: \u201cNeboj se\u201d (Luk\u00e1\u0161 1:30). Skrze t\u00e9ho\u017e bo\u017esk\u00e9ho Ducha p\u0159ich\u00e1z\u00ed B\u016fh do na\u0161ich \u017eivot\u016f a oznamuje bo\u017eskou p\u0159\u00edtomnost v ka\u017ed\u00e9m z n\u00e1s. V\u0161e, o co jsme po\u017e\u00e1d\u00e1ni, je b\u00fdt p\u0159\u00edtomni a otev\u0159en\u00ed. Teprve pot\u00e9, co B\u016fh povol\u00e1v\u00e1 Marii a zbavuje j\u00ed strachu, d\u00e1v\u00e1 B\u016fh poselstv\u00ed o jej\u00edm povol\u00e1n\u00ed.&nbsp;<\/p>\n\n\n\n<h4 class=\"wp-block-heading\">Marie za\u010dala Bohu d\u016fv\u011b\u0159ovat<\/h4>\n\n\n\n<p>Strach n\u00e1m m\u016f\u017ee zabr\u00e1nit sly\u0161et, co se skute\u010dn\u011b \u0159\u00edk\u00e1. Mariina spiritualita je zam\u011b\u0159ena na d\u016fv\u011bru. \u0158ekla: \u201cA\u0165 se to, co jsi \u0159ekl, se mi stane\u201d (Luk\u00e1\u0161 1:38). Nesna\u017e\u00ed se to vysv\u011btlit nebo pochopit. Jen \u0159\u00edk\u00e1: \u201cV\u011b\u0159\u00edm ti, Bo\u017ee. D\u011blej se mnou, co chce\u0161. Nech to b\u00fdt.\u201d [2]<\/p>\n\n\n\n<h6 class=\"wp-block-heading\">Prameny:<\/h6>\n\n\n\n<p>[1] Adapted from Richard Rohr<em>, <a href=\"https:\/\/email.cac.org\/t\/d-l-gkhout-tlkrhyidn-p\/\">The Wisdom Pattern: Order, Disorder, Reorder<\/a><\/em> (Franciscan Media, 2020), 32\u201333.<\/p>\n\n\n\n<p>[2] Adapted from Richard Rohr, <em><a href=\"https:\/\/email.cac.org\/t\/d-l-gkhout-tlkrhyidn-x\/\">The Good News According to Luke: Spiritual Reflections<\/a><\/em> (Crossroad Publishing, 1997), 66, 69.<\/p>\n\n\n\n<p><strong>Image credit and inspiration<\/strong>: Pao Dayag, <em>untitled <\/em>(detail), 2021, photo, <a href=\"https:\/\/email.cac.org\/t\/d-l-gkhout-tlkrhyidn-m\/\">Unsplash<\/a>. <a href=\"https:\/\/email.cac.org\/t\/d-l-gkhout-tlkrhyidn-c\/\">Click here to enlarge image<\/a>. <em>Like a seedling rising out of the earth, we unfold into the brightness of day, knowing that God is a source of protection and life.<\/em><\/p>\n","protected":false},"excerpt":{"rendered":"<p>Dalo by se shrnout dle Bible, \u017ee na\u0161e \u017eivoty jsou souhrnem strachu a v\u00edry&#8230;\u00davodn\u00ed kapitola Luk\u00e1\u0161ova evangelia p\u0159edstavuje Marii jako archetyp\u00e1ln\u00ed k\u0159es\u0165anku, proto\u017ee B\u016fh vstupuje do jej\u00edho \u017eivota a hl\u00e1s\u00e1 bo\u017eskou p\u0159\u00edtomnost v n\u00ed a okam\u017eit\u011b j\u00ed prost\u0159ednictv\u00edm and\u011bla \u0159\u00edk\u00e1: \u201cNeboj se\u201d (Luk\u00e1\u0161 1:30). Skrze t\u00e9ho\u017e bo\u017esk\u00e9ho Ducha p\u0159ich\u00e1z\u00ed B\u016fh do na\u0161ich \u017eivot\u016f a oznamuje bo\u017eskou p\u0159\u00edtomnost v ka\u017ed\u00e9m z n\u00e1s. V\u0161e, o co jsme po\u017e\u00e1d\u00e1ni, je b\u00fdt p\u0159\u00edtomni a otev\u0159en\u00ed. (R.Rohr)<\/p>\n","protected":false},"author":1,"featured_media":14354,"comment_status":"open","ping_status":"open","sticky":false,"template":"","format":"standard","meta":{"footnotes":""},"categories":[198],"tags":[561,407,402],"class_list":["post-14353","post","type-post","status-publish","format-standard","has-post-thumbnail","hentry","category-richard-rohr-ofm-centrum-pro-zivot-a-rozjimani","tag-duvera","tag-nebojte-se","tag-strach","latest_post"],"_links":{"self":[{"href":"https:\/\/www.frantiskani.cz\/index.php\/wp-json\/wp\/v2\/posts\/14353","targetHints":{"allow":["GET"]}}],"collection":[{"href":"https:\/\/www.frantiskani.cz\/index.php\/wp-json\/wp\/v2\/posts"}],"about":[{"href":"https:\/\/www.frantiskani.cz\/index.php\/wp-json\/wp\/v2\/types\/post"}],"author":[{"embeddable":true,"href":"https:\/\/www.frantiskani.cz\/index.php\/wp-json\/wp\/v2\/users\/1"}],"replies":[{"embeddable":true,"href":"https:\/\/www.frantiskani.cz\/index.php\/wp-json\/wp\/v2\/comments?post=14353"}],"version-history":[{"count":2,"href":"https:\/\/www.frantiskani.cz\/index.php\/wp-json\/wp\/v2\/posts\/14353\/revisions"}],"predecessor-version":[{"id":14356,"href":"https:\/\/www.frantiskani.cz\/index.php\/wp-json\/wp\/v2\/posts\/14353\/revisions\/14356"}],"wp:featuredmedia":[{"embeddable":true,"href":"https:\/\/www.frantiskani.cz\/index.php\/wp-json\/wp\/v2\/media\/14354"}],"wp:attachment":[{"href":"https:\/\/www.frantiskani.cz\/index.php\/wp-json\/wp\/v2\/media?parent=14353"}],"wp:term":[{"taxonomy":"category","embeddable":true,"href":"https:\/\/www.frantiskani.cz\/index.php\/wp-json\/wp\/v2\/categories?post=14353"},{"taxonomy":"post_tag","embeddable":true,"href":"https:\/\/www.frantiskani.cz\/index.php\/wp-json\/wp\/v2\/tags?post=14353"}],"curies":[{"name":"wp","href":"https:\/\/api.w.org\/{rel}","templated":true}]}}