{"id":14357,"date":"2026-04-27T08:19:15","date_gmt":"2026-04-27T06:19:15","guid":{"rendered":"https:\/\/www.frantiskani.cz\/?p=14357"},"modified":"2026-04-27T08:19:17","modified_gmt":"2026-04-27T06:19:17","slug":"uklidneni-nasich-obav","status":"publish","type":"post","link":"https:\/\/www.frantiskani.cz\/index.php\/2026\/04\/27\/uklidneni-nasich-obav\/","title":{"rendered":"Uklidn\u011bn\u00ed na\u0161ich obav"},"content":{"rendered":"\n<p class=\"has-small-font-size\">Nebojte se &#8211; Pond\u011bl\u00ed 27. dubna 2026<\/p>\n\n\n\n<p><em>Otec Richard odpov\u00edd\u00e1 na ot\u00e1zku: \u201ePro\u010d se Je\u017e\u00ed\u0161 neb\u00e1l?\u201c:<\/em><\/p>\n\n\n\n<h4 class=\"wp-block-heading\">Je\u017e\u00ed\u0161 v\u011bd\u011bl, \u017ee se ned\u00e1 stav\u011bt na strachu<\/h4>\n\n\n\n<p>Je\u017e\u00ed\u0161 jako by od \u00fatl\u00e9ho v\u011bku v\u011bd\u011bl, \u017ee nem\u016f\u017eeme stav\u011bt na strachu. M\u016f\u017eeme stav\u011bt pouze na \u017eivot\u011b; pouze \u017eivot vede k \u017eivotu. Je\u017e\u00ed\u0161 \u0161el k nejhlub\u0161\u00edmu zdroji \u017eivota. Dlouho a up\u0159en\u011b hled\u011bl do Bo\u017e\u00edch o\u010d\u00ed; tam n\u011bjak\u00fdm zp\u016fsobem, ale s nejv\u011bt\u0161\u00ed jistotou, p\u0159ekonal strach. Nena\u0161el uji\u0161t\u011bn\u00ed, \u017ee \u201evyhraje\u201c, proto\u017ee lidsky \u0159e\u010deno, nezv\u00edt\u011bzil. A nev\u011b\u0159\u00edm, \u017ee na\u0161el uji\u0161t\u011bn\u00ed ani v tom, \u017ee m\u011bl pravdu, i kdy\u017e m\u00e1me tendenci si myslet, \u017ee v\u011bd\u011bl v\u0161echno.<\/p>\n\n\n\n<h4 class=\"wp-block-heading\">D\u016fv\u011b\u0159oval Bohu<\/h4>\n\n\n\n<p>Jeho jedin\u00fdm uji\u0161t\u011bn\u00edm bylo v\u011bdom\u00ed, \u017ee mluvil pouze to, co sly\u0161el poprv\u00e9 (viz Jan 8:28). P\u0159edal vid\u011bn\u00ed, kter\u00e9 vid\u011bl v Bo\u017e\u00edch o\u010d\u00edch: l\u00e1sku, kter\u00e1 p\u0159ekon\u00e1v\u00e1 strach a nab\u00edz\u00ed stra\u0161livou, \u00fa\u017easnou odvahu, kter\u00e1 n\u00e1m umo\u017e\u0148uje uvolnit n\u00e1\u0161 \u017eivot, nechat ho padat a j\u00edt, kamkoli by mohl. Je\u017e\u00ed\u0161ova d\u016fv\u011bra nespo\u010d\u00edvala v sob\u011b sam\u00e9m, ale v tom, k\u00fdm v\u011bd\u011bl, \u017ee je p\u0159ed Bohem.<\/p>\n\n\n\n<h4 class=\"wp-block-heading\">Nebojte se, je uji\u0161t\u011bn\u00ed Star\u00e9ho Z\u00e1kona<\/h4>\n\n\n\n<p>Kdy\u017e Je\u017e\u00ed\u0161 k\u00e1\u017ee, \u0159\u00edk\u00e1 ostatn\u00edm to, co sly\u0161el poprv\u00e9: \u201eNebojte se.\u201c To se dob\u0159e nau\u010dil ze sv\u00e9 vlastn\u00ed tradice. Tato slova byla sd\u011blov\u00e1na znovu a znovu, skrze Boha, jin\u00e9 lidi a v modlitb\u011b: Abrahamovi a S\u00e1\u0159e B\u016fh \u0159ekl: \u201eNebojte se.\u201c Moj\u017e\u00ed\u0161ovi: \u201eNebojte se.\u201c Jozuovi a Gedeonovi: \u201eNebojte se.\u201c Samuelovi a Ann\u011b: \u201eNebojte se.\u201c Judit\u011b: \u201eNebojte se.\u201c Davidovi v modlitb\u00e1ch sv\u00e9ho srdce: \u201eNebojte se.\u201c<\/p>\n\n\n\n<h4 class=\"wp-block-heading\">Nebojte se, sd\u011blil and\u011bl Marii<\/h4>\n\n\n\n<p>Lidu Izraele, skrze proroky znovu a znovu a v ka\u017ed\u00e9m typu katastrof\u00e1ln\u00ed situace: \u201eNebojte se.\u201c Skrze Izaj\u00e1\u0161e: \u201eNebojte se.\u201c Josefovi, Je\u017e\u00ed\u0161ovu otci a man\u017eelovi Marie: \u201eNebojte se.\u201c A samoz\u0159ejm\u011b Marii, kter\u00e1 \u0159ekla ano, and\u011bl \u0159ekl: \u201eNeboj se, Marie.\u201c<\/p>\n\n\n\n<h4 class=\"wp-block-heading\">Boj\u00edme se sv\u011b\u0159it sv\u016fj \u017eivot Bohu?<\/h4>\n\n\n\n<p>Pro\u010d toto slovo st\u00e1le dokola? Proto\u017ee se boj\u00edme! Jsme zahaleni a n\u011bkdy dokonce uv\u011bzn\u011bni ve sv\u00e9m strachu. Chceme ho p\u0159ekonat, a p\u0159esto n\u00e1s n\u011bjak\u00fdm zp\u016fsobem ovl\u00e1d\u00e1. Boj\u00edme se toho, co nezn\u00e1me a \u010demu nerozum\u00edme. Boj\u00edme se, \u017ee to, \u010deho se boj\u00edme, n\u00e1s bude ovl\u00e1dat, zat\u00edmco my tou\u017e\u00edme ovl\u00e1dat sv\u00e9 vlastn\u00ed \u017eivoty.<\/p>\n\n\n\n<h4 class=\"wp-block-heading\">Pot\u0159ebujeme si kl\u00e1st ot\u00e1zky, odkud strach poch\u00e1z\u00ed<\/h4>\n\n\n\n<p>Hluboko uvnit\u0159 tou\u017e\u00edme po svobod\u011b, ale pokud se chceme strachu osvobodit, mus\u00edme b\u00fdt ochotni pohl\u00e9dnout do Bo\u017e\u00edch o\u010d\u00ed, jako to d\u011blal Je\u017e\u00ed\u0161. Mus\u00edme b\u00fdt ochotni kl\u00e1st stejn\u00e9 ot\u00e1zky, kter\u00e9 kladl Je\u017e\u00ed\u0161. Nen\u00ed d\u016fle\u017eit\u00e9, abychom dostali odpov\u011bdi. Nemysl\u00edm si, \u017ee Je\u017e\u00ed\u0161 dostal tolik odpov\u011bd\u00ed, ale mus\u00edme si kl\u00e1st spr\u00e1vn\u00e9 ot\u00e1zky: Po \u010dem tou\u017e\u00edme? Co se sna\u017e\u00edme chr\u00e1nit? \u010ceho se boj\u00edme, \u017ee n\u00e1s p\u0159em\u016f\u017ee a ovl\u00e1dne?<\/p>\n\n\n\n<p>Nem\u016f\u017eeme se strachu postavit \u010delem. Nem\u016f\u017eeme si prost\u011b \u0159\u00edct: \u201eNeboj se,\u201c proto\u017ee to nefunguje. Nen\u00ed to tak jednoduch\u00e9. Mus\u00edme j\u00edt hloub\u011bji, b\u00fdt zv\u011bdav\u00ed, odkud strach poch\u00e1z\u00ed, a d\u016fv\u011b\u0159ovat Bohu.<\/p>\n\n\n\n<h6 class=\"wp-block-heading\">Prameny:<\/h6>\n\n\n\n<p class=\"has-small-font-size\">Adapted from Richard Rohr, \u201cFaith or Fear?\u201d <em>The End Time: The Book of Revelation<\/em> (Credence Cassettes, 1987). Unavailable.<\/p>\n\n\n\n<p class=\"has-small-font-size\"><strong>Image credit and inspiration<\/strong>: Pao Dayag, <em>untitled <\/em>(detail), 2021, photo, <a href=\"https:\/\/email.cac.org\/t\/d-l-gkkljtl-dhujjlkyut-p\/\">Unsplash<\/a>. <a href=\"https:\/\/email.cac.org\/t\/d-l-gkkljtl-dhujjlkyut-x\/\">Click here to enlarge image<\/a>. <em>Like a seedling rising out of the earth, we unfold into the brightness of day, knowing that God is a source of protection and life.<\/em><\/p>\n","protected":false},"excerpt":{"rendered":"<p>Nem\u016f\u017eeme se strachu postavit \u010delem. Nem\u016f\u017eeme si prost\u011b \u0159\u00edct: \u201eNeboj se,\u201c proto\u017ee to nefunguje. Nen\u00ed to tak jednoduch\u00e9. Mus\u00edme j\u00edt hloub\u011bji, b\u00fdt zv\u011bdav\u00ed, odkud strach poch\u00e1z\u00ed, a d\u016fv\u011b\u0159ovat Bohu. (R.Rohr)<\/p>\n","protected":false},"author":1,"featured_media":14354,"comment_status":"open","ping_status":"open","sticky":false,"template":"","format":"standard","meta":{"footnotes":""},"categories":[6],"tags":[2614,2512,402],"class_list":["post-14357","post","type-post","status-publish","format-standard","has-post-thumbnail","hentry","category-frantiskanskarodina","tag-ceho-se-bojim","tag-duvera-v-boha","tag-strach","latest_post"],"_links":{"self":[{"href":"https:\/\/www.frantiskani.cz\/index.php\/wp-json\/wp\/v2\/posts\/14357","targetHints":{"allow":["GET"]}}],"collection":[{"href":"https:\/\/www.frantiskani.cz\/index.php\/wp-json\/wp\/v2\/posts"}],"about":[{"href":"https:\/\/www.frantiskani.cz\/index.php\/wp-json\/wp\/v2\/types\/post"}],"author":[{"embeddable":true,"href":"https:\/\/www.frantiskani.cz\/index.php\/wp-json\/wp\/v2\/users\/1"}],"replies":[{"embeddable":true,"href":"https:\/\/www.frantiskani.cz\/index.php\/wp-json\/wp\/v2\/comments?post=14357"}],"version-history":[{"count":1,"href":"https:\/\/www.frantiskani.cz\/index.php\/wp-json\/wp\/v2\/posts\/14357\/revisions"}],"predecessor-version":[{"id":14358,"href":"https:\/\/www.frantiskani.cz\/index.php\/wp-json\/wp\/v2\/posts\/14357\/revisions\/14358"}],"wp:featuredmedia":[{"embeddable":true,"href":"https:\/\/www.frantiskani.cz\/index.php\/wp-json\/wp\/v2\/media\/14354"}],"wp:attachment":[{"href":"https:\/\/www.frantiskani.cz\/index.php\/wp-json\/wp\/v2\/media?parent=14357"}],"wp:term":[{"taxonomy":"category","embeddable":true,"href":"https:\/\/www.frantiskani.cz\/index.php\/wp-json\/wp\/v2\/categories?post=14357"},{"taxonomy":"post_tag","embeddable":true,"href":"https:\/\/www.frantiskani.cz\/index.php\/wp-json\/wp\/v2\/tags?post=14357"}],"curies":[{"name":"wp","href":"https:\/\/api.w.org\/{rel}","templated":true}]}}