{"id":14406,"date":"2026-05-17T17:57:46","date_gmt":"2026-05-17T15:57:46","guid":{"rendered":"https:\/\/www.frantiskani.cz\/?p=14406"},"modified":"2026-05-17T17:57:46","modified_gmt":"2026-05-17T15:57:46","slug":"od-strachu-k-lasce","status":"publish","type":"post","link":"https:\/\/www.frantiskani.cz\/index.php\/2026\/05\/17\/od-strachu-k-lasce\/","title":{"rendered":"Od strachu k l\u00e1sce"},"content":{"rendered":"\n<h6 class=\"wp-block-heading\">Cvi\u010den\u00ed \u201ePr\u00e1v\u011b toto\u201c &#8211; Ned\u011ble 17. kv\u011btna 2026<\/h6>\n\n\n\n<p class=\"wp-block-paragraph\">Ve sv\u00e9 knize \u201ePr\u00e1v\u011b toto\u201c se otec Richard Rohr zam\u00fd\u0161l\u00ed nad t\u00edm, jak n\u00e1m kontemplativn\u00ed modlitba umo\u017e\u0148uje uvolnit sv\u00e9 my\u0161lenky a nal\u00e9zt hlub\u0161\u00ed moudrost a veden\u00ed:<\/p>\n\n\n\n<h4 class=\"wp-block-heading\">Pozitivn\u00ed vn\u00edm\u00e1n\u00ed<\/h4>\n\n\n\n<p class=\"wp-block-paragraph\">Kontemplace je panoramatick\u00e9, vn\u00edmav\u00e9 uv\u011bdom\u011bn\u00ed, p\u0159i kter\u00e9m p\u0159ij\u00edm\u00e1me v\u0161e, co n\u00e1m situace, okam\u017eik nebo osoba nab\u00edz\u00ed, ani\u017e bychom cokoli soudili, vylu\u010dovali nebo ozna\u010dovali. Je to \u010dist\u00e9 a pozitivn\u00ed vn\u00edm\u00e1n\u00ed, kter\u00e9 opou\u0161t\u00ed ve\u0161ker\u00fd negativn\u00ed odpor, abychom mohli za\u010d\u00edt rozpozn\u00e1vat p\u0159irozenou d\u016fstojnost. Vy\u017eaduje to hodn\u011b praxe a odnau\u010den\u00ed se zvyk\u016f.<\/p>\n\n\n\n<h4 class=\"wp-block-heading\">P\u0159evz\u00edt kontrolu nad opakuj\u00edc\u00edmi se vzorci<\/h4>\n\n\n\n<p class=\"wp-block-paragraph\">Mus\u00edme na kontemplaci pracovat a rozv\u00edjet praktiky, d\u00edky nim\u017e rozpozn\u00e1me sv\u00e9 nutkav\u00e9 a opakuj\u00edc\u00ed se vzorce. T\u00edm si dovol\u00edme osvobodit se od pot\u0159eby \u201ep\u0159evz\u00edt kontrolu nad situac\u00ed\u201c \u2013 jako bychom to v\u016fbec n\u011bkdy dok\u00e1zali!<\/p>\n\n\n\n<h4 class=\"wp-block-heading\">Zklidnit naprogramovanou mysl<\/h4>\n\n\n\n<p class=\"wp-block-paragraph\">Zd\u00e1 se, \u017ee jsme z\u00e1visl\u00ed na sv\u00e9 pot\u0159eb\u011b rozli\u0161ovat a soudit, co\u017e si myln\u011b zam\u011b\u0148ujeme za inteligentn\u00ed my\u0161len\u00ed. V\u011bt\u0161ina z n\u00e1s si mysl\u00ed, \u017ee jsme sv\u00fdm my\u0161len\u00edm, p\u0159itom t\u00e9m\u011b\u0159 ve\u0161ker\u00e9 my\u0161len\u00ed je nutkav\u00e9, opakuj\u00edc\u00ed se a n\u00e1vykov\u00e9. Neust\u00e1le p\u00ed\u0161eme sv\u00e9 vnit\u0159n\u00ed koment\u00e1\u0159e ke v\u0161emu, koment\u00e1\u0159e, kter\u00e9 v\u017edy dosp\u00edvaj\u00ed ke stejn\u00fdm za\u017eit\u00fdm z\u00e1v\u011br\u016fm. Proto v\u0161echny formy meditace a kontemplace u\u010d\u00ed zp\u016fsob, jak zklidnit tuto nutkav\u011b poh\u00e1n\u011bnou a nev\u011bdom\u011b naprogramovanou mysl.<\/p>\n\n\n\n<h4 class=\"wp-block-heading\">Nebojujeme, nepop\u00edr\u00e1me, nesoud\u00edme \u2013 prost\u011b jsme<\/h4>\n\n\n\n<p class=\"wp-block-paragraph\">Pou\u0161tn\u00ed otcov\u00e9 a matky tento proces moud\u0159e nazvali \u201ezbavov\u00e1n\u00edm se my\u0161lenek\u201c. Nebojujeme s nimi, nepotla\u010dujeme je, nepop\u00edr\u00e1me je, neztoto\u017e\u0148ujeme se s nimi ani je nesoud\u00edme; prost\u011b se jich zbavujeme. Jsme mnohem v\u00edc ne\u017e jen na\u0161e my\u0161lenky o v\u011bcech a budeme to vn\u00edmat sp\u00ed\u0161e jako odnau\u010dov\u00e1n\u00ed ne\u017e jako u\u010den\u00ed se n\u011b\u010demu nov\u00e9mu. [1]<\/p>\n\n\n\n<h4 class=\"wp-block-heading\">Opou\u0161t\u00edme sv\u00e9 fale\u0161n\u00e9 j\u00e1<\/h4>\n\n\n\n<p class=\"wp-block-paragraph\">Kdy\u017e meditujeme pravideln\u011b, pocit na\u0161\u00ed autonomie a soukrom\u00e9 d\u016fle\u017eitosti \u2013 to, co pova\u017eujeme za sv\u00e9 \u201ej\u00e1\u201c \u2013 postupn\u011b miz\u00ed jako n\u011bco zbyte\u010dn\u00e9ho, ned\u016fle\u017eit\u00e9ho a v mnoha p\u0159\u00edpadech dokonce neu\u017eite\u010dn\u00e9ho. Imperi\u00e1ln\u00ed \u201ej\u00e1\u201c, to j\u00e1, kter\u00e9 pravd\u011bpodobn\u011b vn\u00edm\u00e1me jako sv\u00e9 jedin\u00e9 j\u00e1, se ukazuje b\u00fdt z velk\u00e9 \u010d\u00e1sti v\u00fdtvorem na\u0161\u00ed mysli.<\/p>\n\n\n\n<h4 class=\"wp-block-heading\">P\u0159irozen\u00e1 pokora n\u00e1s chr\u00e1n\u00ed p\u0159ed smy\u0161lenou identitou<\/h4>\n\n\n\n<p class=\"wp-block-paragraph\">Pravidelnou prax\u00ed kontemplace se st\u00e1le m\u00e9n\u011b zaj\u00edm\u00e1me o ochranu t\u00e9to vlastn\u00ed, relativn\u00ed identity. Nemus\u00edme na ni \u00fato\u010dit; klidn\u011b odpad\u00e1v\u00e1 sama od sebe a my pro\u017e\u00edv\u00e1me jakousi p\u0159irozenou pokoru.<\/p>\n\n\n\n<h6 class=\"wp-block-heading\">Prameny:<\/h6>\n\n\n\n<p class=\"has-small-font-size wp-block-paragraph\">[1] Adapted from Richard Rohr, <em><a href=\"https:\/\/email.cac.org\/t\/d-l-gutptk-tlkrhyidn-p\/\">Just This<\/a> <\/em>(CAC Publishing, 2017), 60\u201361.<\/p>\n\n\n\n<p class=\"has-small-font-size wp-block-paragraph\">[2] Rohr, <em><a href=\"https:\/\/email.cac.org\/t\/d-l-gutptk-tlkrhyidn-x\/\">Just This<\/a><\/em>, 66\u201367.<\/p>\n\n\n\n<p class=\"has-small-font-size wp-block-paragraph\"><strong>Image Credit and inspiration: <\/strong>Patrick Hendry, <em>untitled <\/em>(detail), 2015, photo, <a href=\"https:\/\/email.cac.org\/t\/d-l-gutptk-tlkrhyidn-m\/\">Unsplash<\/a>. <a href=\"https:\/\/email.cac.org\/t\/d-l-gutptk-tlkrhyidn-c\/\">Click here to enlarge image<\/a>. <em>A person stands in a contemplative &#8222;just this&#8220; moment with the night sky.<\/em><\/p>\n","protected":false},"excerpt":{"rendered":"<p>Kdy\u017e meditujeme pravideln\u011b, pocit na\u0161\u00ed autonomie a soukrom\u00e9 d\u016fle\u017eitosti \u2013 to, co pova\u017eujeme za sv\u00e9 \u201ej\u00e1\u201c \u2013 postupn\u011b miz\u00ed jako n\u011bco zbyte\u010dn\u00e9ho, ned\u016fle\u017eit\u00e9ho a v mnoha p\u0159\u00edpadech dokonce neu\u017eite\u010dn\u00e9ho. Imperi\u00e1ln\u00ed \u201ej\u00e1\u201c, to j\u00e1, kter\u00e9 pravd\u011bpodobn\u011b vn\u00edm\u00e1me jako sv\u00e9 jedin\u00e9 j\u00e1, se ukazuje b\u00fdt z velk\u00e9 \u010d\u00e1sti v\u00fdtvorem na\u0161\u00ed mysli. R. Rohr<\/p>\n","protected":false},"author":1,"featured_media":14407,"comment_status":"open","ping_status":"open","sticky":false,"template":"","format":"standard","meta":{"footnotes":""},"categories":[198],"tags":[257,401,2629],"class_list":["post-14406","post","type-post","status-publish","format-standard","has-post-thumbnail","hentry","category-richard-rohr-ofm-centrum-pro-zivot-a-rozjimani","tag-identita","tag-kontemplace","tag-vzorce-v-mysli","latest_post"],"_links":{"self":[{"href":"https:\/\/www.frantiskani.cz\/index.php\/wp-json\/wp\/v2\/posts\/14406","targetHints":{"allow":["GET"]}}],"collection":[{"href":"https:\/\/www.frantiskani.cz\/index.php\/wp-json\/wp\/v2\/posts"}],"about":[{"href":"https:\/\/www.frantiskani.cz\/index.php\/wp-json\/wp\/v2\/types\/post"}],"author":[{"embeddable":true,"href":"https:\/\/www.frantiskani.cz\/index.php\/wp-json\/wp\/v2\/users\/1"}],"replies":[{"embeddable":true,"href":"https:\/\/www.frantiskani.cz\/index.php\/wp-json\/wp\/v2\/comments?post=14406"}],"version-history":[{"count":1,"href":"https:\/\/www.frantiskani.cz\/index.php\/wp-json\/wp\/v2\/posts\/14406\/revisions"}],"predecessor-version":[{"id":14408,"href":"https:\/\/www.frantiskani.cz\/index.php\/wp-json\/wp\/v2\/posts\/14406\/revisions\/14408"}],"wp:featuredmedia":[{"embeddable":true,"href":"https:\/\/www.frantiskani.cz\/index.php\/wp-json\/wp\/v2\/media\/14407"}],"wp:attachment":[{"href":"https:\/\/www.frantiskani.cz\/index.php\/wp-json\/wp\/v2\/media?parent=14406"}],"wp:term":[{"taxonomy":"category","embeddable":true,"href":"https:\/\/www.frantiskani.cz\/index.php\/wp-json\/wp\/v2\/categories?post=14406"},{"taxonomy":"post_tag","embeddable":true,"href":"https:\/\/www.frantiskani.cz\/index.php\/wp-json\/wp\/v2\/tags?post=14406"}],"curies":[{"name":"wp","href":"https:\/\/api.w.org\/{rel}","templated":true}]}}