{"id":14559,"date":"2026-07-16T09:19:55","date_gmt":"2026-07-16T07:19:55","guid":{"rendered":"https:\/\/www.frantiskani.cz\/?p=14559"},"modified":"2026-07-16T09:19:56","modified_gmt":"2026-07-16T07:19:56","slug":"radovat-se-z-pronasledovani","status":"publish","type":"post","link":"https:\/\/www.frantiskani.cz\/index.php\/2026\/07\/16\/radovat-se-z-pronasledovani\/","title":{"rendered":"Radovat se z pron\u00e1sledov\u00e1n\u00ed?"},"content":{"rendered":"\n<h6 class=\"wp-block-heading\">Blahoslavenstv\u00ed: Druh\u00fd t\u00fdden &#8211; \u010ctvrtek, 16. \u010dervence 2026<\/h6>\n\n\n\n<p class=\"wp-block-paragraph\">Blahoslaven\u00ed jsou ti, kdo jsou pron\u00e1sledov\u00e1ni pro spravedlnost, nebo\u0165 jejich je kr\u00e1lovstv\u00ed nebesk\u00e9. Blahoslaven\u00ed jste, kdy\u017e v\u00e1s lid\u00e9 hanob\u00ed a pron\u00e1sleduj\u00ed\u2026 Radujte se a veselte se, nebo\u0165 va\u0161e odm\u011bna v nebi je velik\u00e1.\u2014Matou\u0161 5,10\u201312<\/p>\n\n\n\n<p class=\"wp-block-paragraph\"><em>Otec Richard uva\u017euje o tom, jak toto blahoslavenstv\u00ed vyb\u00edz\u00ed Je\u017e\u00ed\u0161ovy poslucha\u010de, aby se p\u0159ipravili na d\u016fsledky n\u00e1sledov\u00e1n\u00ed Je\u017e\u00ed\u0161e:<\/em><\/p>\n\n\n\n<h4 class=\"wp-block-heading\">\u0160\u0165astn\u00ed i v protivenstv\u00ed<\/h4>\n\n\n\n<p class=\"wp-block-paragraph\">Dosud Je\u017e\u00ed\u0161 mluvil obecn\u011b a \u0159\u00edkal: \u201eBlahoslaven\u00ed chud\u00ed, pokorn\u00ed, milosrdn\u00ed\u201c a tak d\u00e1le. Ale po tomto blahoslavenstv\u00ed \u0159\u00edk\u00e1: \u201eBlahoslaven\u00ed jste, kdy\u017e v\u00e1s lid\u00e9 hanob\u00ed a pron\u00e1sleduj\u00ed.\u201c Pravd\u011bpodobn\u011b mluv\u00ed o tom, co se odehr\u00e1v\u00e1 p\u0159\u00edmo p\u0159ed jeho o\u010dima. Pokra\u010duje v u\u010den\u00ed, kter\u00e9 by se dalo nazvat dev\u00e1t\u00fdm blahoslavenstv\u00edm, a\u010dkoli jde sp\u00ed\u0161e o vysv\u011btlen\u00ed toho osm\u00e9ho. V\u011b\u0159\u00edc\u00ed spole\u010denstv\u00ed za\u010dalo \u010delit pron\u00e1sledov\u00e1n\u00ed a on je povzbuzuje, aby se \u201eradovali a veselili se\u201c. Pron\u00e1sledov\u00e1n\u00ed kv\u016fli spravedlnosti je nevyhnuteln\u00e9. M\u00edsto toho, aby se sna\u017eil n\u011bkoho obvi\u0148ovat za jejich zaslou\u017een\u00e9 jizvy, sd\u011bluje jim dv\u011b jasn\u00e9 v\u011bci: M\u016f\u017eete b\u00fdt \u0161\u0165astn\u00ed \u2013 a m\u016f\u017eete b\u00fdt \u0161\u0165astn\u00ed u\u017e te\u010f! To \u201ej\u00e1\u201c, o kter\u00e9m Je\u017e\u00ed\u0161 hovo\u0159\u00ed, je tak pevn\u011b zakotveno, \u017ee dok\u00e1\u017ee pova\u017eovat pron\u00e1sledov\u00e1n\u00ed za p\u0159\u00ednos.<\/p>\n\n\n\n<h4 class=\"wp-block-heading\">Reakce na protivenstv\u00ed je prorock\u00fd \u010din<\/h4>\n\n\n\n<p class=\"wp-block-paragraph\">Je\u017e\u00ed\u0161 jako by \u0159\u00edkal, \u017ee samotn\u00e1 reakce u\u010dedn\u00edk\u016f je prorock\u00fdm \u010dinem. \u017d\u00edt radostn\u011b uprost\u0159ed neporozum\u011bn\u00ed a pron\u00e1sledov\u00e1n\u00ed ukazuje za hranice na\u0161ich mal\u00fdch \u201ekr\u00e1lovstv\u00ed\u201c k v\u011bt\u0161\u00edmu Bo\u017e\u00edmu kr\u00e1lovstv\u00ed. Je\u017e\u00ed\u0161 n\u00e1m slibuje, \u017ee kdy\u017e budeme \u017e\u00edt radostn\u011b uprost\u0159ed pron\u00e1sledov\u00e1n\u00ed, sv\u011bt tomu nebude rozum\u011bt. Ve skute\u010dnosti n\u00e1s bude nen\u00e1vid\u011bt. Mnoz\u00ed p\u0159ede mnou ji\u017e \u0159ekli, \u017ee jasn\u00fdm znamen\u00edm toho, \u017ee n\u011bco je prav\u00e9 evangelium, je to, \u017ee vyvol\u00e1v\u00e1 kritiku a \u0161\u00ed\u0159en\u00ed l\u017e\u00ed, \u010demu\u017e jsme d\u0159\u00edve \u0159\u00edkali \u201epomluvy\u201c. Dobro nem\u016f\u017ee b\u00fdt nikdy napadeno p\u0159\u00edmo; mus\u00ed b\u00fdt zdiskreditov\u00e1ni poslov\u00e9 nebo jejich motivace.<\/p>\n\n\n\n<h4 class=\"wp-block-heading\">Konven\u010dn\u00ed hodnoty jsou naruby<\/h4>\n\n\n\n<p class=\"wp-block-paragraph\">Luk\u00e1\u0161ovo evangelium p\u0159edkl\u00e1d\u00e1 stejn\u00e9 poselstv\u00ed v opa\u010dn\u00e9 form\u011b: \u201eB\u011bda v\u00e1m, kdy\u017e o v\u00e1s sv\u011bt mluv\u00ed v dobr\u00e9m! Takto se chovali jejich p\u0159edkov\u00e9 k fale\u0161n\u00fdm prorok\u016fm\u201c (Luk\u00e1\u0161 6,26; zd\u016frazn\u011bn\u00ed p\u0159id\u00e1no). P\u0159\u00edli\u0161n\u00e1 chv\u00e1la nebo v\u0161eobecn\u00e9 p\u0159ijet\u00ed je pravd\u011bpodobn\u011b zn\u00e1mkou toho, \u017ee n\u011bco nen\u00ed \u00fapln\u00fdm evangeliem. V ka\u017ed\u00e9m p\u0159\u00edpad\u011b Je\u017e\u00ed\u0161 jasn\u011b v\u011bd\u011bl, \u017ee jeho u\u010den\u00ed p\u0159evr\u00e1t\u00ed konven\u010dn\u00ed hodnoty naruby.<\/p>\n\n\n\n<h4 class=\"wp-block-heading\">Pokoj v\u00edt\u011bz\u00ed nad neklidem<\/h4>\n\n\n\n<p class=\"wp-block-paragraph\">Je\u017e\u00ed\u0161ovo K\u00e1z\u00e1n\u00ed na ho\u0159e nen\u00ed o zachov\u00e1n\u00ed status quo. \u201eZl\u00ed\u201c lid\u00e9 Je\u017e\u00ed\u0161e nezabili; uk\u0159i\u017eovala ho konven\u010dn\u00ed moudrost. Je\u017e\u00ed\u0161 u\u010dil alternativn\u00edmu zp\u016fsobu \u017eivota nam\u00edsto zachov\u00e1n\u00ed spole\u010densk\u00e9ho \u0159\u00e1du. Kdy\u017e dok\u00e1\u017eeme plakat, kdy\u017e se dok\u00e1\u017eeme ztoto\u017enit s pokorn\u00fdmi, kdy\u017e dok\u00e1\u017eeme uzav\u00edrat m\u00edr, kdy\u017e dok\u00e1\u017eeme b\u00fdt pron\u00e1sledov\u00e1ni, a p\u0159esto z\u016fstat radostn\u00ed \u2013 pak to d\u011bl\u00e1me spr\u00e1vn\u011b. Blahoslavenstv\u00ed popisuj\u00ed, jak vypad\u00e1 svatost v Bo\u017e\u00edm kr\u00e1lovstv\u00ed.<\/p>\n\n\n\n<h6 class=\"wp-block-heading\">Prameny:<\/h6>\n\n\n\n<p class=\"has-small-font-size wp-block-paragraph\">[1] Adapted from Richard Rohr, <a href=\"https:\/\/email.cac.org\/t\/d-l-wntkul-dhujjlkyut-p\/\"><em><u>Jesus\u2019 Alternative Plan: The Sermon on the Mount<\/u><\/em><\/a> (Franciscan Media, 2022), 150\u2013151, 152.<\/p>\n\n\n\n<p class=\"has-small-font-size wp-block-paragraph\"><strong>Image credit and inspiration<\/strong>: Malek Larif, <em>untitled <\/em>(detail), 2019, photo, India, <a href=\"https:\/\/email.cac.org\/t\/d-l-wntkul-dhujjlkyut-x\/\">Unsplash<\/a>. <a href=\"https:\/\/email.cac.org\/t\/d-l-wntkul-dhujjlkyut-m\/\">Click here to enlarge image<\/a>. <em>Like a raindrop poised on a leaf, the Beatitudes provide a drop-by-drop prescription to counter-culturally create the kin-dom of God<\/em>.<\/p>\n","protected":false},"excerpt":{"rendered":"<p>Je\u017e\u00ed\u0161ovo K\u00e1z\u00e1n\u00ed na ho\u0159e nen\u00ed o zachov\u00e1n\u00ed status quo. \u201eZl\u00ed\u201c lid\u00e9 Je\u017e\u00ed\u0161e nezabili; uk\u0159i\u017eovala ho konven\u010dn\u00ed moudrost. Je\u017e\u00ed\u0161 u\u010dil alternativn\u00edmu zp\u016fsobu \u017eivota nam\u00edsto zachov\u00e1n\u00ed spole\u010densk\u00e9ho \u0159\u00e1du. Kdy\u017e dok\u00e1\u017eeme plakat, kdy\u017e se dok\u00e1\u017eeme ztoto\u017enit s pokorn\u00fdmi, kdy\u017e dok\u00e1\u017eeme uzav\u00edrat m\u00edr, kdy\u017e dok\u00e1\u017eeme b\u00fdt pron\u00e1sledov\u00e1ni, a p\u0159esto z\u016fstat radostn\u00ed \u2013 pak to d\u011bl\u00e1me spr\u00e1vn\u011b. Blahoslavenstv\u00ed popisuj\u00ed, jak vypad\u00e1 svatost v Bo\u017e\u00edm kr\u00e1lovstv\u00ed. (R.Rohr)<\/p>\n","protected":false},"author":1,"featured_media":14550,"comment_status":"open","ping_status":"open","sticky":false,"template":"","format":"standard","meta":{"footnotes":""},"categories":[6],"tags":[2692,2691],"class_list":["post-14559","post","type-post","status-publish","format-standard","has-post-thumbnail","hentry","category-frantiskanskarodina","tag-blahoslavebstvi","tag-pronasledovani","latest_post"],"_links":{"self":[{"href":"https:\/\/www.frantiskani.cz\/index.php\/wp-json\/wp\/v2\/posts\/14559","targetHints":{"allow":["GET"]}}],"collection":[{"href":"https:\/\/www.frantiskani.cz\/index.php\/wp-json\/wp\/v2\/posts"}],"about":[{"href":"https:\/\/www.frantiskani.cz\/index.php\/wp-json\/wp\/v2\/types\/post"}],"author":[{"embeddable":true,"href":"https:\/\/www.frantiskani.cz\/index.php\/wp-json\/wp\/v2\/users\/1"}],"replies":[{"embeddable":true,"href":"https:\/\/www.frantiskani.cz\/index.php\/wp-json\/wp\/v2\/comments?post=14559"}],"version-history":[{"count":1,"href":"https:\/\/www.frantiskani.cz\/index.php\/wp-json\/wp\/v2\/posts\/14559\/revisions"}],"predecessor-version":[{"id":14560,"href":"https:\/\/www.frantiskani.cz\/index.php\/wp-json\/wp\/v2\/posts\/14559\/revisions\/14560"}],"wp:featuredmedia":[{"embeddable":true,"href":"https:\/\/www.frantiskani.cz\/index.php\/wp-json\/wp\/v2\/media\/14550"}],"wp:attachment":[{"href":"https:\/\/www.frantiskani.cz\/index.php\/wp-json\/wp\/v2\/media?parent=14559"}],"wp:term":[{"taxonomy":"category","embeddable":true,"href":"https:\/\/www.frantiskani.cz\/index.php\/wp-json\/wp\/v2\/categories?post=14559"},{"taxonomy":"post_tag","embeddable":true,"href":"https:\/\/www.frantiskani.cz\/index.php\/wp-json\/wp\/v2\/tags?post=14559"}],"curies":[{"name":"wp","href":"https:\/\/api.w.org\/{rel}","templated":true}]}}