{"id":14676,"date":"2026-09-05T09:07:47","date_gmt":"2026-09-05T07:07:47","guid":{"rendered":"https:\/\/www.frantiskani.cz\/?p=14676"},"modified":"2026-09-05T09:07:48","modified_gmt":"2026-09-05T07:07:48","slug":"duvera-v-neznamou-cestu-2","status":"publish","type":"post","link":"https:\/\/www.frantiskani.cz\/index.php\/2026\/09\/05\/duvera-v-neznamou-cestu-2\/","title":{"rendered":"D\u016fv\u011bra v nezn\u00e1mou cestu"},"content":{"rendered":"\n<h6 class=\"wp-block-heading\">Shrnut\u00ed t\u0159ic\u00e1t\u00e9ho p\u00e1t\u00e9ho t\u00fddne &#8211; Sobota, 5. z\u00e1\u0159\u00ed 2026<\/h6>\n\n\n\n<h4 class=\"wp-block-heading\">Ned\u011ble<\/h4>\n\n\n\n<p class=\"wp-block-paragraph\">Spiritualita sestupu n\u00e1m d\u00e1v\u00e1 svobodu odevzdat na\u0161e \u010dasto chaotick\u00e9 \u017eivoty Bohu. Jde o to ct\u00edt lidskou cestu, milovat ji a pro\u017e\u00edvat ji se v\u0161emi jej\u00edmi z\u00e1zraky i trag\u00e9diemi. \u2013Richard Rohr<\/p>\n\n\n\n<h4 class=\"wp-block-heading\">Pond\u011bl\u00ed<\/h4>\n\n\n\n<p class=\"wp-block-paragraph\">Pokud se B\u016fh n\u011bjak\u00fdm zp\u016fsobem pod\u00edl\u00ed na lidsk\u00e9m utrpen\u00ed, m\u00edsto aby ho jen pasivn\u011b sn\u00e1\u0161el a pozoroval, m\u011bn\u00ed to v\u0161echno \u2013 alespo\u0148 pro ty, kte\u0159\u00ed jsou ochotni kontemplativn\u011b \u201epohl\u00ed\u017eet\u201c. \u2013Richard Rohr<\/p>\n\n\n\n<h4 class=\"wp-block-heading\">\u00dater\u00fd<\/h4>\n\n\n\n<p class=\"wp-block-paragraph\">A\u0165 u\u017e je to jakkoli bolestiv\u00e9, kdy\u017e n\u00e1m jsou od\u0148aty nezdrav\u00e9 p\u0159edstavy, n\u00e1vyky a identity, na kter\u00e9 se spol\u00e9h\u00e1me, vytv\u00e1\u0159\u00ed to prostor pro to, co je skute\u010dn\u011b skute\u010dn\u00e9 a skute\u010dn\u011b svat\u00e9. \u2013Nadia Bolz-Weber<\/p>\n\n\n\n<h4 class=\"wp-block-heading\">St\u0159eda<\/h4>\n\n\n\n<p class=\"wp-block-paragraph\">N\u00e1sledovat Je\u017e\u00ed\u0161e, jin\u00fdmi slovy, znamen\u00e1 n\u00e1sledovat toho, kdo obrac\u00ed sv\u011bt vzh\u016fru nohama, a to i sv\u011bt n\u00e1bo\u017eensk\u00fd. Skute\u010dn\u00e9 u\u010dednictv\u00ed je p\u0159inejmen\u0161\u00edm pon\u011bkud \u201eopileck\u00e1\u201c z\u00e1le\u017eitost. Lid\u00e9 s velkou pot\u0159ebou uzn\u00e1n\u00ed, spole\u010densk\u00e9ho postaven\u00ed a ve\u0159ejn\u00e9 \u00facty se nemus\u00ed hl\u00e1sit. \u2013Joan Chittister<\/p>\n\n\n\n<h4 class=\"wp-block-heading\">\u010ctvrtek<\/h4>\n\n\n\n<p class=\"wp-block-paragraph\">Bo\u017esk\u00e1 Mysl prom\u011b\u0148uje ve\u0161ker\u00e9 lidsk\u00e9 utrpen\u00ed t\u00edm, \u017ee se zcela ztoto\u017e\u0148uje s lidskou t\u00ed\u017eivou situac\u00ed a od za\u010d\u00e1tku do konce s n\u00ed pln\u011b solid\u00e1rn\u011b stoj\u00ed. \u2013Richard Rohr<\/p>\n\n\n\n<h4 class=\"wp-block-heading\">P\u00e1tek<\/h4>\n\n\n\n<p class=\"wp-block-paragraph\">Kdybychom n\u00e1sledovali uk\u0159i\u017eovan\u00e9ho Krista s pozornost\u00ed, \u00factou a oddanost\u00ed, poznali bychom, \u017ee slzy, krev a st\u00e9n\u00e1n\u00ed nevinn\u00fdch se vpily do vzduchu, kter\u00fd d\u00fdch\u00e1me. \u2013M. Shawn Copeland<\/p>\n\n\n\n<h1 class=\"wp-block-heading\">Vedeni Duchem<\/h1>\n\n\n\n<h4 class=\"wp-block-heading\">Cvi\u010den\u00ed pro t\u0159ic\u00e1t\u00fd p\u00e1t\u00fd t\u00fdden<\/h4>\n\n\n\n<p class=\"wp-block-paragraph\"><em>Aktivistka a autorka Liza J. Rankow sd\u00edl\u00ed vizi u\u010dednictv\u00ed, kter\u00e1 zahrnuje v\u0161echny, kdo jsou Duchem povol\u00e1ni k odv\u00e1\u017en\u00e9mu jedn\u00e1n\u00ed ve slu\u017eb\u011b uzdraven\u00ed a osvobozen\u00ed.<\/em><\/p>\n\n\n\n<h4 class=\"wp-block-heading\">Duch n\u011bkdy jedn\u00e1 nep\u0159\u00edmo<\/h4>\n\n\n\n<p class=\"wp-block-paragraph\">V dob\u00e1ch nebezpe\u010d\u00ed n\u00e1s \u017divot vol\u00e1 k schopnostem, o kter\u00fdch jsme ani nev\u011bd\u011bli, \u017ee je m\u00e1me. Tak \u010dasto nem\u00e1me pon\u011bt\u00ed o pln\u00e9m rozsahu toho, k \u010demu jsme povol\u00e1ni\u2026 ani o jeho d\u016fsledc\u00edch. Mysl\u00edm, \u017ee tak s n\u00e1mi Duch pracuje \u2013 vlastn\u011b docela lstiv\u011b. \u201ePostav archu,\u201c \u0159ekl Duch Noemu \u2013 zpo\u010d\u00e1tku ani slovo o shrom\u00e1\u017ed\u011bn\u00fdch zv\u00ed\u0159atech ani o m\u011bs\u00edc\u00edch str\u00e1ven\u00fdch na mo\u0159i s pouhou slabou nad\u011bj\u00ed, \u017ee n\u011bkdy najdeme pevninu. Jen: \u201ePostav archu.\u201c \u201eSta\u0148 se mluv\u010d\u00edm bojkotu autobus\u016f,\u201c \u0159ekl Duch dr. Kingovi, kdy\u017e byl \u0161estadvacetilet\u00fdm pastorem, kter\u00fd pr\u00e1v\u011b p\u0159ijel do Montgomery v Alabam\u011b. \u201e\u017divoty \u010dernoch\u016f maj\u00ed v\u00fdznam,\u201c \u0159ekl Duch Alicii Garzov\u00e9 a skrze ni. \u201eVoda je \u017eivot,\u201c \u0159ekl Duch mlad\u00fdm lidem z kmen\u016f Lakota a Dakota, kte\u0159\u00ed zapo\u010dali m\u00edrov\u00fd odpor ve Standing Rocku. \u201eJ\u00e1 taky,\u201c \u0159ekl Duch Taran\u011b Burkeov\u00e9. \u201ePoklekni,\u201c na\u0159\u00eddil Duch Colinu Kaepernickovi. \u201eVylez na strom,\u201c \u0159ekl Duch Julii Butterfly Hillov\u00e9.<\/p>\n\n\n\n<h4 class=\"wp-block-heading\">Nikdy nem\u00e1\u0161 svoji jistotu<\/h4>\n\n\n\n<p class=\"wp-block-paragraph\">Nikdy to vlastn\u011b nev\u00edme. Mysl\u00edm, \u017ee je to z\u00e1m\u011brn\u00e9, proto\u017ee kdybychom v\u011bd\u011bli, s \u010d\u00edm v\u0161\u00edm vlastn\u011b souhlas\u00edme, mo\u017en\u00e1 bychom v\u016fbec ne\u0159ekli ano. Ale Duch a p\u0159edkov\u00e9 n\u00e1s do toho vedou krok za krokem. Ne\u017e si uv\u011bdom\u00edme, jak je to rozs\u00e1hl\u00e9, u\u017e jsme se zav\u00e1zali. M\u016f\u017ee to b\u00fdt n\u00e1kladn\u00e9, ale o kolik n\u00e1kladn\u011bj\u0161\u00ed by to bylo, kdybychom to neud\u011blali. Jak tragick\u00e9 je hr\u00e1t na jistotu a nikdy ne\u017e\u00edt naplno sv\u00e9 posl\u00e1n\u00ed.<\/p>\n\n\n\n<h4 class=\"wp-block-heading\">C\u00edle nedosahujeme nikdy sami<\/h4>\n\n\n\n<p class=\"wp-block-paragraph\">Uzdraven\u00ed a osvobozen\u00ed jsou kolektivn\u00edm projektem, nikoli individu\u00e1ln\u00edm. Abychom t\u00e9to v\u00fdzv\u011b \u010delili, bude zapot\u0159eb\u00ed n\u00e1s v\u0161ech a v\u0161ech na\u0161ich dar\u016f v pr\u016fb\u011bhu \u010dasu. Stejn\u011b jako pyramidy, velk\u00e9 katedr\u00e1ly nebo \u017eiv\u00e9 ko\u0159enov\u00e9 mosty v indick\u00e9m Meghalaya je i toto d\u00edlem generac\u00ed a d\u00edlem v\u00edry. Zah\u00e1jili ho ti, kte\u0159\u00ed p\u0159i\u0161li dlouho p\u0159ed n\u00e1mi. Ka\u017ed\u00fd z n\u00e1s je postupn\u011b povol\u00e1n, aby polo\u017eil sv\u00e9 kameny, propletl sv\u00e9 ko\u0159eny a zasv\u011btil sv\u016fj \u017eivot \u00fa\u010delu, kter\u00fd p\u0159esahuje na\u0161e p\u0159edstavy a jeho\u017e napln\u011bn\u00ed mo\u017en\u00e1 nikdy neuvid\u00edme. Pro tyto \u010dasy neexistuje \u017e\u00e1dn\u00e1 mapa a k veden\u00ed n\u00e1m slou\u017e\u00ed pouze kompas na\u0161ich srdc\u00ed. P\u0159esto je v \u0161epotu p\u0159edk\u016f moudrost; ve snech budouc\u00edch generac\u00ed je vize. Stoj\u00edme na spojnici mezi minulost\u00ed a budoucnost\u00ed a modl\u00edme se, abychom byli v\u011brn\u00ed ob\u011bma v kl\u00ed\u010dov\u00e9 roli, kter\u00e1 n\u00e1m byla sv\u011b\u0159ena. A oni jsou s n\u00e1mi a pob\u00edzej\u00ed n\u00e1s vp\u0159ed.<\/p>\n\n\n\n<h6 class=\"wp-block-heading\">Prameny:<\/h6>\n\n\n\n<p class=\"has-small-font-size wp-block-paragraph\">Liza J. Rankow, <a href=\"https:\/\/email.cac.org\/t\/d-l-wghyik-tlkrhyidn-z\/\"><em>Soul Medicine for a Fractured World: Healing, Justice, and the Path of Wholeness<\/em><\/a> (Orbis Books, 2026), 187\u2013188.<\/p>\n\n\n\n<p class=\"has-small-font-size wp-block-paragraph\"><strong>Image credit and inspiration<\/strong>: Jenna Keiper, <em><a href=\"https:\/\/email.cac.org\/t\/d-l-wghyik-tlkrhyidn-v\/\">CAC Environment<\/a><\/em>, 2019-10-09, Photograph, CAC campus, Albuquerque NM. <em>What does it look like to lay down burdens and die to ourselves while still on the path to becoming?<\/em><\/p>\n","protected":false},"excerpt":{"rendered":"<p>Uzdraven\u00ed a osvobozen\u00ed jsou kolektivn\u00edm projektem, nikoli individu\u00e1ln\u00edm. Abychom t\u00e9to v\u00fdzv\u011b \u010delili, bude zapot\u0159eb\u00ed n\u00e1s v\u0161ech a v\u0161ech na\u0161ich dar\u016f v pr\u016fb\u011bhu \u010dasu. Stejn\u011b jako pyramidy, velk\u00e9 katedr\u00e1ly nebo \u017eiv\u00e9 ko\u0159enov\u00e9 mosty v indick\u00e9m Meghalaya je i toto d\u00edlem generac\u00ed a d\u00edlem v\u00edry. (Liza J. Rankow)<\/p>\n","protected":false},"author":1,"featured_media":14663,"comment_status":"open","ping_status":"open","sticky":false,"template":"","format":"standard","meta":{"footnotes":""},"categories":[198],"tags":[1693],"class_list":["post-14676","post","type-post","status-publish","format-standard","has-post-thumbnail","hentry","category-richard-rohr-ofm-centrum-pro-zivot-a-rozjimani","tag-spolecenske-vedomi","latest_post"],"_links":{"self":[{"href":"https:\/\/www.frantiskani.cz\/index.php\/wp-json\/wp\/v2\/posts\/14676","targetHints":{"allow":["GET"]}}],"collection":[{"href":"https:\/\/www.frantiskani.cz\/index.php\/wp-json\/wp\/v2\/posts"}],"about":[{"href":"https:\/\/www.frantiskani.cz\/index.php\/wp-json\/wp\/v2\/types\/post"}],"author":[{"embeddable":true,"href":"https:\/\/www.frantiskani.cz\/index.php\/wp-json\/wp\/v2\/users\/1"}],"replies":[{"embeddable":true,"href":"https:\/\/www.frantiskani.cz\/index.php\/wp-json\/wp\/v2\/comments?post=14676"}],"version-history":[{"count":1,"href":"https:\/\/www.frantiskani.cz\/index.php\/wp-json\/wp\/v2\/posts\/14676\/revisions"}],"predecessor-version":[{"id":14677,"href":"https:\/\/www.frantiskani.cz\/index.php\/wp-json\/wp\/v2\/posts\/14676\/revisions\/14677"}],"wp:featuredmedia":[{"embeddable":true,"href":"https:\/\/www.frantiskani.cz\/index.php\/wp-json\/wp\/v2\/media\/14663"}],"wp:attachment":[{"href":"https:\/\/www.frantiskani.cz\/index.php\/wp-json\/wp\/v2\/media?parent=14676"}],"wp:term":[{"taxonomy":"category","embeddable":true,"href":"https:\/\/www.frantiskani.cz\/index.php\/wp-json\/wp\/v2\/categories?post=14676"},{"taxonomy":"post_tag","embeddable":true,"href":"https:\/\/www.frantiskani.cz\/index.php\/wp-json\/wp\/v2\/tags?post=14676"}],"curies":[{"name":"wp","href":"https:\/\/api.w.org\/{rel}","templated":true}]}}