{"id":1560,"date":"2021-02-22T18:49:19","date_gmt":"2021-02-22T17:49:19","guid":{"rendered":"https:\/\/www.frantiskani.cz\/?p=1560"},"modified":"2021-03-13T13:41:35","modified_gmt":"2021-03-13T12:41:35","slug":"rok-sv-josefa","status":"publish","type":"post","link":"https:\/\/www.frantiskani.cz\/index.php\/2021\/02\/22\/rok-sv-josefa\/","title":{"rendered":"Rok sv. Josefa"},"content":{"rendered":"\n<p>V p\u0159\u00edloze naleznete text&nbsp;z webu kapucini.cz <a rel=\"noreferrer noopener\" href=\"https:\/\/www.kapucini.cz\/domains\/kapucini.cz\/images\/obrazky\/novemesto\/aktuality\/Patris_corde_2020.pdf\" target=\"_blank\">\u201ePatris corde\u201c \u2013 apo\u0161tolsk\u00fd list v\u011bnovan\u00fd sv. Josefu<\/a>&nbsp;a tak\u00e9&nbsp;<a rel=\"noreferrer noopener\" href=\"https:\/\/www.kapucini.cz\/domains\/kapucini.cz\/images\/obrazky\/novemesto\/aktuality\/odpustky_sv._Josef_2020.pdf\" target=\"_blank\">Podm\u00ednky ke z\u00edsk\u00e1n\u00ed daru odpustk\u016f v Roce sv. Josefa.<\/a><\/p>\n\n\n\n<p>V roce sv. Josefa bereme ve st\u0159edy me\u0161n\u00ed formul\u00e1\u0159 ke sv. Josefu, pokud n\u00e1m ho nep\u0159ekryje jin\u00fd sv\u00e1tek.<\/p>\n\n\n\n<p><strong>Zpr\u00e1va p\u0159evzat z webu<\/strong> <a data-type=\"URL\" data-id=\"https:\/\/www.kapucini.cz\/\" href=\"https:\/\/www.kapucini.cz\/\">Kapucini.cz<\/a><\/p>\n\n\n\n<p>P\u0159edn\u00e1\u0161ka mision\u00e1\u0159e V\u00e1clava \u010c\u00e1pa na t\u00e9ma sv. Josef <a href=\"https:\/\/www.youtube.com\/channel\/UCFvftUK5GKwewZVCKiMSUnQ\">\u0158\u00edmskokatolick\u00e1 farnost sv. Filipa a Jakuba Zl\u00edn<\/a>  \/ <a href=\"https:\/\/www.youtube.com\/watch?v=1wcezEkZpfg\" target=\"_blank\" rel=\"noreferrer noopener\">https:\/\/www.youtube.com\/watch?v=1wcezEkZpfg<\/a>  \u010casov\u00fd harmonogram DO21 9:01\u200b \u2013 za\u010d\u00e1tek, Chv\u00e1ly<br><strong>9:35\u200b \u2013 10:15\u200b<\/strong> &#8211; 1. promluva p. \u010c\u00e1pa  10:16\u200b \u2013 10:59\u200b &#8211; p\u0159est\u00e1vka  <strong>11:00\u200b \u2013 11:45\u200b<\/strong> &#8211; 2. promluva p. \u010c\u00e1pa<br><\/p>\n\n\n\n<h4 class=\"wp-block-heading\">D\u00e1vat prostor tomu, co jsme si sami nezvolili  (v\u00fd\u0148atek textu z <a href=\"https:\/\/www.pastorace.cz\/clanky\/rok-svateho-josefa\" target=\"_blank\" rel=\"noreferrer noopener\">www.pastorace.cz<\/a>)<\/h4>\n\n\n\n<p>Svat\u00fd Josef je tak\u00e9 p\u0159\u00edv\u011btiv\u00fdm otcem, kter\u00fd \u201ep\u0159ij\u00edm\u00e1 Marii bez p\u0159edb\u011b\u017en\u00fdch podm\u00ednek\u201c, co\u017e je velmi d\u016fle\u017eit\u00e9 tak\u00e9 dnes \u2013 pokra\u010duje Franti\u0161ek &#8211;&nbsp; \u201ev tomto sv\u011bt\u011b, kdy je psychologick\u00e9, verb\u00e1ln\u00ed i fyzick\u00e9 n\u00e1sil\u00ed p\u00e1chan\u00e9 na \u017een\u011b evidentn\u00ed\u201c . Mariin snoubenec je tak\u00e9 t\u00edm, kdo v d\u016fv\u011b\u0159e v P\u00e1na p\u0159ij\u00edm\u00e1 do sv\u00e9ho \u017eivota ud\u00e1losti, kter\u00fdm nerozum\u00ed. Nepodd\u00e1v\u00e1 se zklam\u00e1n\u00ed, nereaguje vzpourou, nech\u00e1v\u00e1 stranou sv\u00e9 \u00fasudky, \u201eneupad\u00e1 do trpn\u00e9 rezignace, n\u00fdbr\u017e odv\u00e1\u017en\u011b a state\u010dn\u011b se nasazuje\u201c. Jakoby m\u00e1m B\u016fh skrze sv. Josefa opakoval \u201eNebojte se!\u201c. Vede n\u00e1s k tomu, abychom se state\u010dnost\u00ed zako\u0159en\u011bnou v nad\u011bji d\u00e1vali prostor tomu, co jsme si sami nezvolili. \u201eTakov\u00fdto zp\u016fsob akceptace \u017eivota n\u00e1s uv\u00e1d\u00ed do hlub\u0161\u00edho smyslu. \u017divot ka\u017ed\u00e9ho z n\u00e1s se m\u016f\u017ee z\u00e1zra\u010dn\u011b obrodit, najdeme-li odvahu jej \u017e\u00edt podle toho, co n\u00e1m ukazuje evangelium. A nez\u00e1le\u017e\u00ed na tom, zda se v\u0161echno zvrtlo \u0161patn\u011b a zda u\u017e je n\u011bco nevratn\u00e9. B\u016fh m\u016f\u017ee d\u00e1t rozkv\u00e9st kv\u011bt\u016fm mezi kameny,\u201d p\u00ed\u0161e Franti\u0161ek v listu \u201cPatris corde\u201d. K\u0159es\u0165ansk\u00fd realismus toti\u017e nic neodm\u00edt\u00e1, proto\u017ee \u201eskute\u010dnost ve sv\u00e9 tajemn\u00e9 nezvratnosti a slo\u017eitosti je nositelkou smyslu existence v jej\u00edch sv\u011btl\u00fdch i stinn\u00fdch str\u00e1nk\u00e1ch\u201c.<\/p>\n\n\n\n<p>Josef n\u00e1s tedy u\u010d\u00ed, \u017ee v\u011b\u0159it neznamen\u00e1 nach\u00e1zet snadn\u00e1 \u201e\u00fat\u011b\u0161n\u00e1 \u0159e\u0161en\u00ed\u201c; on toti\u017e \u201enehledal zkratky\u201c n\u00fdbr\u017e stav\u011bl se \u010delem ke skute\u010dnosti a p\u0159ij\u00edmal za ni odpov\u011bdnost. Podobn\u011b tak\u00e9 jeho p\u0159\u00edklad vede k p\u0159ij\u00edm\u00e1n\u00ed druh\u00fdch, takov\u00ed, jac\u00ed jsou, a \u201ck n\u00e1klonnosti ke slab\u00fdm, proto\u017ee B\u016fh vol\u00ed to, co je slab\u00e9\u201c. (4)<\/p>\n\n\n\n<figure class=\"wp-block-image size-large\"><img decoding=\"async\" src=\"data:image\/gif;base64,R0lGODlhAQABAAAAACH5BAEKAAEALAAAAAABAAEAAAICTAEAOw==\" data-layzr=\"https:\/\/www.frantiskani.cz\/wp-content\/uploads\/2021\/02\/C130-012-A_Sv-Josef.jpg\" alt=\"\" class=\"wp-image-1562\"\/><\/figure>\n","protected":false},"excerpt":{"rendered":"<p>Plnomocn\u00e9 odpustky budou moci z\u00edskat tak\u00e9 ti, kdo sv\u011b\u0159\u00ed svou ka\u017edodenn\u00ed<br \/>\npr\u00e1ci sv. Josefovi<\/p>\n","protected":false},"author":1,"featured_media":1561,"comment_status":"open","ping_status":"open","sticky":false,"template":"","format":"standard","meta":{"footnotes":""},"categories":[10],"tags":[128],"class_list":["post-1560","post","type-post","status-publish","format-standard","has-post-thumbnail","hentry","category-zpravy-z-frantiskanske-rodiny","tag-sv-josef","latest_post"],"_links":{"self":[{"href":"https:\/\/www.frantiskani.cz\/index.php\/wp-json\/wp\/v2\/posts\/1560","targetHints":{"allow":["GET"]}}],"collection":[{"href":"https:\/\/www.frantiskani.cz\/index.php\/wp-json\/wp\/v2\/posts"}],"about":[{"href":"https:\/\/www.frantiskani.cz\/index.php\/wp-json\/wp\/v2\/types\/post"}],"author":[{"embeddable":true,"href":"https:\/\/www.frantiskani.cz\/index.php\/wp-json\/wp\/v2\/users\/1"}],"replies":[{"embeddable":true,"href":"https:\/\/www.frantiskani.cz\/index.php\/wp-json\/wp\/v2\/comments?post=1560"}],"version-history":[{"count":4,"href":"https:\/\/www.frantiskani.cz\/index.php\/wp-json\/wp\/v2\/posts\/1560\/revisions"}],"predecessor-version":[{"id":1925,"href":"https:\/\/www.frantiskani.cz\/index.php\/wp-json\/wp\/v2\/posts\/1560\/revisions\/1925"}],"wp:featuredmedia":[{"embeddable":true,"href":"https:\/\/www.frantiskani.cz\/index.php\/wp-json\/wp\/v2\/media\/1561"}],"wp:attachment":[{"href":"https:\/\/www.frantiskani.cz\/index.php\/wp-json\/wp\/v2\/media?parent=1560"}],"wp:term":[{"taxonomy":"category","embeddable":true,"href":"https:\/\/www.frantiskani.cz\/index.php\/wp-json\/wp\/v2\/categories?post=1560"},{"taxonomy":"post_tag","embeddable":true,"href":"https:\/\/www.frantiskani.cz\/index.php\/wp-json\/wp\/v2\/tags?post=1560"}],"curies":[{"name":"wp","href":"https:\/\/api.w.org\/{rel}","templated":true}]}}