{"id":1917,"date":"2021-03-12T19:59:44","date_gmt":"2021-03-12T18:59:44","guid":{"rendered":"https:\/\/www.frantiskani.cz\/?p=1917"},"modified":"2021-03-12T19:59:48","modified_gmt":"2021-03-12T18:59:48","slug":"novy-delegat-generalniho-ministra-radu-minoritu-pro-rytirstvo-neposkvrnene","status":"publish","type":"post","link":"https:\/\/www.frantiskani.cz\/index.php\/2021\/03\/12\/novy-delegat-generalniho-ministra-radu-minoritu-pro-rytirstvo-neposkvrnene\/","title":{"rendered":"Nov\u00fd deleg\u00e1t gener\u00e1ln\u00edho ministra \u0158\u00e1du minorit\u016f pro Ryt\u00ed\u0159stvo Neposkvrn\u011bn\u00e9"},"content":{"rendered":"\n<p>Gener\u00e1ln\u00ed statuta Ryt\u00ed\u0159stva Neposkvrn\u011bn\u00e9 (M. I.), mezin\u00e1rodn\u00edho ve\u0159ejn\u00e9ho sdru\u017een\u00ed v\u011b\u0159\u00edc\u00edch, stanov\u00ed, \u017ee mezin\u00e1rodn\u00edm asistentem pro M.\u00a0I. je gener\u00e1ln\u00ed ministr \u0158\u00e1du minorit\u016f. \u0158\u00edkaj\u00ed, kter\u00e9 jsou jeho povinnosti a\u00a0dod\u00e1vaj\u00ed, \u017ee pro tuto slu\u017ebu m\u016f\u017ee gener\u00e1ln\u00ed asistent delegovat n\u011bkter\u00e9ho \u0159eholn\u00edka s\u00a0v\u011b\u010dn\u00fdmi sliby.<\/p>\n\n\n\n<p>V\u00edce se lze do\u010d\u00edst <a href=\"https:\/\/provincie.minorite.cz\/novy-delegat-generalniho-ministra-radu-minoritu-pro-rytirstvo-neposkvrnene\/\">https:\/\/provincie.minorite.cz\/novy-delegat-generalniho-ministra-radu-minoritu-pro-rytirstvo-neposkvrnene\/<\/a><\/p>\n","protected":false},"excerpt":{"rendered":"<p>o je to MI? MI jsou prvn\u00ed p\u00edsmena latinsk\u00e9ho n\u00e1zvu Militia Immaculatae (Ryt\u00ed\u0159stvo Neposkvrn\u011bn\u00e9) a ozna\u010duj\u00ed ctitele \u2013 n\u00e1sledovn\u00edky Neposkvrn\u011bn\u00e9 Panny Marie. Ryt\u00ed\u0159stvo Neposkvrn\u011bn\u00e9 je hnut\u00edm mari\u00e1nsk\u00fdm a apo\u0161tolsk\u00fdm, kter\u00e9 zalo\u017eil v \u0158\u00edm\u011b r. 1917 svat\u00fd Maxmili\u00e1n Maria Kolbe. C\u00edl: Sna\u017eit se o obr\u00e1cen\u00ed h\u0159\u00ed\u0161n\u00edk\u016f.<\/p>\n","protected":false},"author":1,"featured_media":1918,"comment_status":"open","ping_status":"open","sticky":false,"template":"","format":"standard","meta":{"footnotes":""},"categories":[6],"tags":[180],"class_list":["post-1917","post","type-post","status-publish","format-standard","has-post-thumbnail","hentry","category-frantiskanskarodina","tag-rytirstvo-neposkvrnene","latest_post"],"_links":{"self":[{"href":"https:\/\/www.frantiskani.cz\/index.php\/wp-json\/wp\/v2\/posts\/1917","targetHints":{"allow":["GET"]}}],"collection":[{"href":"https:\/\/www.frantiskani.cz\/index.php\/wp-json\/wp\/v2\/posts"}],"about":[{"href":"https:\/\/www.frantiskani.cz\/index.php\/wp-json\/wp\/v2\/types\/post"}],"author":[{"embeddable":true,"href":"https:\/\/www.frantiskani.cz\/index.php\/wp-json\/wp\/v2\/users\/1"}],"replies":[{"embeddable":true,"href":"https:\/\/www.frantiskani.cz\/index.php\/wp-json\/wp\/v2\/comments?post=1917"}],"version-history":[{"count":1,"href":"https:\/\/www.frantiskani.cz\/index.php\/wp-json\/wp\/v2\/posts\/1917\/revisions"}],"predecessor-version":[{"id":1919,"href":"https:\/\/www.frantiskani.cz\/index.php\/wp-json\/wp\/v2\/posts\/1917\/revisions\/1919"}],"wp:featuredmedia":[{"embeddable":true,"href":"https:\/\/www.frantiskani.cz\/index.php\/wp-json\/wp\/v2\/media\/1918"}],"wp:attachment":[{"href":"https:\/\/www.frantiskani.cz\/index.php\/wp-json\/wp\/v2\/media?parent=1917"}],"wp:term":[{"taxonomy":"category","embeddable":true,"href":"https:\/\/www.frantiskani.cz\/index.php\/wp-json\/wp\/v2\/categories?post=1917"},{"taxonomy":"post_tag","embeddable":true,"href":"https:\/\/www.frantiskani.cz\/index.php\/wp-json\/wp\/v2\/tags?post=1917"}],"curies":[{"name":"wp","href":"https:\/\/api.w.org\/{rel}","templated":true}]}}