{"id":2235,"date":"2021-04-12T12:56:00","date_gmt":"2021-04-12T10:56:00","guid":{"rendered":"https:\/\/www.frantiskani.cz\/?p=2235"},"modified":"2021-04-18T11:31:52","modified_gmt":"2021-04-18T09:31:52","slug":"pout-ke-hrobu-dr-frantiska-noska","status":"publish","type":"post","link":"https:\/\/www.frantiskani.cz\/index.php\/2021\/04\/12\/pout-ke-hrobu-dr-frantiska-noska\/","title":{"rendered":"Pou\u0165 ke hrobu Dr. Franti\u0161ka Noska"},"content":{"rendered":"\n<p>aktu\u00e1ln\u00ed pozv\u00e1nka na www. sfr.cz  <a href=\"http:\/\/www.sfr.cz\/clanek.aspx?a=3375\">ZDE<\/a><\/p>\n\n\n\n<p>D\u00e1le jsou modlitby pro ty co se pout\u011b nemohou \u00fa\u010dastnit a pomodl\u00ed se doma:<\/p>\n\n\n\n<h3 class=\"wp-block-heading\">Modlitby s politikem, kter\u00fd nelhal u p\u0159\u00edle\u017eitosti obvykl\u00e9 pouti v dubnu<\/h3>\n\n\n\n<p>(24.4. 2021 v 15,00 &#8211; m\u0161i celebruje m\u00edstn\u00ed far\u00e1\u0159)<\/p>\n\n\n\n<p>&#8222;A\u0165 se konaj\u00ed prosby, modlitby, p\u0159\u00edmluvy, d\u00edk\u016fvzd\u00e1n\u00ed za v\u0161echny lidi, za vl\u00e1dce a za v\u0161echny, kte\u0159\u00ed maj\u00ed v rukou moc, abychom mohli \u017e\u00edt tich\u00fdm a klidn\u00fdm \u017eivotem&#8220; (srov. 1 Tim 2,1\u20132).<\/p>\n\n\n\n<div class=\"wp-block-group\"><div class=\"wp-block-group__inner-container is-layout-flow wp-block-group-is-layout-flow\">\n<div class=\"wp-block-columns is-layout-flex wp-container-core-columns-is-layout-9d6595d7 wp-block-columns-is-layout-flex\">\n<div class=\"wp-block-column is-layout-flow wp-block-column-is-layout-flow\">\n<p><strong>\u00d3 Nejsv\u011bt\u011bj\u0161\u00ed Trojice<\/strong>,<\/p>\n\n\n\n<p>d\u011bkujeme ti, \u017ee jsi c\u00edrkvi darovala  Franti\u0161ka Noska a dala v n\u011bm zaz\u00e1\u0159it cest\u011b pro politiky ke sl\u00e1v\u011b Kristova k\u0159\u00ed\u017ee a n\u00e1dhe\u0159e Ducha l\u00e1sky.<\/p>\n\n\n\n<p>Amen.<\/p>\n\n\n\n<p><strong>Nebesk\u00fd Ot\u010de,<br>na p\u0159\u00edmluvu k\u0159es\u0165ana a politika Franti\u0161ka Noska:<\/strong><br>Napl\u0148 politiky odvahou prosazovat spravedlnost, \u010destnost, pokoj a dal\u0161\u00ed tv\u00e9 principy a hodnoty tam, kde pracuj\u00ed a \u017eij\u00ed. Povzbu\u010f je, aby hledali pravdu a aby ji \u0161\u00ed\u0159ili v\u0161ude, kde je to mo\u017en\u00e9.<br>Pom\u00e1hej jim, aby byli vn\u00edmav\u00fd a citliv\u00fd k pot\u0159eb\u00e1m druh\u00fdch.<br>Po\u017eehnej i jejich rodin\u00e1m a jejich bl\u00edzk\u00fdm l\u00e1skou, pokojem a radost\u00ed.<br>Proka\u017e jim, Pane, sv\u00e9 velik\u00e9 milosrdenstv\u00ed.<br>Amen.<\/p>\n<\/div>\n\n\n\n<div class=\"wp-block-column is-layout-flow wp-block-column-is-layout-flow\">\n<blockquote class=\"wp-block-quote is-style-default is-layout-flow wp-block-quote-is-layout-flow\"><p>P\u016fjde to v\u0161echno, ale ne snadno a ne rychle a tak\u00e9 ne najednou, n\u00fdbr\u017e zvolna, s p\u0159ek\u00e1\u017ekami, s pomluvami, s klepy, s finan\u010dn\u00edmi pot\u00ed\u017eemi, n\u011bkdy s kritikou druh\u00fdch, kte\u0159\u00ed reptaj\u00ed m\u00edsto aby p\u0159ilo\u017eili ruce k d\u00edlu. Tak to v\u0161echno chod\u00ed v tomto slzav\u00e9m \u00fadol\u00ed.<\/p><cite><strong>Franti\u0161ek Nosek Mlad\u00fdm<\/strong><\/cite><\/blockquote>\n<\/div>\n<\/div>\n<\/div><\/div>\n\n\n\n<h3 class=\"wp-block-heading\">Z n\u011bkter\u00fdch ro\u010dn\u00edk\u016f ka\u017edoro\u010dn\u00ed pouti do Po\u0159\u00ed\u010d\u00ed nad S\u00e1zavou k hrobu Dr. Franti\u0161ka Noska<\/h3>\n\n\n\n<p><strong>Pou\u0165 po internetu v roce 2021<\/strong> V roce 2020 se konala jen v p\u011bti lidech v rou\u0161k\u00e1ch, letosse kon\u00e1  jen po internetu. V minul\u00fdch letec bylo sto i v\u00edce \u00fa\u010dastn\u00edk\u016f. Vzpom\u00ednky na p\u0159ede\u0161l\u00e9 pout\u011b. V odkazech najde\u0161 foto z pout\u00ed.<\/p>\n\n\n\n<p>Vybr\u00e1no z webu<a href=\"http:\/\/www.sfr.cz\"> www.sfr.cz<\/a><\/p>\n\n\n\n<h4 class=\"wp-block-heading\">Neobvykl\u00e1 pou\u0165 do Po\u0159\u00ed\u010d\u00ed 2020<\/h4>\n\n\n\n<p>byla pl\u00e1nov\u00e1na na sobotu <a href=\"http:\/\/www.sfr.cz\/clanek.aspx?a=3322\">25.dubna 2020<\/a>. Pou\u0165 \u2013 tak, jak ji zn\u00e1me \u2013 se nemohla uskute\u010dnit vzhledem k&nbsp;tomu, \u017ee st\u00e1le trval nouzov\u00fd stav. Do Po\u0159\u00ed\u010d\u00ed p\u0159esto zajeli \u010dty\u0159i brat\u0159i z&nbsp;MBS u kostela Sv. Ane\u017eky v&nbsp;Praze na Spo\u0159ilov\u011b. Byli to n\u00e1rodn\u00ed ministr Franti\u0161ek Reichel a brat\u0159i Ji\u0159\u00ed Zaj\u00edc, Lubom\u00edr Ml\u010doch a Miloslav M\u00fcller. S&nbsp;nimi p\u0159ijel t\u00e9\u017e pan Stanislav Hou\u0161ka z&nbsp;J\u00edlov\u00e9ho u Prahy, kter\u00fd do Po\u0159\u00ed\u010d\u00ed putoval&nbsp; i v&nbsp;p\u0159edchoz\u00edch l\u00e9tech. Poutn\u00edci se pomodlili u&nbsp;Noskova hrobu. M\u0161e svat\u00e1 za bratra Noska byla slou\u017eena ji\u017e 18.dubna v&nbsp;Nasavrk\u00e1ch u Chrudimi otcem Pavlem \u010ctvrte\u010dkou, kter\u00fd jezd\u00ed ka\u017ed\u00fdm rokem na po\u0159\u00ed\u010dskou pou\u0165.<\/p>\n\n\n\n<p>Za zm\u00ednku stoj\u00ed, \u017ee i prv\u00e9 pouti do Po\u0159\u00ed\u010d\u00ed v&nbsp;roce 1936, tj. rok po Noskov\u011b smrti, se \u00fa\u010dastnili \u010dty\u0159i poutn\u00edci. Byli to funkcion\u00e1\u0159i katolick\u00fdch dru\u017estev&nbsp; a p\u0159ijeli jako delegace dru\u017estev, kter\u00e1 br.Nosek zakl\u00e1dal. Pouti se pak konaly ka\u017ed\u00fdm rokem, i v&nbsp;t\u011b\u017ek\u00fdch dob\u00e1ch, jako byla v\u00e1lka nebo 50.l\u00e9ta, kdy byl nejm\u00e9n\u011b jeden z&nbsp;prvn\u00edch \u010dty\u0159 poutn\u00edk\u016f ve v\u011bzen\u00ed.<\/p>\n\n\n\n<p>(Zpr\u00e1vu pod\u00e1v\u00e1 Miloslav M\u00fcller)<\/p>\n\n\n\n<h4 class=\"wp-block-heading\">2016 &#8211; Ohl\u00e9dnut\u00ed za pout\u00ed do Po\u0159\u00ed\u010d\u00ed <\/h4>\n\n\n\n<p>Z<a href=\"http:\/\/www.sfr.cz\/clanek.aspx?a=3064\">a pout\u00ed do Po\u0159\u00ed\u010d\u00ed 2016 <\/a>\u010cas plyne a p\u0159esto se st\u00e1le konaj\u00ed pouti do Po\u0159\u00ed\u010d\u00ed, kde je slavena m\u0161e svat\u00e1 kolem v\u00fdro\u010d\u00ed smrti dr. Franti\u0161ka Noska (1886-1935), terci\u00e1\u0159e sv. Franti\u0161ka. Snad se tyto pouti l\u00edb\u00ed P\u00e1nu Bohu; leto\u0161n\u00ed pou\u0165 byla ji\u017e 81. Konala se v sobotu 16. dubna 2016. Hlavn\u00edm celebrantem byl letos litom\u011b\u0159ick\u00fd biskup Jan Baxant, kter\u00fd r\u00e1d p\u0159ijal pozv\u00e1n\u00ed od N\u00e1rodn\u00ed rady Sekul\u00e1rn\u00edho franti\u0161k\u00e1nsk\u00e9ho \u0159\u00e1du a od po\u0159\u00ed\u010dsk\u00e9 farnosti. Otec biskup Baxant hovo\u0159il ve sv\u00e9 promluv\u011b p\u0159i m\u0161i svat\u00e9 m.j. o franti\u0161k\u00e1nsk\u00e9 spiritualit\u011b, kter\u00e1 je prost\u00e1, st\u0159\u00edzliv\u00e1. Proto je kr\u00e1sn\u00e1. Franti\u0161k\u00e1nsk\u00e9 sv\u011btici sv. Ane\u017ece \u010cesk\u00e9 je zasv\u011bcen kostel v Praze-Spo\u0159ilov\u011b, kde p\u016fsob\u00ed brat\u0159i franti\u0161k\u00e1ni. O jeho postaven\u00ed se velmi zaslou\u017eil F. Nosek. O Noskovi \u0159ekl, \u017ee nebyl ticho\u0161l\u00e1pkem. M\u011bl lidskou d\u016fstojnost, kterou dostal od Boha. Svoji politickou funkci pro\u017e\u00edval jako slu\u017ebu. P\u0159i m\u0161i sv. koncelebrovali 3 kn\u011b\u017e\u00ed. Jedn\u00edm z nich byl m\u00edstn\u00ed far\u00e1\u0159 Otec Martin Janata. Ten srde\u010dn\u011b p\u0159iv\u00edtal biskupa Baxanta, kter\u00fd byl rektorem Arcibiskupsk\u00e9ho semin\u00e1\u0159e v Praze v dob\u011b, kdy tam o. Martin studoval. Dal\u0161\u00ed 2 kn\u011b\u017e\u00ed p\u0159ijeli z v\u00fdchodn\u00edch \u010cech, z Chrudimska. Byl to o. Josef Smola, kter\u00fd byl d\u0159\u00edve arcid\u011bkanem ve m\u011bst\u011b Chrudimi, Noskov\u011b rodi\u0161ti. Nyn\u00ed p\u016fsob\u00ed v He\u0159manov\u011b M\u011bstci. Druh\u00fd z obou kn\u011b\u017e\u00ed je o. Pavel \u010ctvrte\u010dka, duchovn\u00ed spr\u00e1vce v Nasavrk\u00e1ch. M\u0161e svat\u00e9 se \u00fa\u010dastnili i dva j\u00e1hnov\u00e9, br. Jan Pe\u010den\u00fd OFS a Jaroslav Sosnovec. Byl p\u0159\u00edtomen sekret\u00e1\u0159 N\u00e1rodn\u00ed rady SF\u0158, br. Lubo\u0161 Kolafa. Z dal\u0161\u00edch terci\u00e1\u0159\u016f jmenujme alespo\u0148 bratry Franti\u0161ka Reichela, Ji\u0159\u00edho Zaj\u00edce a Franti\u0161ka Tich\u00e9ho. Z oblasti politiky r\u00e1di zmi\u0148ujeme Pavla Svobodu, poslance Evropsk\u00e9ho parlamentu. Byla p\u0159\u00edtomna i pravnu\u010dka dr.F.Noska s rodinou. Zaj\u00edm\u00e1 se o osobu F. Noska. Po m\u0161i sv. a po modlitb\u011b u Noskova hrobu jsme se se\u0161li v s\u00e1le fary, vedle kostela. Biskup Baxant s n\u00e1mi z\u016fstal je\u0161t\u011b v\u00edce ne\u017e hodinu. Br. J. Zaj\u00edc konferoval besedu s n\u00edm. Otec biskup \u0159ekl m.j., o co se nejv\u00edc sna\u017e\u00ed ve sv\u00e9 diec\u00e9zi: aby kn\u011b\u017e\u00ed dob\u0159e a r\u00e1di spolupracovali. T\u00edm sp\u00ed\u0161, \u017ee jich je nedostatek. A nejen jich, ale tak\u00e9 \u0159eholn\u00edk\u016f a \u0159eholnic. Zato m\u00e1 radost z toho, \u017ee se v litom\u011b\u0159ick\u00e9 diec\u00e9zi obnovuj\u00ed mnoh\u00e9 kapli\u010dky a sochy. Tyto v\u011bci obnovuj\u00ed i lid\u00e9, kte\u0159\u00ed t\u0159eba nejsou k\u0159es\u0165any. T\u00edm umo\u017e\u0148uj\u00ed, aby se p\u0159ed t\u011bmito pam\u00e1tkami jin\u00ed modlili. \u0158e\u010d p\u0159i\u0161la i na mari\u00e1nsk\u00e9 poutn\u00ed m\u00edsto Hejnice na Fr\u00fddlantsku, pod severn\u00edmi svahy Jizersk\u00fdch hor. V minulosti tam byl v\u00fdznamn\u00fd franti\u0161k\u00e1nsk\u00fd kl\u00e1\u0161ter. V budov\u011b kl\u00e1\u0161tera je nyn\u00ed Mezin\u00e1rodn\u00ed centrum duchovn\u00ed obnovy. M.M\u00fcller OFS<\/p>\n\n\n\n<h4 class=\"wp-block-heading\">2014- Zpr\u00e1va z pouti do Po\u0159\u00ed\u010d\u00ed nad S\u00e1zavou <\/h4>\n\n\n\n<p><strong><a href=\"http:\/\/www.sfr.cz\/clanek.aspx?a=2882\">Zvl\u00e1\u0161tn\u00ed politik<\/a><\/strong><\/p>\n\n\n\n<p>&nbsp;&nbsp;&nbsp;&nbsp;&nbsp;&nbsp;&nbsp;&nbsp;&nbsp;&nbsp;&nbsp; Ve vrcholn\u00fdch funkc\u00edch ve st\u00e1t\u011b neb\u00fdv\u00e1 mnoho politik\u016f, kte\u0159\u00ed by se sna\u017eili vykon\u00e1vat svoji \u010dinnost nejen ve prosp\u011bch sv\u00e9 strany (nebo dokonce jen sv\u00e9 osoby), ale kte\u0159\u00ed sleduj\u00ed ve\u0159ejn\u00fd z\u00e1jem, pot\u0159eby cel\u00e9 zem\u011b. Vyskytnou-li se p\u0159ece, lid\u00e9 na n\u011b dlouho vzpom\u00ednaj\u00ed, n\u011bkdy i po stalet\u00ed \u2013 viz t\u0159eba n\u00e1\u0161 Karel IV. Nebo p\u0159ed necel\u00fdm stolet\u00edm prvn\u00ed \u010deskoslovensk\u00fd prezident T.G.Masaryk. Do t\u00e9to skupiny pat\u0159\u00ed i vynikaj\u00edc\u00ed p\u0159edv\u00e1le\u010dn\u00fd katolick\u00fd politik, terci\u00e1\u0159 JUDr. Franti\u0161ek Nosek (1886-1935). K&nbsp;jeho hrobu do&nbsp;Po\u0159\u00ed\u010d\u00ed nad S\u00e1zavou putuj\u00ed lid\u00e9 od jeho smrti u\u017e po 79 let a v&nbsp;kostele sv. Havla se tam \u00fa\u010dastn\u00ed m\u0161e sv., kter\u00e1 je za n\u011bj ob\u011btov\u00e1na.<\/p>\n\n\n\n<p>&nbsp;&nbsp;&nbsp;&nbsp;&nbsp;&nbsp;&nbsp;&nbsp;&nbsp;&nbsp;&nbsp; Leto\u0161n\u00ed pou\u0165 se konala v&nbsp;sobotu 26. dubna 2014. Hlavn\u00edm celebrantem byl P.Bogdan Sikora OFMConv., provinci\u00e1l \u0159\u00e1du minorit\u016f. Otec Sikora ve sv\u00e9 promluv\u011b upozornil, \u017ee Nosek vstoupil do politiky v r. 1920 proto, aby do z\u00e1klad\u016f nov\u00e9ho st\u00e1tu \u2013 \u010ceskoslovenska \u2013 byly vlo\u017eeny k\u0159es\u0165ansk\u00e9 prvky. Nosek se nestyd\u011bl za evangelium, co\u017e se mo\u017en\u00e1 n\u011bkdy st\u00e1v\u00e1 n\u00e1m.<\/p>\n\n\n\n<p>&nbsp;&nbsp;&nbsp;&nbsp;&nbsp;&nbsp;&nbsp;&nbsp;&nbsp;&nbsp;&nbsp; Celebrovali t\u00e9\u017e kapuc\u00edn Augustin \u0160v\u00e1\u010dek OFMCap. a diec\u00e9zn\u00ed kn\u011bz Josef Smola, kter\u00fd l\u00e9ta p\u016fsobil ve m\u011bst\u011b Chrudimi, Noskov\u011b rodi\u0161ti. Ten se pak po m\u0161i sv., ve farn\u00edm s\u00e1le, s&nbsp;n\u00e1mi pod\u011blil o zaj\u00edmav\u00e9 detaily o pobytu Noskov\u00fdch rodi\u010d\u016f v&nbsp;Chrudimi a o jeho matce, kter\u00e1 t\u00e9\u017e poch\u00e1zela z&nbsp;v\u00fdchodn\u00edch \u010cech.<\/p>\n\n\n\n<p>&nbsp;&nbsp;&nbsp;&nbsp;&nbsp;&nbsp;&nbsp;&nbsp;&nbsp;&nbsp;&nbsp; Po\u0159\u00ed\u010dskou pou\u0165 spolupo\u0159\u00e1daj\u00ed Sekul\u00e1rn\u00ed franti\u0161k\u00e1nsk\u00fd \u0159\u00e1d a farnost v&nbsp;Po\u0159\u00ed\u010d\u00ed n. S. Slu\u0161\u00ed se ocenit dobrou spolupr\u00e1ci obou po\u0159adatel\u016f. Byli p\u0159\u00edtomni n\u00e1rodn\u00ed ministr SF\u0158 br. Ji\u0159\u00ed \u0160enk\u00fd\u0159 a z\u00e1stupce n\u00e1rodn\u00edho ministra br. Franti\u0161ek Reichel. Pouti se v\u0161ak obvykle \u00fa\u010dastn\u00ed i \u010dlenov\u00e9 hnut\u00ed K\u0159es\u0165an a pr\u00e1ce; letos p\u0159iputovalo cel\u00e9 jejich p\u0159edsednictvo. Je jim bl\u00edzk\u00e9 soci\u00e1ln\u00ed u\u010den\u00ed c\u00edrkve, o kter\u00e9m \u010dasto hovo\u0159il i Nosek, nap\u0159. na setk\u00e1n\u00edch Sdru\u017een\u00ed katolick\u00e9 ml\u00e1de\u017ee (SKM). Nosek je bl\u00edzk\u00fd i pro Hnut\u00ed fokol\u00e1re a to svou snahou o praktick\u00e9 uplatn\u011bn\u00ed k\u0159es\u0165anstv\u00ed nejen v&nbsp;soukrom\u00e9m, ale i ve ve\u0159ejn\u00e9m \u017eivot\u011b. K\u00e9\u017e d\u00e1 B\u016fh, abychom se sna\u017eili \u017e\u00edt svou v\u00edrou: nejen v soukrom\u00ed, ale i ve vztahu k&nbsp;bl\u00edzk\u00fdm lidem, i v&nbsp;zam\u011bstn\u00e1n\u00ed a p\u0159\u00edpadn\u011b i ve ve\u0159ejn\u00e9 funkci.<\/p>\n\n\n\n<p>Miloslav M\u00fcller OFS<\/p>\n\n\n\n<h4 class=\"wp-block-heading\">2004 -M\u0161e svat\u00e1 za Dr. Franti\u0161ka Noska &#8211; Po\u0159\u00ed\u010d\u00ed nad S\u00e1zavou &#8211; 17.4.<\/h4>\n\n\n\n<p><a href=\"http:\/\/www.sfr.cz\/clanek.aspx?a=2812\">Promluva o. biskupa Josefa Kajneka<\/a><\/p>\n\n\n\n<p>Zak\u00e1zat n\u011bkomu mluvit, to je ten nejm\u00edrn\u011bj\u0161\u00ed prost\u0159edek proti hl\u00e1s\u00e1n\u00ed evangelia. Z\u00e1hy apo\u0161tolov\u00e9 poznali v\u011bzn\u011bn\u00ed, mu\u010den\u00ed a smrt pro Krista. A to je zku\u0161enost c\u00edrkve cel\u00fdch dvaceti k\u0159es\u0165ansk\u00fdch stalet\u00ed. Bo\u017e\u00ed autorita m\u00e1 prvenstv\u00ed p\u0159ed ka\u017edou jinou. T\u00edm se c\u00edrkev v ka\u017ed\u00e9 dob\u011b dost\u00e1v\u00e1 do konfliktu s t\u00edmto sv\u011btem. A to je dobr\u00e1 zn\u00e1mka jej\u00ed autenticity, proto\u017ee ona nen\u00ed z tohoto sv\u011bta. A p\u0159esto jej\u00ed zakladatel, Zmrtv\u00fdchvstal\u00fd P\u00e1n, d\u00e1v\u00e1 v\u00fdslovn\u00fd p\u0159\u00edkaz apo\u0161tol\u016fm: &#8222;Jd\u011bte do cel\u00e9ho sv\u011bta a hl\u00e1sejte evangelium v\u0161emu tvorstvu!&#8220; Tento Je\u017e\u00ed\u0161\u016fv p\u0159\u00edkaz byl, podle ch\u00e1p\u00e1n\u00ed c\u00edrkve po cel\u00e1 stalet\u00ed, ur\u010den mision\u00e1\u0159\u016fm a snad tak\u00e9 v\u0161eobecn\u011b kn\u011b\u017e\u00edm a \u0159eholn\u00edk\u016fm. Od 2. vatik\u00e1nsk\u00e9ho koncilu (p\u0159edev\u0161\u00edm d\u00edk jeho konstituc\u00edm Gaudium et Spes a Lumen Gentium a dokument\u016fm n\u00e1sleduj\u00edc\u00edm Cristifideles laici a tak\u00e9 t\u011bm nejnov\u011bj\u0161\u00edm Nuovo milenio ineunte a Ecclesia in Europa) jsou v\u0161ichni laici, nekn\u011b\u017e\u00ed, povol\u00e1ni k apo\u0161tolsk\u00e9mu posl\u00e1n\u00ed.<\/p>\n\n\n\n<p>Osobnost Dr. Franti\u0161ka Noska z\u00e1\u0159\u00ed v d\u011bjin\u00e1ch minul\u00e9ho stolet\u00ed na\u0161eho n\u00e1roda jako sv\u011btlo k tomuto t\u00e9matu. Doba, pro katolickou c\u00edrkev velmi n\u00e1ro\u010dn\u00e1: Jej\u00ed postaven\u00ed v nov\u00e9 republice vyj\u00e1d\u0159il president slovy &#8222;katol\u00edci budou m\u00edt tolik pr\u00e1v, kolik si jich vybojuj\u00ed&#8220;. Tento Bo\u017e\u00ed mu\u017e vstupuje do sv\u011bta v\u011bdy, politiky, ekonomie ne jako militantn\u00ed katol\u00edk, ale jako slu\u017eebn\u00edk sv\u00fdm bli\u017en\u00edm, v\u011bcem ve\u0159ejn\u00fdm s pevn\u00fdmi z\u00e1sadami evangelia. Mu\u017e, kter\u00fd byl nesm\u00edrn\u011b zam\u011bstn\u00e1n a vyt\u00ed\u017een slu\u017ebou ve\u0159ejnosti a p\u0159itom pono\u0159en do Bo\u017e\u00ed p\u0159\u00edtomnosti, tak\u00e9 jako franti\u0161k\u00e1nsk\u00fd terci\u00e1\u0159. A\u010dkoli \u017eil v dob\u011b p\u0159ed 2. vat. koncilem, p\u0159edch\u00e1zel v tomto sm\u011bru jeho u\u010den\u00ed, pr\u00e1v\u011b tak jako zakladatel\u00e9 Evropsk\u00e9 Unie Schuman a de Gasperi, jejich\u017e svato\u0159e\u010den\u00ed se tak\u00e9 p\u0159ipravuje.<\/p>\n\n\n\n<p>Laick\u00e9 povol\u00e1n\u00ed znamen\u00e1 d\u00e1t pln\u011b a v\u011bdom\u011b svou kapacitu a schopnost pro \u0161\u00ed\u0159en\u00ed evangelia skrze svou profesi. St\u00e1t se svat\u00fdmi v politice, v rodin\u011b, v jak\u00e9mkoli zam\u011bstn\u00e1n\u00ed a stavu. Laici zasv\u011bcuj\u00ed Bohu sv\u011bt sv\u00fdm d\u016fsledn\u00fdm jedn\u00e1n\u00edm a t\u00edm, \u017ee k &#8222;ch\u016fzi&#8220; pou\u017e\u00edvaj\u00ed &#8222;dvou nohou&#8220;: l\u00e1sky a odbornosti, t\u00edm, \u017ee neodkl\u00e1daj\u00ed sv\u00e9 k\u0159es\u0165anstv\u00ed kdy\u017e p\u0159ijdou do pr\u00e1ce. Nejde o to sv\u011bd\u010dit slovem, ale p\u0159edev\u0161\u00edm sv\u00fdm jedn\u00e1n\u00edm. D\u0159\u00edve nebo pozd\u011bji, jako d\u016fsledek autentick\u00e9ho sv\u011bdectv\u00ed \u017eivotem, p\u0159ijde ot\u00e1zka, &#8222;pro\u010d jedn\u00e1\u0161 takto?&#8220;, kter\u00e1 d\u00e1 p\u0159\u00edle\u017eitost k tomu sv\u011bd\u010dit t\u0159eba i slovem.<\/p>\n\n\n\n<p>Hans Urs von Balthasar, \u0161v\u00fdcarsk\u00fd teologick\u00fd expert 2. vat. koncilu naz\u00fdv\u00e1 laick\u00fd stav v c\u00edrkvi ve 20.&nbsp;stolet\u00ed &#8211; &#8222;probuzen\u00fdm sp\u00edc\u00edm obrem&#8220;. T\u00edmto term\u00ednem cht\u011bl vyj\u00e1d\u0159it ty skryt\u00e9 rezervy, potenci\u00e1l, kter\u00fd c\u00edrkev m\u00e1 v laic\u00edch.<\/p>\n\n\n\n<p>Jedna charismatick\u00e1 osoba sou\u010dasn\u00e9 doby, tak\u00e9 laik, Chiara Lubichov\u00e1 v jedn\u00e9 meditaci na toto t\u00e9ma p\u00ed\u0161e: &#8222;Co p\u0159itahuje modern\u00ed sv\u011bt? Pono\u0159it se do nejhlub\u0161\u00ed kontemplace a z\u016fstat v z\u00e1stupu, \u010dlov\u011bk vedle \u010dlov\u011bka. Na\u0161\u00ed dobu p\u0159itahuje, stejn\u011b jako ostatn\u00ed doby, to nejlid\u0161t\u011bj\u0161\u00ed a to nejbo\u017e\u0161t\u011bj\u0161\u00ed, co si lze p\u0159edstavit: Je\u017e\u00ed\u0161 a Maria: SLOVO BO\u017d\u00cd &#8211; SYN TESA\u0158\u016eV, STOLICE MOUDROSTI &#8211; MATKA, \u017dENA V&nbsp;DOM\u00c1CNOSTI.<\/p>\n\n\n\n<p>Tuto m\u0161i svatou bych cht\u011bl ob\u011btovat nejen za Dr. Franti\u0161ka Noska, na n\u011bho\u017e zde ka\u017edoro\u010dn\u011b vzpom\u00edn\u00e1te a posilujete se jeho p\u0159\u00edkladem, ale tak\u00e9 jako prosbu, aby v na\u0161em n\u00e1rod\u011b a v cel\u00e9m evropsk\u00e9m kontinentu vyr\u016fstali laici, kte\u0159\u00ed budou posv\u011bcovat sv\u011bt.<\/p>\n\n\n\n<p>Dr. Nosek &#8211; <a href=\"https:\/\/www.frantiskani.cz\/index.php\/2021\/02\/20\/frantisek-lev-nosek-ofs\/\">medailonek na tomto webu od Lubom\u00edra Ml\u010docha<\/a><\/p>\n","protected":false},"excerpt":{"rendered":"<p>\u010cas plyne a p\u0159esto se st\u00e1le konaj\u00ed pouti do Po\u0159\u00ed\u010d\u00ed, kde je slavena m\u0161e svat\u00e1 kolem v\u00fdro\u010d\u00ed smrti dr. Franti\u0161ka Noska (1886-1935), terci\u00e1\u0159e sv. Franti\u0161ka. Snad se tyto pouti l\u00edb\u00ed P\u00e1nu Bohu; <\/p>\n","protected":false},"author":1,"featured_media":2252,"comment_status":"open","ping_status":"open","sticky":false,"template":"","format":"standard","meta":{"footnotes":""},"categories":[9,170,10],"tags":[209,210,208],"class_list":["post-2235","post","type-post","status-publish","format-standard","has-post-thumbnail","hentry","category-events","category-pozvanky-na-akce","category-zpravy-z-frantiskanske-rodiny","tag-nosek","tag-porici-nad-sazavou","tag-pout","latest_post"],"_links":{"self":[{"href":"https:\/\/www.frantiskani.cz\/index.php\/wp-json\/wp\/v2\/posts\/2235","targetHints":{"allow":["GET"]}}],"collection":[{"href":"https:\/\/www.frantiskani.cz\/index.php\/wp-json\/wp\/v2\/posts"}],"about":[{"href":"https:\/\/www.frantiskani.cz\/index.php\/wp-json\/wp\/v2\/types\/post"}],"author":[{"embeddable":true,"href":"https:\/\/www.frantiskani.cz\/index.php\/wp-json\/wp\/v2\/users\/1"}],"replies":[{"embeddable":true,"href":"https:\/\/www.frantiskani.cz\/index.php\/wp-json\/wp\/v2\/comments?post=2235"}],"version-history":[{"count":12,"href":"https:\/\/www.frantiskani.cz\/index.php\/wp-json\/wp\/v2\/posts\/2235\/revisions"}],"predecessor-version":[{"id":10828,"href":"https:\/\/www.frantiskani.cz\/index.php\/wp-json\/wp\/v2\/posts\/2235\/revisions\/10828"}],"wp:featuredmedia":[{"embeddable":true,"href":"https:\/\/www.frantiskani.cz\/index.php\/wp-json\/wp\/v2\/media\/2252"}],"wp:attachment":[{"href":"https:\/\/www.frantiskani.cz\/index.php\/wp-json\/wp\/v2\/media?parent=2235"}],"wp:term":[{"taxonomy":"category","embeddable":true,"href":"https:\/\/www.frantiskani.cz\/index.php\/wp-json\/wp\/v2\/categories?post=2235"},{"taxonomy":"post_tag","embeddable":true,"href":"https:\/\/www.frantiskani.cz\/index.php\/wp-json\/wp\/v2\/tags?post=2235"}],"curies":[{"name":"wp","href":"https:\/\/api.w.org\/{rel}","templated":true}]}}