{"id":2916,"date":"2021-10-28T09:02:08","date_gmt":"2021-10-28T07:02:08","guid":{"rendered":"https:\/\/www.frantiskani.cz\/?p=2916"},"modified":"2021-10-28T20:07:26","modified_gmt":"2021-10-28T18:07:26","slug":"pocatek-jezisovi-cesty-je-krest-v-lasce-jsi-milovany","status":"publish","type":"post","link":"https:\/\/www.frantiskani.cz\/index.php\/2021\/10\/28\/pocatek-jezisovi-cesty-je-krest-v-lasce-jsi-milovany\/","title":{"rendered":"Po\u010d\u00e1tek Je\u017e\u00ed\u0161ovy cesty je k\u0159est v l\u00e1sce &#8222;Jsi milovan\u00fd&#8220; (Richard Rohr OFM)"},"content":{"rendered":"\n<h2 class=\"wp-block-heading\"><em>A z nebes vy\u0161el hlas: \u201eTy jsi m\u016fj milovan\u00fd Syn, tebe jsem si vyvolil.\u201c \u010cEP &#8211;<\/em>Marka 1:11 ( pozn.: nebo <em>v tob\u011b m\u00e1m zal\u00edben\u00ed .. tebe jsem si obl\u00edbil &#8230;)<\/em><\/h2>\n\n\n\n<p><em>V homilii na sv\u00e1tek Je\u017e\u00ed\u0161ova k\u0159tu popisuje fr. Richard Rohr jak velkou s\u00edlu \u010derp\u00e1 z toho, \u017ee je milovan\u00fdm Bo\u017e\u00edm d\u00edt\u011btem.<\/em> T<em>y jsi m\u016fj milovan\u00fd&#8230;<\/em><\/p>\n\n\n\n<p>Duchovn\u00ed cestu nem\u016f\u017eeme za\u010d\u00edt negativn\u011b. Pokud budeme hledat Boha jen ze strachu, z viny nebo hanby (<em>d\u011bdictv\u00ed my\u0161lenky prvotn\u00edho h\u0159\u00edchu)<\/em>, nedojdeme daleko. Pokud za\u010dneme negativn\u011b, z\u016fstaneme negativn\u00ed. Mus\u00edme za\u010d\u00edt pozitivn\u011b \u2013 n\u00e1dhern\u00fdm z\u00e1\u017eitkem, n\u011b\u010d\u00edm, co je v\u011bt\u0161\u00ed ne\u017e n\u00e1\u0161 \u017eivot, n\u011b\u010d\u00edm, co n\u00e1s pono\u0159\u00ed do hlubin na\u0161\u00ed vlastn\u00ed bytosti. Takov\u00fd v\u00fdznam m\u00e1 slovo k\u0159est, &#8222;b\u00fdt pono\u0159en do.&#8220;<\/p>\n\n\n\n<h3 class=\"wp-block-heading\">Je\u017e\u00ed\u0161ovi je t\u0159icet let, kdy\u017e dojde k jeho k\u0159tu.<\/h3>\n\n\n\n<p> Podle Markova evangelia, <em>Dote\u010f ne\u0159ekl jedinou v\u011bc.<\/em> Dokud nebudeme v\u011bd\u011bt, \u017ee jsme milovan\u00fd syn nebo dcera nebo dokonce jen milovan\u00ed, nem\u00e1me d\u016fvod o tom mluvit. Jsme natolik pln\u00ed pochybnost\u00ed o sob\u011b, \u017ee pro ostatn\u00ed sv\u011bt nem\u00e1me evangelium. K\u0159tem byl Je\u017e\u00ed\u0161 pono\u0159en do tajemstv\u00ed hlubiny \u017eivota, smrti a l\u00e1sky. Tam v\u0161echno za\u010d\u00edn\u00e1 \u2013 dokonce i pro n\u011bj! Jednorozen\u00fd Syn Bo\u017e\u00ed to musel osobn\u011b usly\u0161et na vlastn\u00ed u\u0161i a pak ho nebylo mo\u017en\u00e9 zastavit. Pak m\u011bl slova evangelia pro ostatn\u00ed po cel\u00e9 dal\u0161\u00ed t\u0159i roky. Kone\u010dn\u011b na\u0161el svou vlastn\u00ed du\u0161i, svou vlastn\u00ed identitu a sv\u016fj smysl \u017eivota.<\/p>\n\n\n\n<h3 class=\"wp-block-heading\"> Po \u010dtrn\u00e1cti letech slu\u017eby kaplana ve v\u011bznic\u00edch Albuquerque  <\/h3>\n\n\n\n<p>Po \u010dtrn\u00e1cti letech slu\u017eby kaplana ve v\u011bznic\u00edch Albuquerque jsem p\u0159esv\u011bd\u010den, \u017ee d\u016fvod, pro\u010d lid\u00e9 d\u011blaj\u00ed v \u017eivot\u011b velk\u00e9 chyby, je ten, \u017ee nikdy nesly\u0161eli to, co Je\u017e\u00ed\u0161 usly\u0161el v den sv\u00e9ho k\u0159tu. Nikdy od druh\u00fdch, nato\u017e z nebe, nesly\u0161eli slova: &#8222;Jsi milovan\u00fd syn. Jsi milovan\u00e1 dcera a v tob\u011b jsem na\u0161el zal\u00edben\u00ed.&#8220; Pokud jsme nikdy nepoznali n\u011bkoho, kdo by v n\u00e1s v\u011b\u0159il, kdo by n\u00e1s pot\u011b\u0161il, ujistil n\u00e1s o na\u0161\u00ed cen\u011b, nazval n\u00e1s milovan\u00fdmi, nem\u00e1me skute\u010dn\u00fd start. Neobdr\u017eeli jsme vzru\u0161uj\u00edc\u00ed z\u00e1\u017eitek l\u00e1sky, a proto se po cel\u00fd \u017eivot sna\u017e\u00edme budovat z\u00e1klady pro sv\u016fj \u017eivot jen slovy: &#8222;Jsem v po\u0159\u00e1dku, jsem \u00fa\u017easn\u00fd, jsem skv\u011bl\u00e1.&#8220; Ale ve skute\u010dnosti tomu opravdu nev\u011b\u0159\u00edme. Ono takov\u00e9 siln\u00e9 uji\u0161t\u011bn\u00ed mus\u00ed p\u0159ij\u00edt od n\u011bkoho v\u011bt\u0161\u00edho, ne\u017e jsme my. Nejprve samoz\u0159ejm\u011b od rodi\u010d\u016f &#8211; je to jejich hlavn\u00ed \u00fakol \u2013 sd\u011blit sv\u00e9mu d\u00edt\u011bti, \u017ee je milovan\u00e9, \u017ee je nav\u017edy d\u00edt\u011btem Bo\u017e\u00edm. Na\u0161e v\u011bznice jsou p\u0159epln\u011bn\u00e9 lidmi, kte\u0159\u00ed nikdy nesly\u0161eli ono z\u00e1kladn\u00ed poselstv\u00ed \u2013 a nejen oni &#8211; bohu\u017eel se to t\u00fdk\u00e1 velk\u00e9 \u010d\u00e1sti na\u0161eho sv\u011bta.<\/p>\n\n\n\n<h3 class=\"wp-block-heading\"> Jedin\u00fdm \u00fakolem evangelia, a dokonce i n\u00e1bo\u017eenstv\u00ed je sd\u011blit : &#8222;Jsi Bohem milovan\u00fd&#8220;<\/h3>\n\n\n\n<p>Jedin\u00fdm \u00fakolem evangelia, a dokonce i n\u00e1bo\u017eenstv\u00ed, je sd\u011blit tuto jedinou a v\u011b\u010dnou pravdu. Jakmile se n\u00e1m j\u00ed dostane do srdce, nic u\u017e n\u00e1s nem\u016f\u017ee zastavit a nikdo n\u00e1m j\u00ed nem\u016f\u017ee vz\u00edt, proto\u017ee je darov\u00e1na Bohem &#8211; v\u017edy a v\u0161ude pro ty, kte\u0159\u00ed j\u00ed p\u0159ijmou s v\u00edrou. M\u00fdm jedin\u00fdm \u00fakolem a \u00fakolem ka\u017ed\u00e9ho kazatele je pokusit se napodobit a hl\u00e1sat ono v\u011b\u010dn\u00e9 poselstv\u00ed Bo\u017e\u00ed, kter\u00e9 je schopn\u00e9 iniciovat v\u0161e dobr\u00e9 na t\u00e9to zemi \u2013 Jste milovan\u00e9 d\u011bti Bo\u017e\u00ed!<\/p>\n\n\n\n<p><a href=\"https:\/\/cac.org\/podcasts\/feast-of-the-baptism-of-jesusyou-must-start-with-something-positive\/?&amp;utm_source=cm&amp;utm_medium=email&amp;utm_campaign=cm&amp;utm_content=reference\">Richard Rohr OFM<\/a><\/p>\n","protected":false},"excerpt":{"rendered":"<p>Pokud jsme nikdy nepoznali n\u011bkoho, kdo by v n\u00e1s v\u011b\u0159il, kdo by n\u00e1s pot\u011b\u0161il, ujistil n\u00e1s o na\u0161\u00ed cen\u011b, nazval n\u00e1s milovan\u00fdmi, nem\u00e1me skute\u010dn\u00fd start. Neobdr\u017eeli jsme vzru\u0161uj\u00edc\u00ed z\u00e1\u017eitek l\u00e1sky<\/p>\n","protected":false},"author":1,"featured_media":2917,"comment_status":"open","ping_status":"open","sticky":false,"template":"","format":"standard","meta":{"footnotes":""},"categories":[198],"tags":[238,154],"class_list":["post-2916","post","type-post","status-publish","format-standard","has-post-thumbnail","hentry","category-richard-rohr-ofm-centrum-pro-zivot-a-rozjimani","tag-richard-rohr-ofm","tag-laska","latest_post"],"_links":{"self":[{"href":"https:\/\/www.frantiskani.cz\/index.php\/wp-json\/wp\/v2\/posts\/2916","targetHints":{"allow":["GET"]}}],"collection":[{"href":"https:\/\/www.frantiskani.cz\/index.php\/wp-json\/wp\/v2\/posts"}],"about":[{"href":"https:\/\/www.frantiskani.cz\/index.php\/wp-json\/wp\/v2\/types\/post"}],"author":[{"embeddable":true,"href":"https:\/\/www.frantiskani.cz\/index.php\/wp-json\/wp\/v2\/users\/1"}],"replies":[{"embeddable":true,"href":"https:\/\/www.frantiskani.cz\/index.php\/wp-json\/wp\/v2\/comments?post=2916"}],"version-history":[{"count":2,"href":"https:\/\/www.frantiskani.cz\/index.php\/wp-json\/wp\/v2\/posts\/2916\/revisions"}],"predecessor-version":[{"id":2920,"href":"https:\/\/www.frantiskani.cz\/index.php\/wp-json\/wp\/v2\/posts\/2916\/revisions\/2920"}],"wp:featuredmedia":[{"embeddable":true,"href":"https:\/\/www.frantiskani.cz\/index.php\/wp-json\/wp\/v2\/media\/2917"}],"wp:attachment":[{"href":"https:\/\/www.frantiskani.cz\/index.php\/wp-json\/wp\/v2\/media?parent=2916"}],"wp:term":[{"taxonomy":"category","embeddable":true,"href":"https:\/\/www.frantiskani.cz\/index.php\/wp-json\/wp\/v2\/categories?post=2916"},{"taxonomy":"post_tag","embeddable":true,"href":"https:\/\/www.frantiskani.cz\/index.php\/wp-json\/wp\/v2\/tags?post=2916"}],"curies":[{"name":"wp","href":"https:\/\/api.w.org\/{rel}","templated":true}]}}