{"id":2924,"date":"2021-10-29T10:06:33","date_gmt":"2021-10-29T08:06:33","guid":{"rendered":"https:\/\/www.frantiskani.cz\/?p=2924"},"modified":"2021-10-29T10:06:38","modified_gmt":"2021-10-29T08:06:38","slug":"byt-bohem-znamena-byt-skutecnym","status":"publish","type":"post","link":"https:\/\/www.frantiskani.cz\/index.php\/2021\/10\/29\/byt-bohem-znamena-byt-skutecnym\/","title":{"rendered":"B\u00fdt &#8222;Bohem znamen\u00e1 b\u00fdt skute\u010dn\u00fdm&#8220;"},"content":{"rendered":"\n<h2 class=\"wp-block-heading\"><em>Ka\u017ed\u00fd je b\u016fh.<\/em> \u2014biskup Michael Curry, (<em>L\u00e1ska je cesta)<\/em><\/h2>\n\n\n\n<p><em>Biskup Michael Curry, s n\u00edm\u017e fr. Richard p\u0159i n\u011bkolika p\u0159\u00edle\u017eitostech spolupracoval, se s n\u00edm sd\u00edlel o my\u0161lenky, jak n\u00e1m na\u0161e v\u011bdom\u00ed, \u017ee jsme &#8222;skute\u010dn\u00ed a jedine\u010dn\u00ed bohov\u00e9&#8220;, umo\u017e\u0148uje milovat sebe i druh\u00e9:<\/em><\/p>\n\n\n\n<p>Bo\u017e\u00ed l\u00e1ska, Bo\u017e\u00ed vol\u00e1n\u00ed, kter\u00e9 n\u00e1s ka\u017ed\u00fd den v \u017eivot\u011b prov\u00e1z\u00ed je sou\u010d\u00e1st\u00ed jeho v\u00fdzvy, abychom se stali prav\u00fdm a nefal\u0161ovan\u00fdm J\u00e1&#8230; Nejsme napodobeninou n\u011bkoho jin\u00e9ho. Jsme jedine\u010dn\u00ed, u\u010din\u011bn\u00ed k obrazu Bo\u017e\u00edmu. Jsme skute\u010dn\u00ed.<\/p>\n\n\n\n<h4 class=\"wp-block-heading\">N\u00e1\u0161 \u017eivot napln\u00edme objeven\u00edm sv\u00e9ho prav\u00e9ho j\u00e1<\/h4>\n\n\n\n<p>N\u00e1\u0161 \u017eivot nen\u00ed o ob\u011bti &#8211; nejde o to pop\u0159\u00edt s\u00e1m sebe a\u017e k sebeob\u011btov\u00e1n\u00ed. Ne. Je to hled\u00e1n\u00ed a objevov\u00e1n\u00ed na\u0161eho prav\u00e9ho j\u00e1. Prav\u00e9 j\u00e1 vych\u00e1z\u00ed z obrazu Bo\u017e\u00edho, kter\u00fdm jsme ka\u017ed\u00fd z n\u00e1s. Mnoho lid\u00ed zn\u00e1 Je\u017e\u00ed\u0161ovo shrnut\u00ed Moj\u017e\u00ed\u0161ova z\u00e1kona: &#8222;Miluj bli\u017en\u00edho sv\u00e9ho jako sebe sama&#8220;. Milovat sebe vytv\u00e1\u0159\u00ed rovnov\u00e1hu ve vztaz\u00edch s druh\u00fdmi. Milovat bli\u017en\u00edho znamen\u00e1 uv\u011bdomovat si, \u017ee i oni jsou vytvo\u0159eni k obrazu Bo\u017e\u00edmu, stejn\u011b jako my. Uv\u011bdomovat si \u017ee tud\u00ed\u017e je B\u016fh kolem n\u00e1s v\u0161ude, proto\u017ee B\u016fh je L\u00e1ska.<\/p>\n\n\n\n<h4 class=\"wp-block-heading\"> Schopnost milovat sebe souvis\u00ed velmi \u00fazce s na\u0161\u00ed schopnost\u00ed milovat druh\u00e9. <\/h4>\n\n\n\n<p>Schopnost milovat sebe souvis\u00ed velmi \u00fazce s na\u0161\u00ed schopnost\u00ed milovat druh\u00e9. Pot\u0159ebujeme se nau\u010dit plnit ob\u011b pot\u0159eby &#8211; milovat sebe i druh\u00e9. B\u016fh n\u00e1s k tomu osvobozuje, je l\u00e1skypln\u00fd a je d\u00e1rcem \u017eivota. Jestli\u017ee sd\u00edl\u00edme s ostatn\u00edmi Bo\u017e\u00ed l\u00e1sku, osvobozuje n\u00e1s to k tomu, abychom l\u00e9pe \u017eili tam, kde jsme. Tak n\u00e1sledn\u011b objev\u00edme m\u00edsto, kde se setk\u00e1 radost a skute\u010dn\u00fd \u017eivot. (Frederick Buechner <em>Zbo\u017en\u00e9 p\u0159\u00e1n\u00ed: Teologick\u00e1 ABC<\/em>.)<\/p>\n\n\n\n<p>Slovy m\u00e9 babi\u010dky: &#8222;M\u00e1me dobr\u00e9ho Boha a dobr\u00e9 evangelium.&#8220; . . . Osobn\u00ed prom\u011bny v \u017eivot\u011b nast\u00e1vaj\u00ed tehdy , kdy\u017e se za\u010dneme pohybovat podle Bo\u017e\u00ed GPS. Vid\u011bl jsem n\u00e1sledn\u011b mnoho osobnostn\u00edch prom\u011bn, v\u010detn\u011b t\u00e9 moj\u00ed&#8230;<\/p>\n\n\n\n<h4 class=\"wp-block-heading\">Na\u0161e posl\u00e1n\u00ed<\/h4>\n\n\n\n<p>C\u00edt\u00edm, \u017ee m\u00fdm posl\u00e1n\u00edm je p\u011bstovat jak\u00e9koliv sem\u00ednko l\u00e1sky a vys\u00e9vat jej d\u00e1l a to zvl\u00e1\u0161t\u011b za \u0161patn\u00e9ho po\u010das\u00ed. nen\u00ed to po\u0161etil\u00e9. Pozn\u00e1v\u00e1m jak moje mal\u00e1 sem\u00ednka zapadaj\u00ed do velk\u00e9ho pole sv\u011bta. jedin\u00e9 co pak mohu d\u011blat je kontrolovat znovu a znovu, zda m\u00e9 jedn\u00e1n\u00ed je z l\u00e1sky. Pak jsou toti\u017e sou\u010d\u00e1st\u00ed velk\u00e9ho r\u016fstu l\u00e1sky ve sv\u011bt\u011b a pr\u00e1v\u011b to je Bo\u017e\u00ed v\u016fle&#8230;<\/p>\n\n\n\n<p>Mal\u00fd akt sice nen\u00ed hned vid\u011bt, ale je mi jasn\u00e9, \u017ee v\u0161ichni jsme schopni m\u011bnit sv\u011bt a jsme odpov\u011bdn\u00ed za na\u0161e sem\u00ednka l\u00e1sky, za jejich zal\u00e9v\u00e1n\u00ed a za jejich r\u016fst<\/p>\n\n\n\n<p>Michael Curry se Sarou Grace, <em>L\u00e1ska je cesta: Dr\u017eet se nad\u011bje v znepokojuj\u00edc\u00edch \u010dasech<\/em> (Avery: 2020), 95\u201396, 97, 134, 139.<\/p>\n\n\n\n<p><a href=\"https:\/\/www.frantiskani.cz\/index.php\/category\/richard-rohr-ofm-centrum-pro-zivot-a-rozjimani\/\">https:\/\/www.frantiskani.cz\/index.php\/category\/richard-rohr-ofm-centrum-pro-zivot-a-rozjimani\/<\/a><\/p>\n","protected":false},"excerpt":{"rendered":"<p>N\u00e1\u0161 \u017eivot nen\u00ed o ob\u011bti &#8211; nejde o to pop\u0159\u00edt s\u00e1m sebe a\u017e k sebeob\u011btov\u00e1n\u00ed. Ne. Je to hled\u00e1n\u00ed a objevov\u00e1n\u00ed na\u0161eho prav\u00e9ho j\u00e1. Prav\u00e9 j\u00e1 vych\u00e1z\u00ed z obrazu Bo\u017e\u00edho, kter\u00fdm jsme ka\u017ed\u00fd z n\u00e1s.<\/p>\n","protected":false},"author":1,"featured_media":2925,"comment_status":"open","ping_status":"open","sticky":false,"template":"","format":"standard","meta":{"footnotes":""},"categories":[198],"tags":[151,238],"class_list":["post-2924","post","type-post","status-publish","format-standard","has-post-thumbnail","hentry","category-richard-rohr-ofm-centrum-pro-zivot-a-rozjimani","tag-byt-sam-sebou","tag-richard-rohr-ofm","latest_post"],"_links":{"self":[{"href":"https:\/\/www.frantiskani.cz\/index.php\/wp-json\/wp\/v2\/posts\/2924","targetHints":{"allow":["GET"]}}],"collection":[{"href":"https:\/\/www.frantiskani.cz\/index.php\/wp-json\/wp\/v2\/posts"}],"about":[{"href":"https:\/\/www.frantiskani.cz\/index.php\/wp-json\/wp\/v2\/types\/post"}],"author":[{"embeddable":true,"href":"https:\/\/www.frantiskani.cz\/index.php\/wp-json\/wp\/v2\/users\/1"}],"replies":[{"embeddable":true,"href":"https:\/\/www.frantiskani.cz\/index.php\/wp-json\/wp\/v2\/comments?post=2924"}],"version-history":[{"count":1,"href":"https:\/\/www.frantiskani.cz\/index.php\/wp-json\/wp\/v2\/posts\/2924\/revisions"}],"predecessor-version":[{"id":2926,"href":"https:\/\/www.frantiskani.cz\/index.php\/wp-json\/wp\/v2\/posts\/2924\/revisions\/2926"}],"wp:featuredmedia":[{"embeddable":true,"href":"https:\/\/www.frantiskani.cz\/index.php\/wp-json\/wp\/v2\/media\/2925"}],"wp:attachment":[{"href":"https:\/\/www.frantiskani.cz\/index.php\/wp-json\/wp\/v2\/media?parent=2924"}],"wp:term":[{"taxonomy":"category","embeddable":true,"href":"https:\/\/www.frantiskani.cz\/index.php\/wp-json\/wp\/v2\/categories?post=2924"},{"taxonomy":"post_tag","embeddable":true,"href":"https:\/\/www.frantiskani.cz\/index.php\/wp-json\/wp\/v2\/tags?post=2924"}],"curies":[{"name":"wp","href":"https:\/\/api.w.org\/{rel}","templated":true}]}}