{"id":2934,"date":"2021-11-01T10:05:05","date_gmt":"2021-11-01T09:05:05","guid":{"rendered":"https:\/\/www.frantiskani.cz\/?p=2934"},"modified":"2021-11-05T19:39:39","modified_gmt":"2021-11-05T18:39:39","slug":"spolecne-blaho","status":"publish","type":"post","link":"https:\/\/www.frantiskani.cz\/index.php\/2021\/11\/01\/spolecne-blaho\/","title":{"rendered":"Nadace pro spole\u010dn\u00e9 blaho"},"content":{"rendered":"\n<p>&nbsp;<em>Jim Wallis, zakladatel organizace a \u010dasopisu &#8222;Sojourners&#8220; v USA a dlouholet\u00fd p\u0159\u00edtel franti\u0161k\u00e1na Richarda Rohra, spojuje my\u0161lenku obecn\u00e9ho blaha s Je\u017e\u00ed\u0161ov\u00fdm prohl\u00e1\u0161en\u00edm o Kr\u00e1lovstv\u00ed Bo\u017e\u00edm.<\/em><\/p>\n\n\n\n<p>Domn\u00edv\u00e1m se, \u017ee mor\u00e1ln\u00edm p\u0159edpokladem pro \u0159e\u0161en\u00ed nejhlub\u0161\u00edch probl\u00e9m\u016f, kter\u00fdm sv\u011bt nyn\u00ed \u010del\u00ed, je z\u00e1vazek ke star\u00e9 my\u0161lence, kterou pot\u0159ebujeme op\u011bt o\u017eivt: spole\u010dn\u00e9 dobro. . . .<\/p>\n\n\n\n<h4 class=\"wp-block-heading\">N\u00e1vod na zlep\u0161en\u00ed &#8211; \u017e\u00edt pro blaho druh\u00fdch<\/h4>\n\n\n\n<p>Spole\u010dn\u00fd \u017eivot na zemi se m\u016f\u017ee zlep\u0161it. Doba je posledn\u00ed stalet\u00ed povrchn\u00ed a sobeck\u00e1 a proto se pot\u0159ebujeme obr\u00e1tit od starosti jen o sebe k p\u00e9\u010d\u00ed jeden o druh\u00e9ho. Nastal \u010das hledat jin\u00fd zp\u016fsob \u017eivota, \u010das vr\u00e1tit se k prastar\u00e9 my\u0161lence &#8211; \u017e\u00edt pro spole\u010dn\u00e9 dobro. Je\u017e\u00ed\u0161 n\u00e1s ke spole\u010dn\u00e9mu dobru povolal, kdy\u017e hl\u00e1sal Bo\u017e\u00ed kr\u00e1lovstv\u00ed \u2013 kdy\u017e zve\u0159ejnil my\u0161lenku nov\u00e9ho \u0159\u00e1du, kter\u00fd se li\u0161\u00ed od politick\u00fdch a n\u00e1bo\u017eensk\u00fdch panstv\u00ed sv\u011bta. Nov\u00fd \u0159\u00e1d, nov\u00fd a lep\u0161\u00ed zp\u016fsob \u017eivota, m\u011bl b\u00fdt p\u0159\u00ednosn\u00fd nejen pro Je\u017e\u00ed\u0161ovi n\u00e1sledovn\u00edky, ale pro v\u0161echny lidi.<\/p>\n\n\n\n<figure class=\"wp-block-image size-full\"><img decoding=\"async\" src=\"data:image\/gif;base64,R0lGODlhAQABAAAAACH5BAEKAAEALAAAAAABAAEAAAICTAEAOw==\" data-layzr=\"https:\/\/www.frantiskani.cz\/wp-content\/uploads\/2021\/11\/kazani.jpg\" alt=\"\" class=\"wp-image-2936\"\/><\/figure>\n\n\n\n<h4 class=\"wp-block-heading\"> K\u0159es\u0165anstv\u00ed je v\u00fdzva ke vztahu k Bohu <\/h4>\n\n\n\n<p>K\u0159es\u0165anstv\u00ed nen\u00ed n\u00e1bo\u017eenstv\u00ed, kter\u00e9 p\u0159id\u011bluje n\u011bkter\u00fdm lidem l\u00edstek do nebe a \u010din\u00ed je tak soudci v\u0161ech ostatn\u00edch. K\u0159es\u0165anstv\u00ed je v\u00fdzva ke vztahu k Bohu, kter\u00fd zm\u011bn\u00ed v\u0161echny na\u0161e ostatn\u00ed vztahy. Je\u017e\u00ed\u0161 n\u00e1m \u0159ekl, \u017ee nov\u00fd vztah s Bohem n\u00e1s p\u0159iv\u00e1d\u00ed do nov\u00e9ho vztahu s na\u0161imi bli\u017en\u00edmi, a to i s nejzraniteln\u011bj\u0161\u00edmi kolem n\u00e1s, a dokonce i s na\u0161imi nep\u0159\u00e1teli. Je\u017e\u00ed\u0161ova v\u00fdzva ka\u017ed\u00e9mu z n\u00e1s milovat bli\u017en\u00ed kolem n\u00e1s je z\u00e1kladem pro obnoven\u00ed a znovuz\u00edsk\u00e1n\u00ed obecn\u00e9ho blaha v na\u0161\u00ed spole\u010dnosti, kterou na\u0161e soudob\u00e1 kultura, politika a dokonce i n\u00e1bo\u017eenstv\u00ed zanedbalo.<\/p>\n\n\n\n<h4 class=\"wp-block-heading\">Zlat\u00e9 pravidlo<\/h4>\n\n\n\n<p>Judaismus u\u017e d\u00e1vno p\u0159ed k\u0159es\u0165anstv\u00edm vyznal, \u017ee n\u00e1\u0161 vztah s Bohem m\u00e1 v\u00e9st ke zm\u011bn\u011b v\u0161ech na\u0161ich ostatn\u00edch vztah\u016f. (v\u017edy\u0165 Je\u017e\u00ed\u0161 cituje z knihy Z\u00e1kona Deuteronomium 6:5 a Leviticus 19:18). . . Ve skute\u010dnosti prakticky v\u0161echna hlavn\u00ed sv\u011btov\u00e1 n\u00e1bo\u017eenstv\u00ed po celou dobu sv\u00e9 existence \u0159\u00edkaj\u00ed, \u017ee svou l\u00e1sku k Bohu nem\u016f\u017eeme odd\u011blit od l\u00e1sky ke sv\u00e9mu bli\u017en\u00edmu, k bratr\u016fm a sestr\u00e1m. Lid\u00e9 bez n\u00e1bo\u017eenstv\u00ed souhlas\u00ed podobnou my\u0161lenkou &#8222;Zlat\u00e9ho pravidla&#8220;: &#8222;D\u011blejte druh\u00fdm to, co byste cht\u011bli, aby oni d\u011blali v\u00e1m &#8220; (Luk\u00e1\u0161 6:31). . . .<\/p>\n\n\n\n<p><em>I kdy\u017e n\u011bjak\u00e1 forma Zlat\u00e9ho pravidla existuje s n\u00e1mi ji\u017e po tis\u00edce let, zd\u00e1 se, \u017ee  jsme ztratili smysl pro jeho v\u00fdznam a nevyu\u017e\u00edv\u00e1me jeho s\u00edlu ke zm\u011bn\u011b spole\u010dn\u00e9ho dobra. Wallis proto nal\u00e9h\u00e1:<\/em><\/p>\n\n\n\n<h4 class=\"wp-block-heading\">Za\u010dn\u011bme nanovo<\/h4>\n\n\n\n<p>Nastal \u010das za\u010d\u00edt znovu hledat opom\u00edjen\u00e9 spole\u010dn\u00e9 blaho a u\u010dit se, jak by n\u00e1m na\u0161e v\u00edra mohla v tomto d\u016fle\u017eit\u00e9m \u00fakolu pomoci (m\u00edsto aby n\u00e1s od n\u011bj odvracela). N\u00e1\u0161 ve\u0159ejn\u00fd \u017eivot by se t\u00edm mohl zlep\u0161it, \u010di dokonce \u00fapln\u011b prom\u011bnit nebo se zcela uzdravit, jen kdybychom za\u010dali <em>opravdov\u011b<\/em> <em>\u017e\u00edt, to co k\u00e1\u017eeme. <\/em>Za\u010d\u00edt m\u011bnit n\u00e1\u0161 osobn\u00ed \u017eivot; l\u00e9pe se rozhodovat v \u017eivot\u011b, v na\u0161ich rodin\u00e1ch; v na\u0161em zam\u011bstn\u00e1n\u00ed \u010di povol\u00e1n\u00ed; zm\u011bnit zp\u016fsob na\u0161\u00ed slu\u017eby v kostele, v synagoze \u010di me\u0161it\u011b &#8211; zm\u011bnit n\u00e1\u0161  spole\u010dn\u00fd dialog. Na\u0161e n\u00e1bo\u017eensk\u00e9 komunity s mohou radik\u00e1ln\u011bji zapojit do slu\u017eby l\u00e1sky k bli\u017en\u00edmu, p\u0159i slu\u017eb\u011b Bohu a k spole\u010dn\u00e9mu dobru.<\/p>\n\n\n\n<p>Jim Wallis, <em>The (Un)Common Good: How the Gospel Brings Hope to a World Divided<\/em> (Brazos Press: 2014), xi, 3\u20124, 5.<\/p>\n\n\n\n<p><a href=\"https:\/\/cac.org\/category\/daily-meditations\/\">https:\/\/cac.org\/category\/daily-meditations\/<\/a><\/p>\n","protected":false},"excerpt":{"rendered":"<p>Pr\u00e1v\u011b dnes nastal \u010das za\u010d\u00edt znovu hledat opom\u00edjen\u00e9 spole\u010dn\u00e9 blaho a u\u010dit se, jak by n\u00e1m na\u0161e v\u00edra mohla v tomto d\u016fle\u017eit\u00e9m \u00fakolu pomoci (m\u00edsto aby n\u00e1s od n\u011bj odvracela). N\u00e1\u0161 ve\u0159ejn\u00fd \u017eivot by se pak mohl zlep\u0161it, dokonce \u00fapln\u011b prom\u011bnit nebo se zcela uzdravit, jen kdyby na\u0161e osobn\u00ed n\u00e1bo\u017eenstv\u00ed za\u010dalo opravdov\u011b \u017e\u00edt, to co k\u00e1\u017eeme. <\/p>\n","protected":false},"author":1,"featured_media":2932,"comment_status":"open","ping_status":"open","sticky":false,"template":"","format":"standard","meta":{"footnotes":""},"categories":[198],"tags":[242],"class_list":["post-2934","post","type-post","status-publish","format-standard","has-post-thumbnail","hentry","category-richard-rohr-ofm-centrum-pro-zivot-a-rozjimani","tag-spolecne-dobro","latest_post"],"_links":{"self":[{"href":"https:\/\/www.frantiskani.cz\/index.php\/wp-json\/wp\/v2\/posts\/2934","targetHints":{"allow":["GET"]}}],"collection":[{"href":"https:\/\/www.frantiskani.cz\/index.php\/wp-json\/wp\/v2\/posts"}],"about":[{"href":"https:\/\/www.frantiskani.cz\/index.php\/wp-json\/wp\/v2\/types\/post"}],"author":[{"embeddable":true,"href":"https:\/\/www.frantiskani.cz\/index.php\/wp-json\/wp\/v2\/users\/1"}],"replies":[{"embeddable":true,"href":"https:\/\/www.frantiskani.cz\/index.php\/wp-json\/wp\/v2\/comments?post=2934"}],"version-history":[{"count":4,"href":"https:\/\/www.frantiskani.cz\/index.php\/wp-json\/wp\/v2\/posts\/2934\/revisions"}],"predecessor-version":[{"id":2948,"href":"https:\/\/www.frantiskani.cz\/index.php\/wp-json\/wp\/v2\/posts\/2934\/revisions\/2948"}],"wp:featuredmedia":[{"embeddable":true,"href":"https:\/\/www.frantiskani.cz\/index.php\/wp-json\/wp\/v2\/media\/2932"}],"wp:attachment":[{"href":"https:\/\/www.frantiskani.cz\/index.php\/wp-json\/wp\/v2\/media?parent=2934"}],"wp:term":[{"taxonomy":"category","embeddable":true,"href":"https:\/\/www.frantiskani.cz\/index.php\/wp-json\/wp\/v2\/categories?post=2934"},{"taxonomy":"post_tag","embeddable":true,"href":"https:\/\/www.frantiskani.cz\/index.php\/wp-json\/wp\/v2\/tags?post=2934"}],"curies":[{"name":"wp","href":"https:\/\/api.w.org\/{rel}","templated":true}]}}