{"id":2949,"date":"2021-11-05T19:59:19","date_gmt":"2021-11-05T18:59:19","guid":{"rendered":"https:\/\/www.frantiskani.cz\/?p=2949"},"modified":"2021-11-05T19:59:20","modified_gmt":"2021-11-05T18:59:20","slug":"mit-zajem-o-dobro-sveta","status":"publish","type":"post","link":"https:\/\/www.frantiskani.cz\/index.php\/2021\/11\/05\/mit-zajem-o-dobro-sveta\/","title":{"rendered":"M\u00edt z\u00e1jem o dobro sv\u011bta"},"content":{"rendered":"\n<h2 class=\"wp-block-heading\">Katolick\u00e1 c\u00edrkev o soci\u00e1ln\u00ed nauce c\u00edrkve<\/h2>\n\n\n\n<p><em>Z\u00e1vazek ke spole\u010dn\u00e9mu dobru je hluboce zako\u0159en\u011bn jak v P\u00edsmu, tak v soci\u00e1ln\u00edm u\u010den\u00ed a nauce katolick\u00e9 c\u00edrkve. Auto\u0159i Chris Korzen a Alexia Kelley <\/em><em>n\u00e1m <\/em><em>nab\u00edzej\u00ed tento stru\u010dn\u00fd n\u00e1stin:<\/em><\/p>\n\n\n\n<p>Katolick\u00e1 p\u0159edstava spole\u010dn\u00e9ho dobra je stejn\u011b tak jasn\u00e1 jako n\u00e1ro\u010dn\u00e1. <em>Kompendium soci\u00e1ln\u00ed nauky C\u00edrkve<\/em>, kter\u00fd Vatik\u00e1n vydal v roce 2004, konstatuje, \u017ee specifick\u00e9 &#8222;po\u017eadavky&#8220; spole\u010dn\u00e9ho blaha jsou hluboce spojeny se z\u00e1kladn\u00ed d\u016fstojnost\u00ed a pr\u00e1vy lidsk\u00e9 osoby:<\/p>\n\n\n\n<h4 class=\"wp-block-heading\">Po\u017eadavky na spole\u010dn\u00e9 dobro<\/h4>\n\n\n\n<p>Po\u017eadavky spole\u010dn\u00e9ho blaha se t\u00fdkaj\u00ed p\u0159edev\u0161\u00edm z\u00e1vazku \u017e\u00edt v m\u00edru, db\u00e1t na spr\u00e1vnou pravomoc st\u00e1tu &#8211; vytvo\u0159it v n\u011bm \u0159\u00e1dn\u00fd pr\u00e1vn\u00ed syst\u00e9m, chr\u00e1nit \u017eivotn\u00ed prost\u0159ed\u00ed a poskytovat z\u00e1kladn\u00ed slu\u017eby v\u0161em. N\u011bkter\u00e9 po\u017eadavky jsou z\u00e1rove\u0148 lidsk\u00fdmi pr\u00e1vy: potraviny, bydlen\u00ed, pr\u00e1ce, vzd\u011bl\u00e1v\u00e1n\u00ed a p\u0159\u00edstup ke kultu\u0159e, doprav\u011b, k z\u00e1kladn\u00ed zdravotn\u00ed p\u00e9\u010di, \u017e\u00edt ve svobod\u011b komunikace a projevu a ochrana n\u00e1bo\u017eensk\u00e9 svobody. [1]<\/p>\n\n\n\n<h4 class=\"wp-block-heading\">Z\u00e1vazek ke spole\u010dn\u00e9mu dobru<\/h4>\n\n\n\n<p>Z\u00e1vazek ke spole\u010dn\u00e9mu dobru sah\u00e1 a\u017e k sam\u00fdm po\u010d\u00e1tk\u016fm na\u0161\u00ed v\u00edry a m\u00e1 ko\u0159eny ve Star\u00e9m i Nov\u00e9m z\u00e1kon\u011b. Hebrejsk\u00e1 p\u00edsma vyz\u00fdvaj\u00ed \u010dten\u00e1\u0159e, aby ve sv\u00e9m z\u00e1jmu vytvo\u0159ili spravedliv\u00e9 a zdrav\u00e9 spole\u010denstv\u00ed; a evangelia n\u00e1s u\u010d\u00ed milovat Boha cel\u00fdm sv\u00fdm srdcem, mysl\u00ed a du\u0161\u00ed, <em>a <\/em>milovat sv\u00e9ho bli\u017en\u00edho jako s\u00e1m sebe. [<em>Richard: Vertik\u00e1la sm\u011brem k Bohu mus\u00ed dopln\u011bna horizont\u00e1lou sm\u011brem ke v\u0161emu ostatn\u00edmu na Zemi<\/em>]<\/p>\n\n\n\n<p>Spole\u010dn\u00e9 blaho od n\u00e1s po\u017eaduje tak\u00e9 z\u00e1jem o celosv\u011btov\u00e9 spole\u010denstv\u00ed. . . . V roce 1963 pape\u017e Jan XXIII zavedl do katolick\u00e9 tradice fr\u00e1zi &#8222;univerz\u00e1ln\u00ed spole\u010dn\u00e9 dobro&#8220; [2] a myslel t\u00edm uzn\u00e1n\u00ed na\u0161\u00ed povinnosti podporovat dobro na\u0161ich soused\u016f po cel\u00e9m sv\u011bt\u011b , nejen doma. [3]<\/p>\n\n\n\n<h4 class=\"wp-block-heading\">Modlitba a \u010diny<\/h4>\n\n\n\n<p><em>Biskup Michael Curry hovo\u0159\u00ed o specifick\u00fdch v\u00fdzv\u00e1ch, kter\u00fdm dnes \u010del\u00edme, a o tom, jak je zapot\u0159eb\u00ed modlitby:<\/em><\/p>\n\n\n\n<p>Ve Spojen\u00fdch st\u00e1tech a ve sv\u011bt\u011b m\u00e1me r\u016fzn\u00e9 kultury, odli\u0161nou politiku, r\u016fzn\u00e9 zku\u0161enosti, kter\u00e9 formovaly na\u0161i v\u00edru. Ale pokud dok\u00e1\u017eeme, \u017ee pracujeme na n\u011bjak\u00e9m spole\u010dn\u00e9m dobru, a\u0165 u\u017e se m\u00e1me r\u00e1di nebo ne, pak m\u016f\u017eeme b\u00fdt brat\u0159i. a sestry. . . . P\u0159esta\u0148me se starat o to, zda se m\u00e1me nebo nem\u00e1me r\u00e1di, a rozhodn\u011bme se m\u00edsto toho v\u011b\u0159it, \u017ee jsme schopni spole\u010dn\u011b konat dobro. . . .<\/p>\n\n\n\n<p>Pokud je l\u00e1ska va\u0161\u00edm c\u00edlem. . . je nutno zdvojn\u00e1sobit \u00fasil\u00ed v modlitb\u011b. Proto\u017ee modlitba, skute\u010dn\u00e1 modlitba, je kontemplativn\u00ed a aktivn\u00ed. . . . Sou\u010d\u00e1st\u00ed modlitby je pr\u00e1ce pro hum\u00e1nn\u00ed a miluj\u00edc\u00ed spole\u010dnost. To znamen\u00e1 dostat sebe na kolena [modlit se] . . . a to<em> tak\u00e9<\/em> znamen\u00e1 postavit se pak zp\u011bt na nohy a j\u00edt a to znamen\u00e1 modlit se prost\u0159ednictv\u00edm na\u0161\u00ed \u00fa\u010dast\u00ed na \u017eivot\u011b na\u0161\u00ed spole\u010dnosti. . . . Vytvo\u0159it ob\u010dansk\u00fd \u0159\u00e1d, kter\u00fd zrcadl\u00ed dobrotu, spravedlnost a soucit, a sv\u00e9 srdce zapojit do p\u0159edstavy o Otci pro v\u0161echny Bo\u017e\u00ed d\u011bti a cel\u00e9 Bo\u017e\u00ed stvo\u0159en\u00ed.\u00a0[4]<\/p>\n\n\n\n<p>viz tak\u00e9 \u010dl\u00e1nek <a href=\"https:\/\/www.frantiskani.cz\/index.php\/2021\/11\/01\/spolecne-blaho\/\">https:\/\/www.frantiskani.cz\/index.php\/2021\/11\/01\/spolecne-blaho\/<\/a><\/p>\n\n\n\n<p>[1] Pontifical Council for Justice and Peace, <em>Compendium of the Social Doctrine of the Church<\/em> (Libreria Editrice Vaticana: 2004), 94.<\/p>\n\n\n\n<p>[2] Pope John XXIII, <em><a href=\"https:\/\/email.cac.org\/t\/d-l-atrhkhl-tlkrhyidn-y\/\"><u>Pacem in Terris (Peace on Earth)<\/u><\/a><\/em>, encyclical, April 11, 1963.<\/p>\n\n\n\n<p>[3] Chris Korzen and Alexia Kelley, <em>A Nation for All: How the Catholic Vision of the Common Good Can Save America from the Politics of Division<\/em> (Jossey-Bass: 2008),&nbsp;<br>4\u20135.<\/p>\n\n\n\n<p>[4] Michael Curry with Sara Grace, <em>Love Is the Way: Holding on to Hope in Troubling Times<\/em> (Avery: 2020), 205, 206.<\/p>\n","protected":false},"excerpt":{"rendered":"<p>Z\u00e1vazek ke spole\u010dn\u00e9mu dobru sah\u00e1 a\u017e k sam\u00fdm po\u010d\u00e1tk\u016fm na\u0161\u00ed v\u00edry a m\u00e1 ko\u0159eny ve Star\u00e9m i Nov\u00e9m z\u00e1kon\u011b. Hebrejsk\u00e1 p\u00edsma vyz\u00fdvaj\u00ed \u010dten\u00e1\u0159e, aby ve sv\u00e9m z\u00e1jmu vytvo\u0159ili spravedliv\u00e9 a zdrav\u00e9 spole\u010denstv\u00ed; a evangelia n\u00e1s u\u010d\u00ed milovat Boha cel\u00fdm sv\u00fdm srdcem, mysl\u00ed a du\u0161\u00ed, a milovat sv\u00e9ho bli\u017en\u00edho jako s\u00e1m sebe. [Richard: Vertik\u00e1la sm\u011brem k Bohu mus\u00ed dopln\u011bna horizont\u00e1lou sm\u011brem ke v\u0161emu ostatn\u00edmu na Zemi]<\/p>\n","protected":false},"author":1,"featured_media":2950,"comment_status":"open","ping_status":"open","sticky":false,"template":"","format":"standard","meta":{"footnotes":""},"categories":[198],"tags":[243],"class_list":["post-2949","post","type-post","status-publish","format-standard","has-post-thumbnail","hentry","category-richard-rohr-ofm-centrum-pro-zivot-a-rozjimani","tag-socialni-nauka-cirkve","latest_post"],"_links":{"self":[{"href":"https:\/\/www.frantiskani.cz\/index.php\/wp-json\/wp\/v2\/posts\/2949","targetHints":{"allow":["GET"]}}],"collection":[{"href":"https:\/\/www.frantiskani.cz\/index.php\/wp-json\/wp\/v2\/posts"}],"about":[{"href":"https:\/\/www.frantiskani.cz\/index.php\/wp-json\/wp\/v2\/types\/post"}],"author":[{"embeddable":true,"href":"https:\/\/www.frantiskani.cz\/index.php\/wp-json\/wp\/v2\/users\/1"}],"replies":[{"embeddable":true,"href":"https:\/\/www.frantiskani.cz\/index.php\/wp-json\/wp\/v2\/comments?post=2949"}],"version-history":[{"count":1,"href":"https:\/\/www.frantiskani.cz\/index.php\/wp-json\/wp\/v2\/posts\/2949\/revisions"}],"predecessor-version":[{"id":2951,"href":"https:\/\/www.frantiskani.cz\/index.php\/wp-json\/wp\/v2\/posts\/2949\/revisions\/2951"}],"wp:featuredmedia":[{"embeddable":true,"href":"https:\/\/www.frantiskani.cz\/index.php\/wp-json\/wp\/v2\/media\/2950"}],"wp:attachment":[{"href":"https:\/\/www.frantiskani.cz\/index.php\/wp-json\/wp\/v2\/media?parent=2949"}],"wp:term":[{"taxonomy":"category","embeddable":true,"href":"https:\/\/www.frantiskani.cz\/index.php\/wp-json\/wp\/v2\/categories?post=2949"},{"taxonomy":"post_tag","embeddable":true,"href":"https:\/\/www.frantiskani.cz\/index.php\/wp-json\/wp\/v2\/tags?post=2949"}],"curies":[{"name":"wp","href":"https:\/\/api.w.org\/{rel}","templated":true}]}}