{"id":2972,"date":"2021-11-10T21:38:47","date_gmt":"2021-11-10T20:38:47","guid":{"rendered":"https:\/\/www.frantiskani.cz\/?p=2972"},"modified":"2021-11-10T21:49:36","modified_gmt":"2021-11-10T20:49:36","slug":"cesta-k-probuzeni","status":"publish","type":"post","link":"https:\/\/www.frantiskani.cz\/index.php\/2021\/11\/10\/cesta-k-probuzeni\/","title":{"rendered":"Cesta k probuzen\u00ed"},"content":{"rendered":"\n<h3 class=\"wp-block-heading\"><strong>Ka\u017edodenn\u00ed meditace Richarda Rohra -T\u00fdden \u010dty\u0159icet p\u011bt: K\u0159es\u0165anstv\u00ed a buddhismus<\/strong><\/h3>\n\n\n\n<p>&nbsp;<em>Na rozd\u00edl od Je\u017e\u00ed\u0161e, kter\u00fd se <\/em><em>rovnou <\/em><em>narodil do <\/em><em>soci\u00e1ln\u011b<\/em><em> chud\u00e9 skupiny<\/em><em> <\/em><em><\/em><em>, Siddhartha Gautama (kter\u00fd se stal Buddh<\/em><em>ou<\/em><em>) se <\/em><em>nejprve <\/em><em>vzdal sv\u00e9 vysok\u00e9 kasty v <\/em><em>r\u00e1mci procesu jeho prom\u011bny<\/em><em>. Oba u\u010ditel\u00e9 <\/em><em>v\u0161ak shodn\u011b <\/em><em>pochopili, \u017ee na\u0161e prav\u00e1 vnit\u0159n\u00ed <\/em><em>urozenost<\/em><em> nem\u00e1 nic spole\u010dn\u00e9ho s vn\u011bj\u0161\u00edmi okolnostmi.<\/em><\/p>\n\n\n\n<h4 class=\"wp-block-heading\"><em><strong>Buddhisti\u010dt\u00ed u\u010ditel\u00e9 Pamela Ayo Yetunde a Cheryl Giles vysv\u011btluj\u00ed:<\/strong><\/em><\/h4>\n\n\n\n<p>Vzne\u0161en\u00fd Buddha prohl\u00e1sil, \u017ee \u0161lechta nen\u00ed o tom do jak\u00e9 kasty pat\u0159\u00ed, ale o tom, jak doty\u010dn\u00fd \u010dlov\u011bk \u017eije sv\u016fj \u017eivot, jak usiluje o to aby se probudil z nev\u011bdomosti, aby se zbavil nen\u00e1visti a chamtivosti. . . . \u0160lechtic v buddhistick\u00e9m smyslu znamen\u00e1 \u010dlov\u011bka, kter\u00fd se vymanil ze sv\u00fdch soci\u00e1ln\u00edch p\u0159edstav . U\u017e nen\u00ed slep\u00fd ke skute\u010dnosti a sna\u017e\u00ed se p\u0159ijmout  pravdu a  tak\u00e9 \u017e\u00edt v pravd\u011b.<em>. <\/em>[1]<\/p>\n\n\n\n<h4 class=\"wp-block-heading\"><em><strong>Yetunde a Giles se zab\u00fdv\u00e1 v\u00fdzkumm , jak je cesta probuzen\u00ed buddhismu p\u0159ijateln\u00e1 pro Afroameri\u010dany.<\/strong><\/em> A<em><strong> tak\u00e9 pro lidi, kte\u0159\u00ed byli utla\u010dov\u00e1ni a kter\u00fdm bylo odep\u0159eno st\u00e1t se \u0161lechetn\u00fdmi:<\/strong><\/em><\/h4>\n\n\n\n<p>Buddhismus povstal z kastovn\u00ed kultury. Mocn\u00fd barevn\u00fd mu\u017e se vzdal sv\u00e9 moci, aby poznal sv\u00e9 bludn\u00e9 my\u0161len\u00ed a st\u00e1le v\u00edce se u\u010dil projevovat soucit. Nakonec se rozhodl u\u010dit nov\u00fd zp\u016fsob \u017eivota, aby se do n\u011bj mohli probudit i ostatn\u00ed. Z\u00e1kladem jeho u\u010den\u00ed bylo odstranit kastovn\u00ed syst\u00e9m z mysli lid\u00ed. Jin\u00fdmi slovy, buddhismus je cesta k osvobozen\u00ed mysli a z\u00e1rove\u0148 pom\u00e1h\u00e1 b\u00fdt v\u00edce odoln\u00fd v\u016f\u010di traumatu ze sv\u011bta. . . .<\/p>\n\n\n\n<p>Syst\u00e9m se nyn\u00ed naz\u00fdv\u00e1 U\u0161lechtil\u00e1 osmid\u00edln\u00e1 stezka&nbsp;(v&nbsp;<a href=\"https:\/\/cs.wikipedia.org\/wiki\/P%C3%A1li\">p\u00e1l\u00ed<\/a>&nbsp;<em>arija atthangika magga<\/em>; v&nbsp;<a href=\"https:\/\/cs.wikipedia.org\/wiki\/Sanskrt\">sanskrtu<\/a>&nbsp;<em>\u00e1rja a\u0161t\u00e1ngika m\u00e1rga<\/em>), a mnoho studij\u00ed t\u00e9to cesty uk\u00e1zalo, \u017ee jej\u00ed realizace v \u017eivot\u011b \u010dlov\u011bka zvy\u0161uje psychospiritu\u00e1ln\u00ed odolnost v\u016f\u010di p\u0159edsudk\u016fm, \u00fatlaku, odcizen\u00ed a traumatu.<\/p>\n\n\n\n<h4 class=\"wp-block-heading\"><strong>O jakou Cestu se jedn\u00e1?<\/strong><\/h4>\n\n\n\n<p>Je t\u0159eba pochopit \u010dty\u0159i vzne\u0161en\u00e9 pravdy, kter\u00e9 Siddh\u00e1rtha Gautama poznal po mnoha letech asketick\u00e9ho \u017eivota a pokusech p\u0159ekon\u00e1vat lidskou slabost<\/p>\n\n\n\n<ol class=\"wp-block-list\"><li>Utrpen\u00ed je re\u00e1ln\u00e9 a p\u016fsob\u00ed v cel\u00e9m lidstvu.<\/li><li>Lze nal\u00e9zt jasn\u00e9 p\u0159\u00ed\u010diny utrpen\u00ed.<\/li><li>Tyto p\u0159\u00ed\u010diny lze p\u0159em\u011bnit a ukon\u010dit.<\/li><li>Cesta je pr\u00e1v\u011b to jak p\u0159em\u011bnit a ukon\u010dit p\u0159\u00ed\u010diny<\/li><\/ol>\n\n\n\n<h4 class=\"wp-block-heading\">Posledn\u00ed bod je pak rozvrhnut do osmi d\u00edl\u016f:<\/h4>\n\n\n\n<p>Spr\u00e1vn\u00fd pohled, Spr\u00e1vn\u00fd z\u00e1m\u011br, Spr\u00e1vn\u00e1 \u0159e\u010d, Spr\u00e1vn\u00fd \u010din, Spr\u00e1vn\u00e9 \u017eivotn\u00ed styl, Spr\u00e1vn\u00e9 \u00fasil\u00ed, Spr\u00e1vn\u00e1 v\u0161\u00edmavost (v\u0161\u00edmat si okam\u017eiku) a Spr\u00e1vn\u00e1 koncentrace (soust\u0159ed\u011bn\u00ed). [2]<\/p>\n\n\n\n<h4 class=\"wp-block-heading\">K<em>onference CAC <\/em><sup><em>(Centrum for Action a contemplation)<\/em><\/sup><em> v roce 2008 o Je\u017e\u00ed\u0161i a Buddhovi: James Finley <\/em><sup><em>( James Finley je \u017e\u00e1kem Thomase Mertona a je klinick\u00fdm psychologem) <\/em><\/sup><em>Zamy\u0161len\u00ed jak n\u00e1s m\u016f\u017ee prom\u011bnit ,cesta \u010cty\u0159 vzne\u0161en\u00fdch pravd:<\/em><\/h4>\n\n\n\n<p>Kdy\u017e chod\u00edme touto cestou ka\u017ed\u00fd den, tak jak t\u00fddny a m\u011bs\u00edce ub\u00edhaj\u00ed, za\u010d\u00edn\u00e1me cestu hledat. V tu chv\u00edli u\u017e jsme na cest\u011b sv\u00e9ho prom\u011bn\u011bn\u00ed, na cesty k osvobozen\u00ed, jen je\u0161t\u011b pot\u0159ebujeme spr\u00e1vn\u00e9 jasn\u00e9 veden\u00ed. Co m\u00e1me ud\u011blat? Jak m\u016f\u017eeme ve sv\u00e9 intimn\u00edm a osobn\u00edm pro\u017e\u00edv\u00e1n\u00ed \u017eivota opravdov\u011b za\u017e\u00edt slibovan\u00e9 osvobozen\u00ed? Na\u0161e srdce u\u017e v\u00ed, \u017ee osvobozen\u00ed je opravdu mo\u017en\u00e9 . . .U\u017e v\u00edm, \u017ee B\u016fh je v\u0161echno a je v\u0161echno, \u010d\u00edm ve skute\u010dnosti jsem j\u00e1. O tom je pr\u00e1v\u011b osm d\u00edl\u016f cesty. [3]<\/p>\n\n\n\n<p>&nbsp;[1] \u201cBuddhism as a Path of Trauma Resilience for Anti-Racism Activists,\u201d editors\u2019 introduction to <em>Black &amp; Buddhist: What Buddhism Can Teach Us about Race, Resilience, Transformation and Freedom<\/em>, ed. Pamela Ayo Yetunde and Cheryl A. Giles (Shambhala: 2020), 2, 3.<\/p>\n\n\n\n<p>[2] Yetunde and Giles, 1, 2.<\/p>\n\n\n\n<p>[3] James Finley and Richard Rohr, <em>Jesus and Buddha: Paths to Awakening<\/em>, disc 5 (Center for Action and Contemplation: 2008), CD, <a href=\"https:\/\/email.cac.org\/t\/d-l-atiuhky-tlkrhyidn-y\/\"><u>DVD<\/u><\/a>, <a href=\"https:\/\/email.cac.org\/t\/d-l-atiuhky-tlkrhyidn-j\/\"><u>MP3 download<\/u><\/a>.&nbsp;<\/p>\n","protected":false},"excerpt":{"rendered":"<p>Co m\u00e1me ud\u011blat? Jak m\u016f\u017eeme ve sv\u00e9 intimn\u00edm a osobn\u00edm pro\u017e\u00edv\u00e1n\u00ed \u017eivota opravdov\u011b za\u017e\u00edt slibovan\u00e9 osvobozen\u00ed? Na\u0161e srdce u\u017e v\u00ed, \u017ee osvobozen\u00ed je opravdu mo\u017en\u00e9 . . .U\u017e v\u00edm, \u017ee B\u016fh je v\u0161echno a je v\u0161echno, \u010d\u00edm ve skute\u010dnosti jsem j\u00e1. O tom je pr\u00e1v\u011b osm d\u00edl\u016f cesty<\/p>\n","protected":false},"author":1,"featured_media":2973,"comment_status":"open","ping_status":"open","sticky":false,"template":"","format":"standard","meta":{"footnotes":""},"categories":[198],"tags":[244],"class_list":["post-2972","post","type-post","status-publish","format-standard","has-post-thumbnail","hentry","category-richard-rohr-ofm-centrum-pro-zivot-a-rozjimani","tag-budhismus","latest_post"],"_links":{"self":[{"href":"https:\/\/www.frantiskani.cz\/index.php\/wp-json\/wp\/v2\/posts\/2972","targetHints":{"allow":["GET"]}}],"collection":[{"href":"https:\/\/www.frantiskani.cz\/index.php\/wp-json\/wp\/v2\/posts"}],"about":[{"href":"https:\/\/www.frantiskani.cz\/index.php\/wp-json\/wp\/v2\/types\/post"}],"author":[{"embeddable":true,"href":"https:\/\/www.frantiskani.cz\/index.php\/wp-json\/wp\/v2\/users\/1"}],"replies":[{"embeddable":true,"href":"https:\/\/www.frantiskani.cz\/index.php\/wp-json\/wp\/v2\/comments?post=2972"}],"version-history":[{"count":2,"href":"https:\/\/www.frantiskani.cz\/index.php\/wp-json\/wp\/v2\/posts\/2972\/revisions"}],"predecessor-version":[{"id":2976,"href":"https:\/\/www.frantiskani.cz\/index.php\/wp-json\/wp\/v2\/posts\/2972\/revisions\/2976"}],"wp:featuredmedia":[{"embeddable":true,"href":"https:\/\/www.frantiskani.cz\/index.php\/wp-json\/wp\/v2\/media\/2973"}],"wp:attachment":[{"href":"https:\/\/www.frantiskani.cz\/index.php\/wp-json\/wp\/v2\/media?parent=2972"}],"wp:term":[{"taxonomy":"category","embeddable":true,"href":"https:\/\/www.frantiskani.cz\/index.php\/wp-json\/wp\/v2\/categories?post=2972"},{"taxonomy":"post_tag","embeddable":true,"href":"https:\/\/www.frantiskani.cz\/index.php\/wp-json\/wp\/v2\/tags?post=2972"}],"curies":[{"name":"wp","href":"https:\/\/api.w.org\/{rel}","templated":true}]}}