{"id":3212,"date":"2022-01-03T20:02:05","date_gmt":"2022-01-03T19:02:05","guid":{"rendered":"https:\/\/www.frantiskani.cz\/?p=3212"},"modified":"2022-01-03T20:08:48","modified_gmt":"2022-01-03T19:08:48","slug":"chvala-moudre-temnoty","status":"publish","type":"post","link":"https:\/\/www.frantiskani.cz\/index.php\/2022\/01\/03\/chvala-moudre-temnoty\/","title":{"rendered":"Chv\u00e1la moudr\u00e9 temnoty"},"content":{"rendered":"\n<h3 class=\"wp-block-heading\">Denn\u00ed meditace Richarda Rohra<\/h3>\n\n\n\n<p><em>Temnota m\u011b jist\u011b pokryje,<br>a sv\u011btlo kolem m\u011b se st\u00e1v\u00e1 noc\u00ed&#8230;<br>temnota i sv\u011btlo jsou Ti podobn\u00e9.<\/em><br>\u2014\u017dalm 139:11\u201312<\/p>\n\n\n\n<p><em>V \u010dase temn\u00e9 noci (a\u0165 doslovn\u00e9 nebo obrazn\u00e9) lze naj\u00edt nov\u00e9 mo\u017enosti pro dal\u0161\u00ed cestu <\/em><\/p>\n\n\n\n<h4 class=\"wp-block-heading\">lektorka centra pro \u017eivot a meditaci Barbara Holmes:<\/h4>\n\n\n\n<p>Miluji svoj\u00ed tmavou ple\u0165, kterou jako tma pokr\u00fdv\u00e1 m\u00e9 afroamerick\u00e9 t\u011blo. M\u016fj africk\u00fd p\u016fvod je skryt\u00fd v m\u00fdch genech, a\u010dkoliv si jej mozek konkr\u00e9tn\u011b neuv\u011bdomuje. Bez temnoty bych neum\u011bla \u017e\u00edt. Vlastn\u011b i na sv\u011bt jsem p\u0159i\u0161la z temn\u00e9ho l\u016fna a po cel\u00fd \u017eivot jsem se mohla spolehnout na svoji rodinu \u010dern\u00e9 pleti, na \u010dernou komunitu a vlastn\u011b na cel\u00fd temn\u00fd vesm\u00edr. V\u0161ichni toti\u017e p\u0159ich\u00e1z\u00edme z temnoty a pak se do n\u00ed vrac\u00edme zp\u011bt.<\/p>\n\n\n\n<h4 class=\"wp-block-heading\">Temnota<\/h4>\n\n\n\n<p>Temnot je samoz\u0159ejm\u011b mnoho druh\u016f. Temnota urputn\u00e9 nev\u011bdomosti, temnota neproniknuteln\u00e9 a dusiv\u00e9 nen\u00e1visti. Temnota mikrokosmu, kter\u00fd tak\u00e9 vznikl z vesm\u00edru a i microkosmos m\u00e1 svoji realitu &#8211; pro n\u00e1s \u010dasto nezn\u00e1mou. Mysl\u00edm i na temnotu mate\u0159sk\u00e9ho l\u016fna nebo na tmu v noci, kdy\u017e se nebe zat\u00e1hne mraky.<\/p>\n\n\n\n<h4 class=\"wp-block-heading\">Temnota t\u011b m\u016f\u017ee dov\u00e9st ke sv\u011btlu<\/h4>\n\n\n\n<p>Moji p\u0159\u00edbuzn\u00ed po\u010d\u00edtali s temnotou jako realitou, stejn\u011b jako po\u010d\u00edtali v\u017edy se sv\u011btlem a tak jsem se tmy p\u0159estala b\u00e1t. Uv\u011bdomila jsem si, \u017ee na\u0161e vid\u011bn\u00ed a vhled nejsou z\u00e1visl\u00e9 na sv\u011btle od lid\u00ed. Existuje mnohem intenzivn\u011bj\u0161\u00ed vnit\u0159n\u00ed sv\u011btlo, kter\u00e9 odhal\u00ed mnohem , mnohem v\u00edc jak sv\u011btlo lamp. Proto v c\u00edrkvi nikdy nezd\u016fraz\u0148uji propojen\u00ed tmy se zlem, nemluv\u00edm o tom, \u017ee sv\u011btlo v\u017edy zn\u00e1zor\u0148uje dobro. Pro\u010d? Proto\u017ee z osobn\u00ed zku\u0161enosti v\u00edm, \u017ee mne temnota naopak podp\u00edr\u00e1 a uzdravuje. Samoz\u0159ejm\u011b rozli\u0161uji od sebe mnoho r\u016fzn\u00fdch temnot. N\u011bkter\u00e9 z nich odm\u00edt\u00e1m a jin\u00e9 p\u0159ij\u00edm\u00e1m.<\/p>\n\n\n\n<h4 class=\"wp-block-heading\">Barbara Holmesov\u00e1 uva\u017euje o nad\u011bji kter\u00e1 je skryt\u00e1 v temnot\u011b zatm\u011bn\u00ed:<\/h4>\n\n\n\n<p>Bez ohledu na zmatek kolem n\u00e1s, bez ohledu na krize kter\u00e9 vytv\u00e1\u0159ej\u00ed na\u0161e omyly, je p\u0159esto v n\u00e1s, vedle n\u00e1s, mezi n\u00e1mi vytv\u00e1\u0159en pevn\u00fd z\u00e1klad, na kter\u00fd se m\u016f\u017eeme spolehnout, a to i tehdy kdy\u017e pro\u017e\u00edv\u00e1me temnou noc v na\u0161\u00ed du\u0161i, nebo kdy\u017e se tma rozd\u011bluje na celou na\u0161i komunitu.<\/p>\n\n\n\n<p>Jak se to mohlo st\u00e1t? Nejsp\u00ed\u0161e se n\u011bco dostalo mezi n\u00e1s, n\u011bco co n\u00e1m zablokovalo n\u00e1\u0161 v\u00fdhled, temnota. Jen\u017ee kolem n\u00e1s je i nad\u00e1le vnit\u0159n\u00ed sv\u011btlo.<\/p>\n\n\n\n<h4 class=\"wp-block-heading\">Ztr\u00e1ta osv\u011btlen\u00ed m\u016f\u017ee v\u00e9st ke skute\u010dn\u00e9mu sv\u011btlu v n\u00e1s<\/h4>\n\n\n\n<p>Mo\u017en\u00e1 pr\u00e1v\u011b to, \u017ee se ztratil n\u00e1\u0161 obvykl\u00fd v\u00fdhled, \u017ee nevid\u00edme to, na co jsme se dosud spol\u00e9hali, mo\u017en\u00e1 pr\u00e1v\u011b to n\u00e1m pom\u016f\u017ee v\u00edce pochopit, kdo vlastn\u011b jsme a pro\u010d tu jsme. I kdy\u017e zast\u00edn\u011bn\u00ed pro n\u00e1s zrovna pohodln\u00e9, p\u0159esto m\u016f\u017ee n\u00e1m pomoci odej\u00edt ze z\u00e1\u0159e lidsk\u00fdch reflektor\u016f a nab\u00eddnout n\u00e1m po\u017eehn\u00e1n\u00ed temnoty.<\/p>\n\n\n\n<h4 class=\"wp-block-heading\">Obejmi tmu<\/h4>\n\n\n\n<p>Ztracen\u00fd v\u00fdhled, zatm\u011bn\u00ed n\u00e1m m\u016f\u017ee  pomoci, ochutnat tmu a ticho, a nakonec ji dok\u00e1\u017eeme obejmout. Pr\u00e1v\u011b tehdy k n\u00e1m p\u0159ich\u00e1z\u00ed opravdov\u00e9 sv\u011btlo, plnost vzk\u0159\u00ed\u0161en\u00ed, na\u0161e obr\u00e1cen\u00ed. B\u016fh toti\u017e pracuje pr\u00e1v\u011b ve st\u00ednu, skryt\u011b a v tichu na tom, aby n\u00e1s p\u0159etv\u00e1\u0159el. [1]<\/p>\n\n\n\n<p>&nbsp;[1] Linda Anderson-Little, \u201cEmbracing Darkness and the Solar Eclipse,\u201d <em><u>Soul Story Writer<\/u><\/em>, August 22, 2017, <a href=\"https:\/\/www.soulstorywriter.net\/109-embracing-darkness-the-solar-eclipse\">https:\/\/www.soulstorywriter.net\/109-embracing-darkness-the-solar-eclipse<\/a><\/p>\n\n\n\n<p>Barbara A. Holmes, <em><a href=\"https:\/\/email.cac.org\/t\/d-l-adihlkd-tlkrhyidn-r\/\"><u>Crisis Contemplation: Healing the Wounded Village<\/u><\/a><\/em> (CAC Publishing: 2021), 50, 51, 53, 54\u201355.<\/p>\n\n\n\n<p><strong><u>Image credit:<\/u><\/strong> Nicholas Kramer, <em><u>Untitled<\/u><\/em> (detail), 2021, photograph, Seattle. Used with permission.<\/p>\n\n\n\n<p>Ric<a href=\"https:\/\/www.frantiskani.cz\/index.php\/2021\/12\/27\/paradoxy\/\">hard Rohr OFM Poklekni p\u0159ed tajemstv\u00edm <\/a><\/p>\n","protected":false},"excerpt":{"rendered":"<p>Ztracen\u00fd v\u00fdhled, zatm\u011bn\u00ed n\u00e1m m\u016f\u017ee  pomoci, ochutnat tmu a ticho, a nakonec ji dok\u00e1\u017eeme obejmout. Pr\u00e1v\u011b tehdy k n\u00e1m p\u0159ich\u00e1z\u00ed opravdov\u00e9 sv\u011btlo, plnost vzk\u0159\u00ed\u0161en\u00ed, na\u0161e obr\u00e1cen\u00ed. B\u016fh toti\u017e pracuje pr\u00e1v\u011b ve st\u00ednu, skryt\u011b a v tichu na tom, aby n\u00e1s p\u0159etv\u00e1\u0159el.<\/p>\n","protected":false},"author":1,"featured_media":3183,"comment_status":"open","ping_status":"open","sticky":false,"template":"","format":"standard","meta":{"footnotes":""},"categories":[198],"tags":[275],"class_list":["post-3212","post","type-post","status-publish","format-standard","has-post-thumbnail","hentry","category-richard-rohr-ofm-centrum-pro-zivot-a-rozjimani","tag-tma-a-svetlo","latest_post"],"_links":{"self":[{"href":"https:\/\/www.frantiskani.cz\/index.php\/wp-json\/wp\/v2\/posts\/3212","targetHints":{"allow":["GET"]}}],"collection":[{"href":"https:\/\/www.frantiskani.cz\/index.php\/wp-json\/wp\/v2\/posts"}],"about":[{"href":"https:\/\/www.frantiskani.cz\/index.php\/wp-json\/wp\/v2\/types\/post"}],"author":[{"embeddable":true,"href":"https:\/\/www.frantiskani.cz\/index.php\/wp-json\/wp\/v2\/users\/1"}],"replies":[{"embeddable":true,"href":"https:\/\/www.frantiskani.cz\/index.php\/wp-json\/wp\/v2\/comments?post=3212"}],"version-history":[{"count":3,"href":"https:\/\/www.frantiskani.cz\/index.php\/wp-json\/wp\/v2\/posts\/3212\/revisions"}],"predecessor-version":[{"id":3216,"href":"https:\/\/www.frantiskani.cz\/index.php\/wp-json\/wp\/v2\/posts\/3212\/revisions\/3216"}],"wp:featuredmedia":[{"embeddable":true,"href":"https:\/\/www.frantiskani.cz\/index.php\/wp-json\/wp\/v2\/media\/3183"}],"wp:attachment":[{"href":"https:\/\/www.frantiskani.cz\/index.php\/wp-json\/wp\/v2\/media?parent=3212"}],"wp:term":[{"taxonomy":"category","embeddable":true,"href":"https:\/\/www.frantiskani.cz\/index.php\/wp-json\/wp\/v2\/categories?post=3212"},{"taxonomy":"post_tag","embeddable":true,"href":"https:\/\/www.frantiskani.cz\/index.php\/wp-json\/wp\/v2\/tags?post=3212"}],"curies":[{"name":"wp","href":"https:\/\/api.w.org\/{rel}","templated":true}]}}