{"id":3220,"date":"2022-01-07T10:34:22","date_gmt":"2022-01-07T09:34:22","guid":{"rendered":"https:\/\/www.frantiskani.cz\/?p=3220"},"modified":"2022-01-07T10:34:25","modified_gmt":"2022-01-07T09:34:25","slug":"poklonit-se-pred-tajemstvim-a-nechtit-mu-vladnout","status":"publish","type":"post","link":"https:\/\/www.frantiskani.cz\/index.php\/2022\/01\/07\/poklonit-se-pred-tajemstvim-a-nechtit-mu-vladnout\/","title":{"rendered":"Jsme stvo\u0159eni pro l\u00e1sku"},"content":{"rendered":"\n<h4 class=\"wp-block-heading\">T\u00e9ma roku 2022<\/h4>\n\n\n\n<p><em>Dal\u0161\u00ed rok ka\u017edodenn\u00edch meditac\u00ed je p\u0159ed n\u00e1mi . V roce 2022 rozeb\u00edr\u00e1me t\u00e9ma &#8222;Nic nestoj\u00ed samo o sob\u011b&#8220;.<\/em> S<em>amotnou podstatou Boha  je vztah! Otec Richard uva\u017euje:<\/em><\/p>\n\n\n\n<h4 class=\"wp-block-heading\">Trojice<\/h4>\n\n\n\n<p>K\u0159es\u0165ansk\u00e1 v\u00edra v Trojici \u0159\u00edk\u00e1, \u017ee B\u016fh je absolutn\u00ed vztah<em> (p\u0159.pozn: p\u0159\u00edbuznost, sp\u0159\u00edzn\u011bn\u00ed)<\/em>. Slovo B\u016fh m\u016f\u017eeme zn\u00e1zortnit slovem Dokonal\u00fd ekosyst\u00e9m.  Syst\u00e9m harmonie.<em>(viz Kolosk\u00fdm 1:17 \u2013 Eku: On p\u0159edch\u00e1z\u00ed v\u0161echno, v\u0161echno v n\u011bm spo\u010d\u00edv\u00e1, &#8230;Bible21: a on je p\u0159ede v\u0161\u00edm a j\u00edm v\u0161echno stoj\u00ed. )<\/em>. Jsme-li v up\u0159\u00edmn\u00e9m a l\u00e1skypln\u00e9m vztahu se v\u0161\u00edm co n\u00e1s obklopuje, m\u016f\u017ee v n\u00e1s a skrze n\u00e1s a pro n\u00e1s p\u016fsobit Duch.<\/p>\n\n\n\n<h4 class=\"wp-block-heading\">Z\u00e1vislost na druh\u00fdch<\/h4>\n\n\n\n<p>Je\u017e\u00ed\u0161 p\u0159i\u0161el jako nah\u00e9 a snadno zraniteln\u00e9 d\u00edt\u011b, kter\u00e9 bylo zcela z\u00e1visl\u00e9 na vztahu ostatn\u00edch. Nah\u00e1 zranitelnost \u017ee nech\u00e1me jinakost aby n\u00e1s ovliv\u0148ovala a m\u011bnila n\u00e1s. Pokud p\u0159eru\u0161\u00edme vztahy s lidmi pokud si mysl\u00edme, \u017ee o sebe postar\u00e1me sami a d\u00e1le pokud nedovol\u00edme jak\u00e9koliv jinakost n\u00e1s n\u011bco nau\u010dit nebo n\u00e1s ovlivnit, staneme se duchovn\u011b mrtv\u00fdmi. A o tom bude t\u00e9ma roku 2022 <em>Nic nestoj\u00ed osamocen\u011b.<\/em> Opravdu ne! Na\u0161e vnit\u0159n\u00ed j\u00e1 je jako Trojice, \u017eijeme v absolutn\u00ed p\u0159\u00edbuznosti. \u0158\u00edk\u00e1me tomu l\u00e1ska.<\/p>\n\n\n\n<h4 class=\"wp-block-heading\">Vztahy<\/h4>\n\n\n\n<p>Jsme stvo\u0159eni pro l\u00e1sku. Bez l\u00e1sky rychle um\u00edr\u00e1me. Pokud je na\u0161\u00edm my\u0161lenkov\u00fdm vzorem Trojice, pak se stane l\u00e1skypln\u00fd vztah na\u0161\u00edm vzorem a stane se samotnou podstatou na\u0161eho \u017eit\u00ed. Pokud m\u00e1me v sob\u011b filozofii, \u017ee Trojice je ve skute\u010dnosti jen l\u00e1ska, nikoho nep\u0159esv\u011bd\u010d\u00edme. Jsem kn\u011bzem t\u00e9m\u011b\u0159 pades\u00e1t dva let a mohu tedy odpov\u011bdn\u011b  \u0159\u00edci, \u017ee v\u011bt\u0161ina k\u0159es\u0165an\u016f se Boha sp\u00ed\u0161e boj\u00ed. My k\u0159es\u0165an\u00e9 nejsme l\u00e1skypln\u011bj\u0161\u00ed ne\u017e kdokoli jin\u00fd, n\u011bkdy dokonce milujeme m\u00e9n\u011b ne\u017e ostatn\u00ed. A to se st\u00e1v\u00e1 tehdy, kdy\u017e je n\u00e1\u0161 vztah k Bohu zalo\u017een sp\u00ed\u0161 strachem z n\u011bj a tak\u00e9 kdy\u017e nejsme p\u0159\u00edmo vta\u017eeni do l\u00e1sky mezi Otcem a Synem Duchem.<\/p>\n\n\n\n<h4 class=\"wp-block-heading\">\u0160kodliv\u00e1 jedine\u010dnost<\/h4>\n\n\n\n<p>Je\u017e\u00ed\u0161 vysv\u011btluje, \u017ee Ducha lze t\u011b\u017eko popsat, proto\u017ee &#8222;Duch vane, kde chce&#8220; (viz Jan 3:8). Je\u017e\u00ed\u0161 t\u00edm jasn\u011b \u0159\u00edk\u00e1: nikdy se nesna\u017ete ovl\u00e1dat Ducha a ne\u0159\u00edkejte, odkud poch\u00e1z\u00ed, kam jde nebo kdo ho m\u00e1. \u0158\u00edk\u00e1 se tomu skupinov\u00fd narcismus, kdykoli \u0159\u00edk\u00e1me, \u017ee na\u0161e skupina je jedin\u00e1, kter\u00e1 m\u00e1 Ducha nebo Pravdu.<\/p>\n\n\n\n<h4 class=\"wp-block-heading\">M\u00edt Boha v &#8222;kapse&#8220;<\/h4>\n\n\n\n<p>Ka\u017ed\u00e1 skupina s ni\u017e\u0161\u00edm pozn\u00e1n\u00edm se sna\u017e\u00ed m\u00edt Boha jen ve sv\u00e9 vlastn\u00ed kapse. Vysv\u011btluje, \u017ee B\u016fh miluje pouze jejich skupinu. Takov\u00e1 v\u00edra nem\u00e1 nic spole\u010dn\u00e9ho s Bo\u017e\u00ed l\u00e1skou.<\/p>\n\n\n\n<h4 class=\"wp-block-heading\">Hled\u00e1me \u017eiv\u00fd opravdov\u00fd vztah<\/h4>\n\n\n\n<p>N\u00e1\u0161 vztah k Bohu se neprojevuje hled\u00e1n\u00edm pravdy nebo Svat\u00e9ho Tajemstv\u00ed. Vztah se projevuje pokorou p\u0159ed n\u00edm. T\u00edm, \u017ee nalezneme sebe jako sv\u00e9 mal\u00e9 j\u00e1. P\u0159estaneme se c\u00edtit nad\u0159azeni nejsme u\u017e odd\u011bleni svoj\u00ed sob\u011bsta\u010dnost\u00ed. N\u00e1\u0161 vztah k Bohu se projevuje t\u00edm, \u017ee u\u017e nepot\u0159ebujeme m\u00edt nade v\u0161\u00edm kontrolu a \u017ee nepot\u0159ebujeme vl\u00e1dnout nad svat\u00fdm tajemstv\u00edm. Nepot\u0159ebujeme si ani myslet, \u017ee mu rozum\u00edme. K Bohu jsme nekone\u010dn\u011b p\u0159itahov\u00e1ni. Vztahem ke v\u0161emu kolem n\u00e1s \u2013 skrze ka\u017ed\u00fd projev na\u0161eho okol\u00ed. V\u0161e n\u00e1s zve, abychom sebe odevzdali, abychom se p\u0159ipojili ke spole\u010denstv\u00ed. Abychom si vytvo\u0159ili intimn\u00edmu vztah.<\/p>\n\n\n\n<h4 class=\"wp-block-heading\">Dlouh\u00e1 cesta k pokorn\u00e9mu poklon\u011bn\u00ed se p\u0159ed Tajemstv\u00edm<\/h4>\n\n\n\n<p>&#8222;T\u0159i mudrci&#8220;, cestovali daleko od sv\u00e9ho rodn\u00e9ho n\u00e1bo\u017eenstv\u00ed a sv\u00e9 zem\u011b, jen proto aby se poklonili p\u0159ed nezn\u00e1m\u00fdm svat\u00fdm tajemstv\u00edm. I cestou zp\u011bt pak p\u0159em\u00fd\u0161leli o Zjeven\u00ed P\u00e1n\u011b. Dobr\u00fd p\u0159\u00edklad i pro n\u00e1s.<\/p>\n","protected":false},"excerpt":{"rendered":"<p>Poklonit se p\u0159ed tajemstv\u00edm a necht\u00edt mu vl\u00e1dnout. &#8222;T\u0159i mudrci&#8220;, cestovali daleko od sv\u00e9ho rodn\u00e9ho n\u00e1bo\u017eenstv\u00ed a sv\u00e9 zem\u011b, jen proto aby se poklonili p\u0159ed nezn\u00e1m\u00fdm svat\u00fdm tajemstv\u00edm. I cestou zp\u011bt pak <\/p>\n","protected":false},"author":1,"featured_media":3221,"comment_status":"open","ping_status":"open","sticky":false,"template":"","format":"standard","meta":{"footnotes":""},"categories":[198],"tags":[277],"class_list":["post-3220","post","type-post","status-publish","format-standard","has-post-thumbnail","hentry","category-richard-rohr-ofm-centrum-pro-zivot-a-rozjimani","tag-tajemstvi","latest_post"],"_links":{"self":[{"href":"https:\/\/www.frantiskani.cz\/index.php\/wp-json\/wp\/v2\/posts\/3220","targetHints":{"allow":["GET"]}}],"collection":[{"href":"https:\/\/www.frantiskani.cz\/index.php\/wp-json\/wp\/v2\/posts"}],"about":[{"href":"https:\/\/www.frantiskani.cz\/index.php\/wp-json\/wp\/v2\/types\/post"}],"author":[{"embeddable":true,"href":"https:\/\/www.frantiskani.cz\/index.php\/wp-json\/wp\/v2\/users\/1"}],"replies":[{"embeddable":true,"href":"https:\/\/www.frantiskani.cz\/index.php\/wp-json\/wp\/v2\/comments?post=3220"}],"version-history":[{"count":1,"href":"https:\/\/www.frantiskani.cz\/index.php\/wp-json\/wp\/v2\/posts\/3220\/revisions"}],"predecessor-version":[{"id":3222,"href":"https:\/\/www.frantiskani.cz\/index.php\/wp-json\/wp\/v2\/posts\/3220\/revisions\/3222"}],"wp:featuredmedia":[{"embeddable":true,"href":"https:\/\/www.frantiskani.cz\/index.php\/wp-json\/wp\/v2\/media\/3221"}],"wp:attachment":[{"href":"https:\/\/www.frantiskani.cz\/index.php\/wp-json\/wp\/v2\/media?parent=3220"}],"wp:term":[{"taxonomy":"category","embeddable":true,"href":"https:\/\/www.frantiskani.cz\/index.php\/wp-json\/wp\/v2\/categories?post=3220"},{"taxonomy":"post_tag","embeddable":true,"href":"https:\/\/www.frantiskani.cz\/index.php\/wp-json\/wp\/v2\/tags?post=3220"}],"curies":[{"name":"wp","href":"https:\/\/api.w.org\/{rel}","templated":true}]}}