{"id":3225,"date":"2022-01-10T10:17:47","date_gmt":"2022-01-10T09:17:47","guid":{"rendered":"https:\/\/www.frantiskani.cz\/?p=3225"},"modified":"2022-01-10T10:26:39","modified_gmt":"2022-01-10T09:26:39","slug":"nejdi-utrpenim-sam","status":"publish","type":"post","link":"https:\/\/www.frantiskani.cz\/index.php\/2022\/01\/10\/nejdi-utrpenim-sam\/","title":{"rendered":"Nejdi s utrpen\u00edm s\u00e1m"},"content":{"rendered":"\n<h4 class=\"wp-block-heading\">Neskr\u00fdvej utrpen\u00ed &#8211; nebu\u010f s\u00e1m<\/h4>\n\n\n\n<p><em>Otec Richard u\u010d\u00ed, \u017ee jsme prom\u011bn\u011bni sv\u00fdm utrpen\u00edm \u2013 ne t\u00edm, \u017ee ho odd\u011blujeme a o samot\u011b, ale t\u00edm, \u017ee uzn\u00e1v\u00e1me sv\u00e9 univerz\u00e1ln\u00ed spojen\u00ed mezi sebou navz\u00e1jem a s Bohem<\/em>. Nejdi \u017eivotem s\u00e1m.<\/p>\n\n\n\n<h4 class=\"wp-block-heading\">D\u00e1 se utrpen\u00ed vydr\u017eet?<\/h4>\n\n\n\n<p>Nejsem masochista a nem\u00e1m komplex mu\u010dedn\u00edk\u016f. V\u011b\u0159\u00edm , \u017ee jedin\u00e1 cesta z hlubok\u00e9ho smutku je kr\u00e1\u010det s n\u00edm a za n\u011bj<em>. D\u00e1 se to p\u0159irovnat k tomu kdy\u017e my kn\u011b\u017e\u00ed <\/em>pozved\u00e1me chl\u00e9b a v\u00edno p\u0159i eucharistii a \u0159\u00edk\u00e1me: &#8222;Skrze N\u011bho, s N\u00edm a v N\u011bm.&#8220; Asi ano. Vydr\u017eet utrpen\u00ed \u2013 nedovolit mu, aby n\u00e1s zni\u010dilo \u2013 se d\u00e1 nejsp\u00ed\u0161e jen s v\u011bdom\u00edm, \u017ee nejsme na n\u011bj sami. Kdy\u017e jsem n\u011bkdy hrdina a sna\u017e\u00edm si vysta\u010dit s\u00e1m, za\u010dnu odvracet od n\u011bj pozornost, pop\u00edr\u00e1m skute\u010dnost nebo p\u0159edst\u00edr\u00e1m n\u011bco jin utrpen\u00ed aby obm\u011bk\u010dilo m\u00e9 srdce. Jestli\u017ee v\u0161ak hled\u00e1m skrze utrpen\u00ed jeho skute\u010dn\u00fd v\u00fdznam, kdy\u017e mi nap\u0159\u00edklad pom\u00e1h\u00e1 v\u00edce milovat Boha, nebo ostatn\u00ed, kte\u0159\u00ed jsou na tom podobn\u011b, c\u00edt\u00edm, \u017ee mne B\u016fh utrpen\u00edm prov\u00e1z\u00ed. Za\u010dnu m\u00edt v\u00edce d\u016fv\u011bry v rozpolcen\u00fd \u017eivot<\/p>\n\n\n\n<h4 class=\"wp-block-heading\">Pom\u00e1h\u00e1 trp\u00edc\u00edmu solidarita s druh\u00fdmi trp\u00edc\u00edmi?<\/h4>\n\n\n\n<p>Sebel\u00edtost a sebest\u0159ednost n\u00e1m pom\u016f\u017ee dr\u017eet na uzd\u011b solidarita. Solidarita s cel\u00fdm utrpen\u00edm lidstva. V\u0161ichni jsme na tom podobn\u011b a pro v\u0161echny to nen\u00ed lehk\u00e9. T\u00e9m\u011b\u0159 ka\u017ed\u00fd si toti\u017e nese sebou velk\u00e1 a \u010dasto tajn\u00e1 zran\u011bn\u00ed. A hodn\u011b z nich o tom ani nev\u00ed.<\/p>\n\n\n\n<h4 class=\"wp-block-heading\">A co spole\u010dn\u00fd boj?<\/h4>\n\n\n\n<p>Pokud si situaci lidstva uv\u011bdom\u00edme, zlep\u0161uje se stav na\u0161eho srdce. Nechceme p\u0159ece b\u00fdt krut\u00ed. Spole\u010dn\u00fd boj s utrpen\u00edm n\u00e1s sjednocuje v\u00edce jak pohodl\u00ed nebo z\u00e1bava.<\/p>\n\n\n\n<h4 class=\"wp-block-heading\">P\u0159ipojit se k utrpen\u00ed Boha?<\/h4>\n\n\n\n<p>N\u011bkte\u0159\u00ed mystici dokonce tvrd\u00ed, \u017ee \u017e\u00e1dn\u00e9 individu\u00e1ln\u00ed utrpen\u00ed neexistuje, \u017ee existuje jen jedno utrpen\u00ed a to utrpen\u00ed Boha. Je\u017e\u00ed\u0161 n\u00e1m to sv\u00fdm zp\u016fsobem sd\u011bluje z k\u0159\u00ed\u017ee. Uk\u0159i\u017eovan\u00fd B\u016fh je symbolem toho, \u017ee B\u016fh trp\u00ed s n\u00e1mi a to je mnohem v\u00edc ne\u017e \u017ee trp\u011bl pro n\u00e1s.<\/p>\n\n\n\n<p>Utrpen\u00ed a dokonce i nespravedliv\u00e9 utrpen\u00ed (ka\u017ed\u00e9 utrpen\u00ed je na ur\u010dit\u00e9 rovin\u011b nespravedliv\u00e9) je sou\u010d\u00e1st\u00ed Velk\u00e9ho utrpen\u00ed. Tahle skute\u010dnost mi pom\u00e1h\u00e1 n\u00e9st i jeho malou \u010d\u00e1st. Jen mus\u00edm v\u011b\u0159it, \u017ee to n\u011bjak pom\u00e1h\u00e1 n\u011bkomu nebo n\u011b\u010demu a \u017ee moje utrpen\u00ed je sou\u010d\u00e1st\u00ed velk\u00e9ho syst\u00e9mu.<\/p>\n\n\n\n<h4 class=\"wp-block-heading\">Zku\u0161enosti<\/h4>\n\n\n\n<p>Etty Hillesum (1914\u20131943), mlad\u00e1 \u017eidovsk\u00e1 \u017eena, kter\u00e1 zem\u0159ela v Osv\u011btimi, opravdu v\u011b\u0159ila, \u017ee jej\u00ed utrpen\u00ed je sou\u010d\u00e1st\u00ed utrpen\u00ed Bo\u017e\u00edho. Dokonce vyj\u00e1d\u0159ila hlubokou touhu &#8222;pomoci Bohu&#8220; n\u00e9st n\u011bco z jeho utrpen\u00ed. [1] Takov\u00e1 svoboda a takov\u00e1 \u0161t\u011bdrost ducha jsou pro m\u011b t\u00e9m\u011b\u0159 nep\u0159edstaviteln\u00e9. Kolosk\u00fdm 1:24 nab\u00edz\u00ed podobn\u00e9 odv\u00e1\u017en\u00e9 prohl\u00e1\u0161en\u00ed v Nov\u00e9m z\u00e1kon\u011b. Co pomohlo t\u011bmto lidem k \u017eivotn\u00ed velikosti? Jejich altruismus se ned\u00e1 definovat psychologickou definic\u00ed. V\u011b\u0159\u00edm, \u017ee tito lid\u00e9 postavili sv\u00e9 \u017eivoty na opravdov\u00e9m spojen\u00ed s Bohem.<\/p>\n\n\n\n<p>&nbsp;<em>pozn\u00e1mka k p\u0159ekladu <strong>Altruismus<\/strong> (z lat. alter, druh\u00fd, 3. p\u00e1d altrui, druh\u00e9mu) je modern\u00ed ozna\u010den\u00ed pro postoje a jedn\u00e1n\u00ed, kter\u00e1 sleduj\u00ed prosp\u011bch druh\u00e9ho \u010dlov\u011bka, kter\u00e9 mohou i nemus\u00ed b\u00fdt na \u00fakor prosp\u011bchu altruisty. Synonymy altruistick\u00e9ho jedn\u00e1n\u00ed jsou dobro\u010dinnost, nesobeckost nebo nezi\u0161tnost. Protikladem altruismu je <a href=\"https:\/\/cs.wikipedia.org\/wiki\/Egoismus\">egoismus<\/a>.<\/em><\/p>\n\n\n\n<p>[1] <em><u>An Interrupted Life: The Diaries of Etty Hillesum<\/u><\/em>, 1941\u20131943, trans. Arno Pomerans (New York: Pantheon Books, 1983), 151.<\/p>\n\n\n\n<p>Adapted from Richard Rohr, <em><a href=\"https:\/\/email.cac.org\/t\/d-l-adiukhk-tlkrhyidn-r\/\"><u>The Universal Christ: How a Forgotten Reality Can Change Everything We See, Hope for, and Believe<\/u><\/a><\/em> (New York: Convergent Books, 2019), 161\u2013162.<\/p>\n\n\n\n<p><strong><u>Image credit:<\/u><\/strong> Brian McLaren, <em><u>Untitled 1-3<\/u><\/em> (detail), 2021, photograph, United States. Jenna Keiper and Leslye Colvin, 2021, triptych art, United States.&nbsp;<\/p>\n\n\n\n<p>The creative team at CAC sent a single-use camera to Brian McLaren<\/p>\n","protected":false},"excerpt":{"rendered":"<p>Utrpen\u00ed a dokonce i nespravedliv\u00e9 utrpen\u00ed (ka\u017ed\u00e9 utrpen\u00ed je na ur\u010dit\u00e9 rovin\u011b nespravedliv\u00e9) je sou\u010d\u00e1st\u00ed Velk\u00e9ho utrpen\u00ed. Tahle skute\u010dnost mi pom\u00e1h\u00e1 n\u00e9st i jeho malou \u010d\u00e1st. Jen mus\u00edm v\u011b\u0159it, \u017ee to n\u011bjak pom\u00e1h\u00e1 n\u011bkomu nebo n\u011b\u010demu a \u017ee moje utrpen\u00ed je sou\u010d\u00e1st\u00ed velk\u00e9ho syst\u00e9mu.<\/p>\n","protected":false},"author":1,"featured_media":3221,"comment_status":"open","ping_status":"open","sticky":false,"template":"","format":"standard","meta":{"footnotes":""},"categories":[198],"tags":[],"class_list":["post-3225","post","type-post","status-publish","format-standard","has-post-thumbnail","hentry","category-richard-rohr-ofm-centrum-pro-zivot-a-rozjimani","latest_post"],"_links":{"self":[{"href":"https:\/\/www.frantiskani.cz\/index.php\/wp-json\/wp\/v2\/posts\/3225","targetHints":{"allow":["GET"]}}],"collection":[{"href":"https:\/\/www.frantiskani.cz\/index.php\/wp-json\/wp\/v2\/posts"}],"about":[{"href":"https:\/\/www.frantiskani.cz\/index.php\/wp-json\/wp\/v2\/types\/post"}],"author":[{"embeddable":true,"href":"https:\/\/www.frantiskani.cz\/index.php\/wp-json\/wp\/v2\/users\/1"}],"replies":[{"embeddable":true,"href":"https:\/\/www.frantiskani.cz\/index.php\/wp-json\/wp\/v2\/comments?post=3225"}],"version-history":[{"count":2,"href":"https:\/\/www.frantiskani.cz\/index.php\/wp-json\/wp\/v2\/posts\/3225\/revisions"}],"predecessor-version":[{"id":3228,"href":"https:\/\/www.frantiskani.cz\/index.php\/wp-json\/wp\/v2\/posts\/3225\/revisions\/3228"}],"wp:featuredmedia":[{"embeddable":true,"href":"https:\/\/www.frantiskani.cz\/index.php\/wp-json\/wp\/v2\/media\/3221"}],"wp:attachment":[{"href":"https:\/\/www.frantiskani.cz\/index.php\/wp-json\/wp\/v2\/media?parent=3225"}],"wp:term":[{"taxonomy":"category","embeddable":true,"href":"https:\/\/www.frantiskani.cz\/index.php\/wp-json\/wp\/v2\/categories?post=3225"},{"taxonomy":"post_tag","embeddable":true,"href":"https:\/\/www.frantiskani.cz\/index.php\/wp-json\/wp\/v2\/tags?post=3225"}],"curies":[{"name":"wp","href":"https:\/\/api.w.org\/{rel}","templated":true}]}}