{"id":3240,"date":"2022-01-19T19:25:21","date_gmt":"2022-01-19T18:25:21","guid":{"rendered":"https:\/\/www.frantiskani.cz\/?p=3240"},"modified":"2022-01-19T19:25:50","modified_gmt":"2022-01-19T18:25:50","slug":"skupinovy-projekt","status":"publish","type":"post","link":"https:\/\/www.frantiskani.cz\/index.php\/2022\/01\/19\/skupinovy-projekt\/","title":{"rendered":"Stoj\u00edme na pevn\u00e9m z\u00e1klad\u011b"},"content":{"rendered":"\n<h4 class=\"wp-block-heading\">Self-made?<\/h4>\n\n\n\n<p><em>Teolo\u017eka a spisovatelka Kate Bowlerov\u00e1 <\/em><em>nesouhlas\u00ed s t\u00edm, kdy\u017e o sob\u011b prohla\u0161ujeme <\/em><em>\u017ee jsme &#8222;self-made&#8220; <\/em><em>(<\/em><em>neboli sob\u011bsta\u010dn\u00ed<\/em><em>). P<\/em><em>\u0159ipom\u00edn<\/em><em>\u00e1 <\/em><em>n\u00e1m,<\/em><em> \u017ee z\u00e1kl<\/em><em>a<\/em><em>dem na\u0161eho \u017eivota je <\/em><em>naopak <\/em><em>komunita<\/em><\/p>\n\n\n\n<p>Jsem sob\u011bsta\u010dn\u00fd! Vypracoval jsem se s\u00e1m. Asi jste to u\u017e od n\u011bkoho sly\u0161eli? P\u0159ivedl jsem se na sv\u011bt s\u00e1m.: Rozhodl jsem se, \u017ee se narod\u00edm v pond\u011bl\u00ed r\u00e1no. No a pak jsem se nau\u010dil mno\u017eit svoje bu\u0148ky tak, aby mi narostly ruce a nohy a hlavu jsem si um\u00edstil do rozumn\u00e9 v\u00fd\u0161ky a ud\u011blal si j\u00ed p\u0159im\u011b\u0159en\u00e9 velikosti. No a pak jsem sv\u016fj mozek naplnil informacemi od mate\u0159sk\u00e9 \u0161koly a\u017e po maturitu. V\u0161e jsem vy\u010detl z velk\u00fdch liter\u00e1rn\u00edch d\u011bl. . . .&nbsp;<\/p>\n\n\n\n<p>To byl jen m\u016fj humor!<\/p>\n\n\n\n<h4 class=\"wp-block-heading\">Tlak okoln\u00edho sv\u011bta<\/h4>\n\n\n\n<p>Ale n\u011bkdy m\u00e1m pocit, \u017ee pr\u00e1v\u011b k takov\u00e9mu my\u0161len\u00ed n\u00e1s sv\u011bt neust\u00e1le nut\u00ed. Cel\u00fd syst\u00e9m sv\u011bta n\u00e1m chce vnutit, abychom jen my sami vytv\u00e1\u0159eli sv\u016fj p\u0159\u00edb\u011bh. Jen na tob\u011b to z\u00e1le\u017e\u00ed. Pracuj. U\u010d se. Opravuj chyby. Hledej r\u016fst. V\u0161e kolem n\u00e1s je jakoby ur\u010deno jen pro jednotlivce, kter\u00fd m\u00e1 s\u00e1m dob\u00fdt sv\u011bt. Vytv\u00e1\u0159et si sv\u016fj sv\u011bt.<\/p>\n\n\n\n<h4 class=\"wp-block-heading\">Kde jsme se v\u0161echno nau\u010dili?<\/h4>\n\n\n\n<p>Dnes je u\u017e t\u011b\u017ek\u00e9 naj\u00edt hlub\u0161\u00ed a uklid\u0148uj\u00edc\u00ed pravdy. T\u0159eba to, \u017ee z\u00e1klady na kter\u00fdch budujeme sv\u016fj \u017eivot jsme my sami nevybudovali. Narodili jsme se p\u0159ece, proto\u017ee se dva dal\u0161\u00ed lid\u00e9 spojili. Chodili jsme do \u0161kol, kde stovky lid\u00ed kolem n\u00e1s m\u011bli n\u00e1pady a aktivity, kter\u00e9 pak v na\u0161ich mysl\u00edch vytvo\u0159ily pozn\u00e1n\u00ed. Nau\u010dili jsme se dovednosti, jejich\u017e z\u00e1klady vybudovali cel\u00e9 generace \u0159emesln\u00edk\u016f p\u0159ed n\u00e1mi . Na\u0161e modlitby a uct\u00edv\u00e1n\u00ed a v\u0161echny na\u0161e duchovn\u00ed my\u0161lenky maj\u00ed za sebou u\u017e stalet\u00ed tradice. T\u00e9m\u011b\u0159 nic v n\u00e1s nen\u00ed origin\u00e1ln\u00ed. <em>D\u00edky Bohu.<\/em><\/p>\n\n\n\n<h4 class=\"wp-block-heading\">B\u016fh polo\u017eil z\u00e1klad na kter\u00e9m stav\u00edme<\/h4>\n\n\n\n<p>P\u0159ipom\u00edn\u00e1 mi to zpr\u00e1vu o stvo\u0159en\u00ed v Genesis. . . . B\u016fh vdechuje kysl\u00edk do plic. Miluje sv\u00e9 stvo\u0159en\u00ed. P\u0159edstavuji si Boha, Toho jedin\u00e9ho, kter\u00fd v\u0161e stvo\u0159il z ni\u010deho \u2013 ex nihilo. B\u016fh tehdy polo\u017eil \u00faheln\u00fd k\u00e1men na\u0161eho \u017eivota a na\u0161\u00ed v\u00edry, On polo\u017eil \u00fahlen\u00fd k\u00e1men cel\u00e9 stavby sv\u011bta. B\u016fh je mistr Stavitel, kter\u00fd dal z\u00e1klad v\u0161emu, na \u010dem nyn\u00ed my stav\u00edme. Ur\u010dit\u011b je n\u011bkde v pozad\u00ed \u0161ablonou podle kter\u00e9 dnes tvo\u0159\u00edme svoje osobn\u00ed zku\u0161enosti.<\/p>\n\n\n\n<p><em>Kate byla mlad\u00e1 matka, kdy\u017e j\u00ed byla poprv\u00e9 diagnostikov\u00e1na rakovina \u010dtvrt\u00e9ho stupn\u011b:<\/em><\/p>\n\n\n\n<p>Kdy\u017e jsem byla opravdu nemocn\u00e1 a b\u00e1la jsem se, \u017ee zem\u0159u p\u0159\u00edli\u0161 mlad\u00e1, sna\u017eila jsem se p\u0159edstavit si, kolik si toho m\u016fj syn bude ze mne pamatovat&#8230;<\/p>\n\n\n\n<p>Po\u0159\u00e1d jsem na n\u011bj myslela. Kdy se u d\u011bt\u00ed rozv\u00edj\u00ed dlouhodob\u00e1 pam\u011b\u0165? Nakolik jsem v jeho pam\u011bti ulo\u017een\u00e1<em> <\/em>. . . Bude tam m\u016fj \u00fasm\u011bv nebo \u0161patn\u00e1 n\u00e1lada? Pak jednoho dne mi m\u016fj psycholog \u0159ekl n\u011bco \u00fa\u017easn\u00e9ho. \u0158ekl: &#8222;Kate, jsi tam ty. Z\u00e1kladem je ta tvoje \u010d\u00e1st, kter\u00e1 nen\u00ed vid\u011bt.&#8220;<\/p>\n\n\n\n<h4 class=\"wp-block-heading\">Budujeme na pevn\u00e9m z\u00e1klad\u011b t\u011bch p\u0159ed n\u00e1mi<\/h4>\n\n\n\n<p>A\u0165 u\u017e jsou to na\u0161i rodi\u010de, na\u0161i u\u010ditel\u00e9, mento\u0159i, p\u0159\u00e1tel\u00e9, c\u00edrkve nebo soused\u00e9, ti lid\u00e9 jsou v n\u00e1s. Stoj\u00edme na pevn\u00fdch z\u00e1kladech. To je neuv\u011b\u0159iteln\u00e1 \u00faleva. Na\u0161\u00edm jedin\u00fdm a skute\u010dn\u00fdm \u00fakolem je stav\u011bt na tom, co u\u017e n\u00e1m bylo p\u0159ed\u00e1no. Ano i na\u0161e obdarov\u00e1n\u00ed, m\u016f\u017eeme zp\u011btn\u011b vysledovat a\u017e ke Stvo\u0159en\u00ed, k jeho \u0161t\u011bdrosti a jeho p\u0159edv\u00eddavosti. <em>D\u00edky Bohu! Jsme skupinov\u00fd projekt.<\/em><\/p>\n\n\n\n<p>Kate Bowler and Jessica Richie, <em><a href=\"https:\/\/email.cac.org\/t\/d-l-addlln-tlkrhyidn-r\/\"><u>Good Enough: 40ish Devotionals for a Life of Imperfection<\/u><\/a><\/em> (New York: Convergent Books, 2022), 51\u201353. To be published in February 2022 by Convergent Books, an imprint of Random House, a division of Penguin Random House. Used with permission. All rights reserved.&nbsp;<\/p>\n\n\n\n<p><strong><u>Image credit:<\/u><\/strong> Brian McLaren, <em><u>Untitled 1-3<\/u><\/em> (detail), 2021, photograph, United States. Jenna Keiper and Leslye Colvin, 2021, triptych art, United States.&nbsp;<\/p>\n\n\n\n<p>The creative team at CAC sent a single-use camera to Brian McLaren as part of an exploration into contemplative photography. His photos are featured here in a form inspired by early Christian\/Catholic triptych art: a threefold form that tells a unified story.<\/p>\n\n\n\n<p><strong><u>Image Inspiration:<\/u><\/strong> <em><u>In this triptych, we begin by seeing just one fruit. Moving to the center photo, we see the whole tree. When we look at the third photo, we bring with us the knowledge that there is more to this tree, an abundance of fruit. It&#8217;s not alone. Nothing stands alone.<\/u><\/em><\/p>\n","protected":false},"excerpt":{"rendered":"<p>A\u0165 u\u017e jsou to na\u0161i rodi\u010de, na\u0161i u\u010ditel\u00e9, mento\u0159i, p\u0159\u00e1tel\u00e9, c\u00edrkve nebo soused\u00e9, ti lid\u00e9 jsou v n\u00e1s. Stoj\u00edme na pevn\u00fdch z\u00e1kladech. To je neuv\u011b\u0159iteln\u00e1 \u00faleva. Na\u0161\u00edm jedin\u00fdm a skute\u010dn\u00fdm \u00fakolem je stav\u011bt na tom, co u\u017e n\u00e1m bylo p\u0159ed\u00e1no. Ano i na\u0161e obdarov\u00e1n\u00ed, m\u016f\u017eeme zp\u011btn\u011b vysledovat a\u017e ke Stvo\u0159en\u00ed, k jeho \u0161t\u011bdrosti a jeho p\u0159edv\u00eddavosti. D\u00edky Bohu! Jsme skupinov\u00fd projekt.<\/p>\n","protected":false},"author":1,"featured_media":3221,"comment_status":"open","ping_status":"open","sticky":false,"template":"","format":"standard","meta":{"footnotes":""},"categories":[198],"tags":[280],"class_list":["post-3240","post","type-post","status-publish","format-standard","has-post-thumbnail","hentry","category-richard-rohr-ofm-centrum-pro-zivot-a-rozjimani","tag-zaklady","latest_post"],"_links":{"self":[{"href":"https:\/\/www.frantiskani.cz\/index.php\/wp-json\/wp\/v2\/posts\/3240","targetHints":{"allow":["GET"]}}],"collection":[{"href":"https:\/\/www.frantiskani.cz\/index.php\/wp-json\/wp\/v2\/posts"}],"about":[{"href":"https:\/\/www.frantiskani.cz\/index.php\/wp-json\/wp\/v2\/types\/post"}],"author":[{"embeddable":true,"href":"https:\/\/www.frantiskani.cz\/index.php\/wp-json\/wp\/v2\/users\/1"}],"replies":[{"embeddable":true,"href":"https:\/\/www.frantiskani.cz\/index.php\/wp-json\/wp\/v2\/comments?post=3240"}],"version-history":[{"count":2,"href":"https:\/\/www.frantiskani.cz\/index.php\/wp-json\/wp\/v2\/posts\/3240\/revisions"}],"predecessor-version":[{"id":3242,"href":"https:\/\/www.frantiskani.cz\/index.php\/wp-json\/wp\/v2\/posts\/3240\/revisions\/3242"}],"wp:featuredmedia":[{"embeddable":true,"href":"https:\/\/www.frantiskani.cz\/index.php\/wp-json\/wp\/v2\/media\/3221"}],"wp:attachment":[{"href":"https:\/\/www.frantiskani.cz\/index.php\/wp-json\/wp\/v2\/media?parent=3240"}],"wp:term":[{"taxonomy":"category","embeddable":true,"href":"https:\/\/www.frantiskani.cz\/index.php\/wp-json\/wp\/v2\/categories?post=3240"},{"taxonomy":"post_tag","embeddable":true,"href":"https:\/\/www.frantiskani.cz\/index.php\/wp-json\/wp\/v2\/tags?post=3240"}],"curies":[{"name":"wp","href":"https:\/\/api.w.org\/{rel}","templated":true}]}}