{"id":3248,"date":"2022-01-21T19:10:52","date_gmt":"2022-01-21T18:10:52","guid":{"rendered":"https:\/\/www.frantiskani.cz\/?p=3248"},"modified":"2022-01-21T19:10:55","modified_gmt":"2022-01-21T18:10:55","slug":"nejsi-ostrov-nic-se-nedeje-samo-o-sobe","status":"publish","type":"post","link":"https:\/\/www.frantiskani.cz\/index.php\/2022\/01\/21\/nejsi-ostrov-nic-se-nedeje-samo-o-sobe\/","title":{"rendered":"Nic se ned\u011bje samo o sob\u011b"},"content":{"rendered":"\n<h2 class=\"wp-block-heading\">Shrnut\u00ed prvn\u00edho t\u00fddne<\/h2>\n\n\n\n<p>2. ledna &#8211; 7. ledna 2022<\/p>\n\n\n\n<p><a href=\"https:\/\/email.cac.org\/t\/d-l-addjidt-tlkrhyidn-r\/\"><u>Ned\u011ble<\/u><\/a><br>Jak \u0159\u00edk\u00e1 na\u0161e t\u00e9ma pro rok 2022: Nic ne\u017eije samo. A je to pravda! Jsme vnit\u0159n\u011b jako Trojice, \u017eijeme v absolutn\u00ed p\u0159\u00edbuznosti. \u0158\u00edk\u00e1me tomu l\u00e1ska.<br>\u2014Richard Rohr<\/p>\n\n\n\n<p><a href=\"https:\/\/email.cac.org\/t\/d-l-addjidt-tlkrhyidn-y\/\"><u>Pond\u011bl\u00ed<\/u><\/a><br>Stoj\u00edme-li p\u0159ed Bohem, p\u0159ij\u00edm\u00e1me-li Boha, doslovn\u011b jsem j\u00edm stvo\u0159eni a existujeme pr\u00e1v\u011b p\u0159ed n\u00edm; m\u016f\u017eeme s n\u00edm b\u00fdt tady, te\u010f.<br>\u2014Richard Rohr<\/p>\n\n\n\n<p><a href=\"https:\/\/email.cac.org\/t\/d-l-addjidt-tlkrhyidn-j\/\"><u>\u00dater\u00fd<\/u><\/a><br>Kdy\u017e neseme sv\u00e1 mal\u00e1 \u010di velk\u00e1 utrpen\u00ed v solidarit\u011b s univerz\u00e1ln\u00edm zam\u011b\u0159en\u00edm cel\u00e9ho lidstva, d\u00e1v\u00e1 n\u00e1m to s\u00edlu zdr\u017eet se sebel\u00edtosti nebo myslet njen na sebe. V\u00edme, \u017ee jsme v utrpen\u00ed v\u0161ichni spole\u010dn\u011b, a \u017ee pro v\u0161echny ostatn\u00ed je to stejn\u011b t\u011b\u017ek\u00e9.<br>\u2014Richard Rohr<\/p>\n\n\n\n<p><a href=\"https:\/\/email.cac.org\/t\/d-l-addjidt-tlkrhyidn-t\/\"><u>St\u0159eda<\/u><\/a><br>Samotn\u00e1 podstata na\u0161eho \u017eivotn\u00edho stylu a na\u0161eho duchovn\u00edho \u017eivota mus\u00ed b\u00fd od po\u010d\u00e1tku zam\u011b\u0159ena na spole\u010denstv\u00ed svat\u00fdch, na spole\u010dn\u00fd \u017eivot jako v rodin\u011b, na troji\u010dn\u00ed \u017eivot Boha, na jeho kr\u00e1lovstv\u00ed \u2013 pr\u00e1v\u011b nyn\u00ed a tady!<br>\u2014Richard Rohr<\/p>\n\n\n\n<p><a href=\"https:\/\/email.cac.org\/t\/d-l-addjidt-tlkrhyidn-i\/\"><u>\u010ctvrtek<\/u><\/a><br>A\u0165 u\u017e jsou to na\u0161i rodi\u010de, na\u0161i u\u010ditel\u00e9, mento\u0159i, p\u0159\u00e1tel\u00e9, c\u00edrkve nebo soused\u00e9, v\u0161ichni n\u00e1s ovliv\u0148uj\u00ed. Stoj\u00edme spolu na stejn\u00fdch z\u00e1kladech. M\u011blo by to b\u00fdt pro n\u00e1s velkou \u00falevou. Na\u0161\u00edm jedin\u00fdm \u00fakolem je stav\u011bt na tom, co u\u017e n\u00e1m bylo d\u00e1no.<br>\u2014Kate Bowler<\/p>\n\n\n\n<p><a href=\"https:\/\/email.cac.org\/t\/d-l-addjidt-tlkrhyidn-d\/\"><u>P\u00e1tek<\/u><\/a><br>Mus\u00edme prost\u011b jen otev\u0159\u00edt o\u010di, d\u00edvat se d\u00e1l p\u0159es m\u00edstnost kde zrovna jsme, p\u0159es ulic\u00ed ulici, rozd\u011blen\u00ed, hranici \u2013 a nat\u00e1hnout ruku k bli\u017en\u00edmu, nab\u00eddnout svou ruku, sv\u016fj soucit a sv\u00e9 srdce.<br>\u2014Jacqui Lewisov\u00e1<\/p>\n\n\n\n<h2 class=\"wp-block-heading\">Tr\u00e9nink prvn\u00edho t\u00fddne : Hled\u00edme s l\u00e1skou na druh\u00e9ho<\/h2>\n\n\n\n<p><em>V pond\u011bln\u00ed meditaci otec Richard psal o tom, \u017ee jsme se ocitli ve vztahu s Bohem t\u00edm, \u017ee jsme p\u0159ijali jeho Bo\u017e\u00ed miluj\u00edc\u00ed pohled. Dnes u\u010d\u00edme od kontemplativn\u00ed spisovatelky a um\u011blkyn\u011b Christine Valters Paintnerov\u00e9, kter\u00e1 n\u00e1m umo\u017en\u00ed p\u0159ed\u00e1vat l\u00e1skypln\u00fd pohled d\u00e1l. Ostatn\u00edm kolem n\u00e1s.<\/em>.<\/p>\n\n\n\n<h4 class=\"wp-block-heading\">Zamyslete se<\/h4>\n\n\n\n<p>Jak \u010dasto se opravdu d\u00edv\u00e1me na jinou osobu jako na kr\u00e1sn\u00fd dar? Mo\u017en\u00e1 se n\u00e1m to n\u011bkdy poda\u0159\u00ed s osobou, kterou milujeme. V n\u011bjak\u00e9 chv\u00edli milosti j\u00ed vid\u00edme v cel\u00e9 jej\u00ed \u00fa\u017easnosti a c\u00edt\u00edme b\u00fdt vd\u011b\u010dn\u00ed za jej\u00ed existenci v na\u0161em \u017eivot\u011b.<\/p>\n\n\n\n<p>Mo\u017en\u00e1 si vzpomenete na okam\u017eik, kdy se va\u0161e o\u010di setkaly a vy si na chv\u00edli udr\u017e\u00edte v mysli a srdci jeho pohled z l\u00e1sky.<\/p>\n\n\n\n<h4 class=\"wp-block-heading\">Zkou\u0161ejte &#8211; tr\u00e9nujte<\/h4>\n\n\n\n<p>Ale lze d\u011blat \u010dast\u011bji. Lze \u010dast\u011bji p\u0159in\u00e1\u0161et pohled l\u00e1sky. M\u016f\u017eeme jej c\u00edlen\u011b pou\u017e\u00edt pro druh\u00e9. Zkou\u0161ejme to s milovan\u00fdm nebo velmi drah\u00fdm a bl\u00edzk\u00fdm p\u0159\u00edtelem. Zkusme si t\u0159eba nastavit minutku a jen tak chv\u00edli sed\u011bt a o\u010dima se ti\u0161e navz\u00e1jem p\u0159ij\u00edmat, jakoby spole\u010dn\u011b d\u00fdchat a mo\u017en\u00e1 se ti\u0161e p\u0159itom modlit ve sv\u00fdch srdc\u00edch.<\/p>\n\n\n\n<h4 class=\"wp-block-heading\">Cvi\u010den\u00ed<\/h4>\n\n\n\n<p>Vdechnout: <em>Vid\u00edm t\u011b s l\u00e1skou<\/em><\/p>\n\n\n\n<p>Vydechnout: vz\u00e1cn\u00fd<em>, milovan\u00fd.<\/em><\/p>\n\n\n\n<p>Vdechnout: <em>Jsem vd\u011b\u010dn\u00fd<\/em><\/p>\n\n\n\n<p>Vydechnout: za toho kdo je se mnou<em>.<\/em><\/p>\n\n\n\n<h4 class=\"wp-block-heading\">Odm\u011bna<\/h4>\n\n\n\n<p>To m\u016f\u017ee b\u00fdt velmi intimn\u00ed a k\u0159ehk\u00fd okam\u017eik. \u010cas str\u00e1ven\u00fd jen pouh\u00fdm tich\u00fdm pohledem s l\u00e1skou a vztahem.<\/p>\n\n\n\n<p>A pak m\u016f\u017eeme takov\u00e9 okam\u017eiky zkou\u0161et p\u0159en\u00e1\u0161et i d\u00e1l. Jak \u010dasto vn\u00edm\u00e1me jin\u00e9 osoby takov\u00e9 jak\u00e9 jsou, ani\u017e bychom se nech\u00e1vali ovlivnit svoji p\u0159edstavou \u010di p\u0159edsudkem? Co kdybychom to zkusili nap\u0159\u00edklad v obchod\u011b s potravinami a na chv\u00edli darovali sv\u016fj pohled l\u00e1sky prodava\u010di nebo pokladn\u00ed. Nemus\u00ed v\u011bd\u011bt, \u017ee to d\u011bl\u00e1te. Nemus\u00edte na n\u011b z\u00edrat! Jen si uv\u011bdomte jejich obraz, \u017ee tu jsou a pak na chv\u00edli zav\u0159ete o\u010di, d\u00fdchejte a koupejte je ve sv\u00e9 l\u00e1sce. Pod\u00edvejte se na jin\u00e9ho \u010dlov\u011bka jako na milovan\u00e9ho a kr\u00e1sn\u00e9ho, na jeho skute\u010dn\u00fd obraz v Bo\u017e\u00edch o\u010d\u00edch.<\/p>\n\n\n\n<p><a href=\"https:\/\/email.cac.org\/t\/d-l-addjidt-tlkrhyidn-k\/\"><u>Experience a version of this practice<\/u><\/a> through video and sound.<\/p>\n\n\n\n<p>Christine Valters Paintner, <em><u>Breath Prayer: An Ancient Practice for the Everyday Sacred<\/u><\/em> (Minneapolis: Broadleaf Books, 2021), 165\u2013166.<\/p>\n\n\n\n<p><strong><u>Image credit:<\/u><\/strong> Brian McLaren, <em><u>Untitled 1-3<\/u><\/em> (detail), 2021, photograph, United States. Jenna Keiper and Leslye Colvin, 2021, triptych art, United States.&nbsp;<\/p>\n\n\n\n<p>The creative team at CAC sent a single-use camera to Brian McLaren as part of an exploration into contemplative photography. His photos are featured here in a form inspired by early Christian\/Catholic triptych art: a threefold form that tells a unified story.<\/p>\n\n\n\n<p><strong><u>Image inspiration:<\/u><\/strong> <em><u>In this triptych, we begin by seeing just one fruit. Moving to the center photo, we see the whole tree. When we look at the third photo, we bring with us the knowledge that there is more to this tree, an abundance of fruit. It&#8217;s not alone. Nothing stands alone.<\/u><\/em><\/p>\n","protected":false},"excerpt":{"rendered":"<p>Lze \u010dast\u011bji p\u0159in\u00e1\u0161et pohled l\u00e1sky. M\u016f\u017eeme jej c\u00edlen\u011b pou\u017e\u00edt pro druh\u00e9. Zkou\u0161ejme to s milovan\u00fdm nebo velmi drah\u00fdm a bl\u00edzk\u00fdm p\u0159\u00edtelem. Zkusme si t\u0159eba nastavit minutku a jen tak chv\u00edli sed\u011bt a o\u010dima se ti\u0161e navz\u00e1jem p\u0159ij\u00edmat, jakoby spole\u010dn\u011b d\u00fdchat a mo\u017en\u00e1 se ti\u0161e p\u0159itom modlit ve sv\u00fdch srdc\u00edch.<\/p>\n","protected":false},"author":1,"featured_media":3221,"comment_status":"open","ping_status":"open","sticky":false,"template":"","format":"standard","meta":{"footnotes":""},"categories":[198],"tags":[281],"class_list":["post-3248","post","type-post","status-publish","format-standard","has-post-thumbnail","hentry","category-richard-rohr-ofm-centrum-pro-zivot-a-rozjimani","tag-pohledem-lasky","latest_post"],"_links":{"self":[{"href":"https:\/\/www.frantiskani.cz\/index.php\/wp-json\/wp\/v2\/posts\/3248","targetHints":{"allow":["GET"]}}],"collection":[{"href":"https:\/\/www.frantiskani.cz\/index.php\/wp-json\/wp\/v2\/posts"}],"about":[{"href":"https:\/\/www.frantiskani.cz\/index.php\/wp-json\/wp\/v2\/types\/post"}],"author":[{"embeddable":true,"href":"https:\/\/www.frantiskani.cz\/index.php\/wp-json\/wp\/v2\/users\/1"}],"replies":[{"embeddable":true,"href":"https:\/\/www.frantiskani.cz\/index.php\/wp-json\/wp\/v2\/comments?post=3248"}],"version-history":[{"count":1,"href":"https:\/\/www.frantiskani.cz\/index.php\/wp-json\/wp\/v2\/posts\/3248\/revisions"}],"predecessor-version":[{"id":3249,"href":"https:\/\/www.frantiskani.cz\/index.php\/wp-json\/wp\/v2\/posts\/3248\/revisions\/3249"}],"wp:featuredmedia":[{"embeddable":true,"href":"https:\/\/www.frantiskani.cz\/index.php\/wp-json\/wp\/v2\/media\/3221"}],"wp:attachment":[{"href":"https:\/\/www.frantiskani.cz\/index.php\/wp-json\/wp\/v2\/media?parent=3248"}],"wp:term":[{"taxonomy":"category","embeddable":true,"href":"https:\/\/www.frantiskani.cz\/index.php\/wp-json\/wp\/v2\/categories?post=3248"},{"taxonomy":"post_tag","embeddable":true,"href":"https:\/\/www.frantiskani.cz\/index.php\/wp-json\/wp\/v2\/tags?post=3248"}],"curies":[{"name":"wp","href":"https:\/\/api.w.org\/{rel}","templated":true}]}}