{"id":3332,"date":"2022-02-01T19:38:06","date_gmt":"2022-02-01T18:38:06","guid":{"rendered":"https:\/\/www.frantiskani.cz\/?p=3332"},"modified":"2022-02-01T19:38:10","modified_gmt":"2022-02-01T18:38:10","slug":"my-jsme-zeme","status":"publish","type":"post","link":"https:\/\/www.frantiskani.cz\/index.php\/2022\/02\/01\/my-jsme-zeme\/","title":{"rendered":"V\u0161echno kolem n\u00e1s a v n\u00e1s poch\u00e1z\u00ed ze Zem\u011b"},"content":{"rendered":"\n<h5 class=\"wp-block-heading\" id=\"treti-tyden-propojeny-vesmir\">T\u0159et\u00ed t\u00fdden: Propojen\u00fd vesm\u00edr<\/h5>\n\n\n\n<p><em>Buddhistick\u00fd mnich a u\u010ditel Thich Nhat Hanh popisuje na\u0161e p\u0159irozen\u00e9 spojen\u00ed se Zem\u00ed. Jak porozum\u011bn\u00ed jeho n\u00e1zoru m\u016f\u017ee zm\u011bnit na\u0161e chov\u00e1n\u00ed?<\/em><\/p>\n\n\n\n<h4 class=\"wp-block-heading\" id=\"my-jsme-zeme-a-my-ji-stale-nosime-v-sobe\">My jsme Zem\u011b a my ji st\u00e1le nos\u00edme v sob\u011b.<\/h4>\n\n\n\n<p>Pr\u00e1v\u011b v tomto okam\u017eiku je Zem\u011b nad v\u00e1mi, pod v\u00e1mi, v\u0161ude kolem v\u00e1s a dokonce i uvnit\u0159 v\u00e1s. Zem\u011b je v\u0161ude. Mo\u017en\u00e1 jste zvykl\u00ed myslet na Zemi jen jako na zemi pod va\u0161ima nohama. Ale voda, mo\u0159e, obloha a v\u0161echno kolem n\u00e1s poch\u00e1z\u00ed ze Zem\u011b. V\u0161echno mimo n\u00e1s a v\u0161echno uvnit\u0159 n\u00e1s poch\u00e1z\u00ed ze Zem\u011b. \u010casto zapom\u00edn\u00e1me, \u017ee planeta, na kter\u00e9 \u017eijeme, n\u00e1m dala v\u0161echny prvky, kter\u00e9 tvo\u0159\u00ed na\u0161e t\u011bla. Voda v na\u0161em t\u011ble, v na\u0161ich kostech a v\u0161echny mikroskopick\u00e9 bu\u0148ky uvnit\u0159 na\u0161ich t\u011bl poch\u00e1zej\u00ed ze Zem\u011b a jsou sou\u010d\u00e1st\u00ed Zem\u011b. Zem\u011b nen\u00ed jen prost\u0159ed\u00ed, ve kter\u00e9m \u017eijeme. My jsme Zem\u011b a my ji st\u00e1le nos\u00edme v sob\u011b.<\/p>\n\n\n\n<h4 class=\"wp-block-heading\" id=\"muzeme-se-do-zeme-uplne-zamilovat\">.M\u016f\u017eeme se do Zem\u011b \u00fapln\u011b zamilovat. <\/h4>\n\n\n\n<p>Kdy\u017e si to uv\u011bdom\u00edme, m\u016f\u017eeme vid\u011bt, \u017ee Zem\u011b je skute\u010dn\u011b \u017eiv\u00e1. Jsme \u017eivouc\u00edm, d\u00fdchaj\u00edc\u00edm projevem kr\u00e1sn\u00e9 a velkorys\u00e9 planety. S t\u00edmto v\u011bdom\u00edm m\u016f\u017eeme za\u010d\u00edt m\u011bnit n\u00e1\u0161 vztah k Zemi. M\u016f\u017eeme za\u010d\u00edt jinak \u017e\u00edt a jinak se o ni starat . M\u016f\u017eeme se do Zem\u011b \u00fapln\u011b zamilovat. Kdy\u017e jsme do n\u011bkoho nebo n\u011b\u010deho zamilovan\u00ed, neexistuje \u017e\u00e1dn\u00e9 rozd\u011blen\u00ed mezi n\u00e1mi a osobou nebo v\u011bc\u00ed, kterou milujeme. D\u011bl\u00e1me pro ni v\u0161echno, co je v na\u0161ich sil\u00e1ch, a p\u0159in\u00e1\u0161\u00ed n\u00e1m to velkou radost a \u0161t\u011bst\u00ed. A pr\u00e1v\u011b takov\u00e1 vztah m\u016f\u017eeme m\u00edt se Zem\u00ed. Pokud m\u00e1 Zem\u011b a my na n\u00ed p\u0159e\u017e\u00edt, pak mus\u00edme \u0159\u00edci \u017ee takov\u00fd vztah mus\u00edme m\u00edt.<\/p>\n\n\n\n<h4 class=\"wp-block-heading\" id=\"planeta-neni-pro-nas-my-jsme-jeji-soucast\">Planeta nen\u00ed pro n\u00e1s. My jsme jej\u00ed sou\u010d\u00e1st<\/h4>\n\n\n\n<p>Pokud p\u0159em\u00fd\u0161l\u00edme o Zemi jen jako o \u017eivotn\u00edm prost\u0159ed\u00ed kolem n\u00e1s, jsme ve skute\u010dnosti odd\u011blen\u00ed od Zem\u011b. Vid\u00edme na\u0161i planetu jen ze sobeck\u00e9ho hlediska jak je u\u017eite\u010dn\u00e1 pro n\u00e1s. Pot\u0159ebujeme si v\u0161ak uv\u011bdomit, \u017ee planeta a lid\u00e9 na n\u00ed jsou v kone\u010dn\u00e9m d\u016fsledku jedno a tot\u00e9\u017e.<\/p>\n\n\n\n<p><em>Na\u0161e fale\u0161n\u00e1 p\u0159edstava \u017ee nejsme sou\u010d\u00e1st\u00ed Zem\u011b zp\u016fsobuje jak fyzickou tak i du\u0161evn\u00ed \u00fajmu v na\u0161ich \u017eivotech:<\/em><\/p>\n\n\n\n<h4 class=\"wp-block-heading\" id=\"musime-opravdove-zmenit-celkove-nas-osobni-vztah-se-zemi\">Mus\u00edme opravdov\u011b zm\u011bnit celkov\u011b n\u00e1\u0161 osobn\u00ed vztah se Zem\u00ed.<\/h4>\n\n\n\n<p>Strach, nen\u00e1vist, hn\u011bv a pocit separace a odcizen\u00ed v n\u00e1s poch\u00e1z\u00ed tak\u00e9 z na\u0161eho vnit\u0159n\u00edho p\u0159esv\u011bd\u010den\u00ed, \u017ee nejsme sou\u010d\u00e1st\u00ed planety. M\u00edsto toho sebe vid\u00edme jako st\u0159ed vesm\u00edru a zaj\u00edm\u00e1 n\u00e1s jen na\u0161e osobn\u00ed p\u0159e\u017eit\u00ed. Pokud n\u00e1m z\u00e1le\u017e\u00ed na zdrav\u00ed a blahu planety, pokud pro to i n\u011bco d\u011bl\u00e1me, tak vlastn\u011b jen pro na\u0161e vlastn\u00ed dobro. Chceme, aby byl vzduch dostate\u010dn\u011b \u010dist\u00fd, abychom mohli d\u00fdchat. Chceme, aby voda byla dostate\u010dn\u011b \u010dist\u00e1, abychom m\u011bli n\u011bco k pit\u00ed. Mus\u00edme v\u0161ak d\u011blat v\u00edc ne\u017e jen pou\u017e\u00edvat recyklovan\u00e9 v\u00fdrobky nebo darovat pen\u00edze ekologick\u00fdm aktivist\u016fm. Mus\u00edme opravdov\u011b zm\u011bnit celkov\u011b n\u00e1\u0161 osobn\u00ed vztah se Zem\u00ed.<\/p>\n\n\n\n<p>Thich Nhat Hanh, <em><u>Love Letter to the Earth<\/u><\/em> (Berkeley, CA: Parallax Press, 2013), 8\u20139, 10.<\/p>\n\n\n\n<p><strong><u>Image Credit:<\/u><\/strong> Brian McLaren, <em><u>Untitled 7-9<\/u><\/em> (detail), 2021, photograph, United States. Jenna Keiper and Leslye Colvin, 2021, triptych art, United States.<\/p>\n\n\n\n<p>The creative team at CAC sent a single-use camera to Brian McLaren as part of an exploration into contemplative photography. His photos are featured here in a form inspired by early Christian\/Catholic triptych art: a threefold form that tells a unified story.&nbsp;<\/p>\n\n\n\n<p><strong><u>Image Inspiration:<\/u><\/strong> <em><u>We often look up to appreciate the universe, but this massive universe is not only above us. It\u2019s also under us, around us, and in us. It connects us all\u2014stars, palm plants, grasses, humans and turtles alike.<\/u><\/em><\/p>\n\n\n\n<p><a href=\"http:\/\/Listen to Father Richard pray this prayer\u00a0aloud.\">Listen to Father Richard pray this prayer\u00a0aloud.<\/a><\/p>\n\n\n\n<p><\/p>\n","protected":false},"excerpt":{"rendered":"<p>Pokud p\u0159em\u00fd\u0161l\u00edme o Zemi jen jako o \u017eivotn\u00edm prost\u0159ed\u00ed kolem n\u00e1s, jsme ve skute\u010dnosti odd\u011blen\u00ed od Zem\u011b. Vid\u00edme na\u0161i planetu jen ze sobeck\u00e9ho hlediska jak je u\u017eite\u010dn\u00e1 pro n\u00e1s. Pot\u0159ebujeme si v\u0161ak uv\u011bdomit, \u017ee planeta a lid\u00e9 na n\u00ed jsou v kone\u010dn\u00e9m d\u016fsledku jedno a tot\u00e9\u017e.<\/p>\n","protected":false},"author":1,"featured_media":3322,"comment_status":"open","ping_status":"open","sticky":false,"template":"","format":"standard","meta":{"footnotes":""},"categories":[198],"tags":[307,308],"class_list":["post-3332","post","type-post","status-publish","format-standard","has-post-thumbnail","hentry","category-richard-rohr-ofm-centrum-pro-zivot-a-rozjimani","tag-planeta","tag-zeme","latest_post"],"_links":{"self":[{"href":"https:\/\/www.frantiskani.cz\/index.php\/wp-json\/wp\/v2\/posts\/3332","targetHints":{"allow":["GET"]}}],"collection":[{"href":"https:\/\/www.frantiskani.cz\/index.php\/wp-json\/wp\/v2\/posts"}],"about":[{"href":"https:\/\/www.frantiskani.cz\/index.php\/wp-json\/wp\/v2\/types\/post"}],"author":[{"embeddable":true,"href":"https:\/\/www.frantiskani.cz\/index.php\/wp-json\/wp\/v2\/users\/1"}],"replies":[{"embeddable":true,"href":"https:\/\/www.frantiskani.cz\/index.php\/wp-json\/wp\/v2\/comments?post=3332"}],"version-history":[{"count":1,"href":"https:\/\/www.frantiskani.cz\/index.php\/wp-json\/wp\/v2\/posts\/3332\/revisions"}],"predecessor-version":[{"id":3333,"href":"https:\/\/www.frantiskani.cz\/index.php\/wp-json\/wp\/v2\/posts\/3332\/revisions\/3333"}],"wp:featuredmedia":[{"embeddable":true,"href":"https:\/\/www.frantiskani.cz\/index.php\/wp-json\/wp\/v2\/media\/3322"}],"wp:attachment":[{"href":"https:\/\/www.frantiskani.cz\/index.php\/wp-json\/wp\/v2\/media?parent=3332"}],"wp:term":[{"taxonomy":"category","embeddable":true,"href":"https:\/\/www.frantiskani.cz\/index.php\/wp-json\/wp\/v2\/categories?post=3332"},{"taxonomy":"post_tag","embeddable":true,"href":"https:\/\/www.frantiskani.cz\/index.php\/wp-json\/wp\/v2\/tags?post=3332"}],"curies":[{"name":"wp","href":"https:\/\/api.w.org\/{rel}","templated":true}]}}