{"id":3379,"date":"2022-02-04T13:51:05","date_gmt":"2022-02-04T12:51:05","guid":{"rendered":"https:\/\/www.frantiskani.cz\/?p=3379"},"modified":"2022-02-04T13:51:08","modified_gmt":"2022-02-04T12:51:08","slug":"synodni-skupina-chlapi-opava","status":"publish","type":"post","link":"https:\/\/www.frantiskani.cz\/index.php\/2022\/02\/04\/synodni-skupina-chlapi-opava\/","title":{"rendered":"Synodn\u00ed skupina Chlapi Opava:\u00a0"},"content":{"rendered":"\n<p>&#8211; Dost\u00e1vat v\u00edce p\u0159\u00edle\u017eitost\u00ed od kn\u011bze pro pr\u00e1ci ve farnosti. (kn\u011bz nemus\u00ed v\u0161e zaji\u0161\u0165ovat s\u00e1m), nap\u0159. \u00fadr\u017eba, dozor firmy, kter\u00e1 n\u011bco dod\u00e1v\u00e1 farnosti&#8230;..Obecn\u011b je to nejsp\u00ed\u0161e delegov\u00e1n\u00ed n\u011bkter\u00fdch \u010dinnost\u00ed, prost\u0159ednictv\u00edm funguj\u00edc\u00ed farn\u00ed rady na b\u011b\u017en\u00e9, farn\u00edky<br>&#8211; Synoda (kr\u00e1\u010det spolu) &#8211; m\u00edt mo\u017enost na r\u016fzn\u00fdch \u00farovn\u00edch v\u00edce zapojit laiky, kte\u0159\u00ed vid\u00ed do \u017eivota c\u00edrkve (nap\u0159. maj\u00ed zku\u0161enosti se spr\u00e1vou majetku)<br>&#8211; Pro kn\u011bze &#8211; m\u00edt zku\u0161enost z b\u011b\u017en\u00e9ho \u017eivota (nap\u0159. chodit do klasick\u00e9ho zam\u011bstn\u00e1n\u00ed) <strong>(<em>tady m\u011b napad\u00e1 pro kn\u011bze, kte\u0159\u00ed jsou vyho\u0159el\u00ed, by pr\u00e1v\u011b tato zku\u0161enost mohla b\u00fdt p\u0159\u00ednosn\u011bj\u0161\u00ed, ne\u017e pobyt v kl\u00e1\u0161te\u0159e)<\/em><\/strong><br>&#8211; Vz\u00edt si p\u0159\u00edklad z Evangelick\u00e9 c\u00edrkve a zalo\u017eit synod\u00e1ln\u00ed rady na r\u016fzn\u00fdch \u00farovn\u00edch se zastoupen\u00edm laik\u016f a kl\u00e9ru 50:50<br>&#8211; Narovnat vztah mezi laiky a kl\u00e9rem (kn\u011bz nen\u00ed v\u00fdjime\u010dn\u00fd, nem\u00e1 patent na v\u0161e)<br>&#8211; Pod\u00edl laik\u016f na zodpov\u011bdnosti nejen za majetek farnosti<br>&#8211; Kn\u011bz nemus\u00ed m\u00edt roli jen Veden\u00ed ale sp\u00ed\u0161e Doprov\u00e1zen\u00ed (laici i kl\u00e9r jsou na cest\u011b)<\/p>\n\n\n\n<p>V\u00fdraz synodiality &#8211; v\u011bt\u0161\u00ed transparentnost p\u0159i ustanoven\u00ed Biskupa. (U\u017e, aby to bylo! Chlapci maj\u00ed 75 let a v\u00edce. Vojt\u011bch Cikrle, Dominik Duka, Jan Graubner. D\u00edky Bohu, d\u00edky jim. D\u011bkujeme, odejd\u011bte na zaslou\u017een\u00fd odpo\u010dinek&nbsp;a do emeritury. I tam V\u00e1s c\u00edrkev i my pot\u0159ebujeme a r\u00e1di najdeme. <strong>V p\u0159\u00edpad\u011b Jana Baxanta a Franti\u0161ka V\u00e1clava Lobkovice,&nbsp;m\u011bla emeritura nastat mnohem, mnohem d\u0159\u00edve!&nbsp;Je pot\u0159eba nov\u00e9 krve, na\u0161\u00ed, Hus\u00e1kov\u00fdch d\u011bt\u00ed !!!<\/strong><br>Tolik&nbsp;na\u0161e z\u00e1pisky.<br>kr\u00e1sn\u00fd&nbsp;rok 2022&nbsp;a bu\u010fme v obraze \ud83d\ude42<br>Robert Max, OFS<\/p>\n","protected":false},"excerpt":{"rendered":"<p>&#8211; Dost\u00e1vat v\u00edce p\u0159\u00edle\u017eitost\u00ed od kn\u011bze pro pr\u00e1ci ve farnosti. (kn\u011bz nemus\u00ed v\u0161e zaji\u0161\u0165ovat s\u00e1m), nap\u0159. \u00fadr\u017eba, dozor firmy, kter\u00e1 &hellip; <\/p>\n","protected":false},"author":1,"featured_media":2882,"comment_status":"open","ping_status":"open","sticky":false,"template":"","format":"standard","meta":{"footnotes":""},"categories":[252],"tags":[],"class_list":["post-3379","post","type-post","status-publish","format-standard","has-post-thumbnail","hentry","category-synodialita","latest_post"],"_links":{"self":[{"href":"https:\/\/www.frantiskani.cz\/index.php\/wp-json\/wp\/v2\/posts\/3379","targetHints":{"allow":["GET"]}}],"collection":[{"href":"https:\/\/www.frantiskani.cz\/index.php\/wp-json\/wp\/v2\/posts"}],"about":[{"href":"https:\/\/www.frantiskani.cz\/index.php\/wp-json\/wp\/v2\/types\/post"}],"author":[{"embeddable":true,"href":"https:\/\/www.frantiskani.cz\/index.php\/wp-json\/wp\/v2\/users\/1"}],"replies":[{"embeddable":true,"href":"https:\/\/www.frantiskani.cz\/index.php\/wp-json\/wp\/v2\/comments?post=3379"}],"version-history":[{"count":1,"href":"https:\/\/www.frantiskani.cz\/index.php\/wp-json\/wp\/v2\/posts\/3379\/revisions"}],"predecessor-version":[{"id":3380,"href":"https:\/\/www.frantiskani.cz\/index.php\/wp-json\/wp\/v2\/posts\/3379\/revisions\/3380"}],"wp:featuredmedia":[{"embeddable":true,"href":"https:\/\/www.frantiskani.cz\/index.php\/wp-json\/wp\/v2\/media\/2882"}],"wp:attachment":[{"href":"https:\/\/www.frantiskani.cz\/index.php\/wp-json\/wp\/v2\/media?parent=3379"}],"wp:term":[{"taxonomy":"category","embeddable":true,"href":"https:\/\/www.frantiskani.cz\/index.php\/wp-json\/wp\/v2\/categories?post=3379"},{"taxonomy":"post_tag","embeddable":true,"href":"https:\/\/www.frantiskani.cz\/index.php\/wp-json\/wp\/v2\/tags?post=3379"}],"curies":[{"name":"wp","href":"https:\/\/api.w.org\/{rel}","templated":true}]}}