{"id":3534,"date":"2022-02-17T10:52:43","date_gmt":"2022-02-17T09:52:43","guid":{"rendered":"https:\/\/www.frantiskani.cz\/?p=3534"},"modified":"2022-02-17T10:53:31","modified_gmt":"2022-02-17T09:53:31","slug":"cilem-modlitby-je-kvalitni-vztah","status":"publish","type":"post","link":"https:\/\/www.frantiskani.cz\/index.php\/2022\/02\/17\/cilem-modlitby-je-kvalitni-vztah\/","title":{"rendered":"C\u00edlem modlitby je kvalitn\u00ed vztah"},"content":{"rendered":"\n<h5 class=\"wp-block-heading\" id=\"sedmy-tyden-setkani-s-bohem-v-modlitbe\">Sedm\u00fd t\u00fdden: Setk\u00e1n\u00ed s Bohem v modlitb\u011b<\/h5>\n\n\n\n<p><em>Modlitba m\u016f\u017ee vn\u00e9st do na\u0161eho \u017eivota velkou prom\u011bnu, \u0159\u00edk\u00e1 Richard Rohr. M\u016f\u017eeme pro\u017e\u00edt sv\u00e9 hlub\u0161\u00ed j\u00e1, kter\u00e9 je ve vztahu s Bohem:<\/em><\/p>\n\n\n\n<h4 class=\"wp-block-heading\" id=\"vztah-naseho-ja-s-bohem\">Vztah na\u0161eho j\u00e1 s Bohem<\/h4>\n\n\n\n<p>Na\u0161e vnit\u0159n\u00ed j\u00e1 m\u016f\u017ee \u017eit ve vztahu s Bohem. Vznikne pak spiritualita bez vn\u011bj\u0161\u00edch po\u017eadavk\u016f. Vytvo\u0159\u00ed se kvalitn\u00ed vztah a rozvine se na\u0161e schopnost \u017eit s Bohem a s ostatn\u00edmi. Moje vnit\u0159n\u00ed j\u00e1 i fyzick\u00e9 j\u00e1 je v \u00fazk\u00e9m vztahu s Bohem. Modlitbou pak u\u017e je jenom to, \u017ee jsme, uvnit\u0159 s n\u00edm. <\/p>\n\n\n\n<h4 class=\"wp-block-heading\" id=\"chodit-s-bohem\">Chodit s Bohem<\/h4>\n\n\n\n<p>To m\u011bl Pavel na mysli, kdy\u017e prosil, abychom se neust\u00e1le modlili, (1 Tesalonick\u00fdm 5:17). Ur\u010dit\u011b t\u00edm nemyslel, \u017ee bychom cel\u00fd den m\u011bli chodit a p\u0159itom st\u00e1le opakovat Ot\u010de n\u00e1s. Myslel t\u00edm, \u017ee m\u00e1me b\u00fdt v\u011bdom\u011b neust\u00e1le s Bohem. Pro ka\u017ed\u00e9ho je p\u0159ekvapen\u00ed, \u017ee pro takov\u00fdto vztah s Bohem, nemus\u00edme b\u00fdt dokonal\u00ed. Jsem sice v Bohu, ale i nad\u00e1le d\u011bl\u00e1m chyby, ale on mne neodm\u00edt\u00e1. Je ur\u010dit\u011b t\u011b\u017ek\u00e9 z\u00edskat pro takov\u00fd vztah cit. Pot\u0159ebujeme se setkat s n\u011bk\u00fdm, kdo tak \u017eije.<\/p>\n\n\n\n<h4 class=\"wp-block-heading\" id=\"potrebujeme-lidske-vzory\">Pot\u0159ebujeme lidsk\u00e9 vzory<\/h4>\n\n\n\n<p>Opravdu si mysl\u00edm, \u017ee se pot\u0159ebujme setkat s \u010dlov\u011bkem, kter\u00fd u\u017e m\u00e1 se vztahem s Bohem zku\u0161enost. Kdysi jsem si myslel, \u017ee k\u0159es\u0165anem se st\u00e1v\u00e1 \u010dlov\u011bk tehdy pokud se s k\u0159es\u0165anem setk\u00e1v\u00e1, proto\u017ee je to naka\u017eliv\u00e9. Kdy\u017e se setk\u00e1me se zral\u00fdm \u010dlov\u011bkem, m\u016f\u017eeme se tak\u00e9 st\u00e1t zralej\u0161\u00edmi. Kdy\u017e se setk\u00e1me s trp\u011bliv\u00fdm \u010dlov\u011bkem, u\u010d\u00edme se b\u00fdt trp\u011bliv\u00fd. Setk\u00e1v\u00e1me-li se miluj\u00edc\u00edm \u010dlov\u011bkem, u\u010d\u00edme se v\u00edce milovat. Tak to mezi lidmi funguje. Kdy\u017e se st\u00fdk\u00e1me se stabiln\u00edm, \u0161\u0165astn\u00fdm a svobodn\u00fdm \u010dlov\u011bkem, staneme se i my takov\u00fdmi. Proto\u017ee se n\u00e1m jeho vzor l\u00edb\u00ed. Tak se vlastn\u011b v\u00edra \u0161\u00ed\u0159\u00ed -prost\u0159ednictv\u00edm na\u0161ich vztah\u016f.<\/p>\n\n\n\n<h4 class=\"wp-block-heading\" id=\"najdi-si-sve-misto-pro-modlitbu\">Najdi si sv\u00e9 m\u00edsto pro modlitbu<\/h4>\n\n\n\n<p>Pro modlitbu usiluj\u00edc\u00ed o vztah s Bohem je pot\u0159ebn\u00e9 naj\u00edt si sv\u00e9 m\u00edsto pro setk\u00e1n\u00ed. M\u00edsto na n\u011bm\u017e c\u00edt\u00edme, \u017ee nejsme manipulov\u00e1ni, nejsme zneu\u017e\u00edv\u00e1ni, nikdo n\u00e1s neposuzuje ani nehodnot\u00ed. P\u0159\u00edjemn\u00e9 m\u00edsto. M\u00edsto \u00fapln\u00e9 svobody. Ka\u017ed\u00e9mu z n\u00e1s se takov\u00e9 m\u00edsto zal\u00edb\u00ed. Proto navrhujeme, aby se ka\u017ed\u00fd \u010dlov\u011bk modlil v n\u011bjak\u00fd ur\u010den\u00fd \u010das a na stejn\u00e9m m\u00edst\u011b. Vyu\u017e\u00edv\u00e1me tak postupn\u011b svoji vlastn\u00ed zku\u0161enosti. Sami sob\u011b se st\u00e1v\u00e1me u\u010diteli. Ale mus\u00edme v\u011bd\u011bt, \u017ee v\u017edy n\u00e1s u\u010d\u00ed Duch (viz \u0158\u00edman\u016fm 8:16). B\u016fh se s n\u00e1mi setk\u00e1v\u00e1. Je to skoro jednoduch\u00e9. Nev\u00edm, jak to jinak \u0159\u00edct.<\/p>\n\n\n\n<h4 class=\"wp-block-heading\" id=\"vsechno-v-nabozenstvi-ma-podporit-nas-vztah-s-bohem\">V\u0161echno v n\u00e1bo\u017eenstv\u00ed m\u00e1 podpo\u0159it n\u00e1\u0161 vztah s Bohem<\/h4>\n\n\n\n<p>Mus\u00edm podotknout, \u017ee i v\u0161echny ostatn\u00ed prvky a praktiky v n\u00e1bo\u017eenstv\u00ed, a\u0165 je to Bible, sv\u00e1tosti, kn\u011b\u017estv\u00ed, c\u00edrkve, r\u016f\u017eenec, kontemplativn\u00ed sezen\u00ed, to v\u0161echno n\u00e1m m\u00e1 pom\u00e1hat za\u017e\u00edvat to nejd\u016fle\u017eit\u011bj\u0161\u00ed &#8211; sjednocen\u00e9 j\u00e1. Pr\u00e1v\u011b o to jde. Jak prost\u00e9 a jednoduch\u00e9. Pokud v\u00e1m na\u0161e n\u00e1bo\u017eenstv\u00ed nepom\u016f\u017ee pro\u017e\u00edvat sv\u00e9 svobodn\u00e9 a milovan\u00e9 j\u00e1, pak ho zm\u011b\u0148te, nebo se ho zbavte a hledejte jinou cestu.<\/p>\n\n\n\n<h5 class=\"wp-block-heading\" id=\"prameny\">Prameny<\/h5>\n\n\n\n<p>Adapted from Richard Rohr, <em><u>Contemplative Prayer<\/u><\/em> (Albuquerque, NM: Center for Action and Contemplation, 2003), <a href=\"https:\/\/email.cac.org\/t\/d-l-auymkd-tlkrhyidn-r\/\"><u>CD<\/u><\/a>, <a href=\"https:\/\/email.cac.org\/t\/d-l-auymkd-tlkrhyidn-y\/\"><u>MP3<\/u><\/a>.&nbsp;<\/p>\n\n\n\n<p><strong><u>Image credit:<\/u><\/strong> Barbara Holmes, <em><u>Untitled 14 &amp; 21<\/u><\/em> (detail), 2021, photograph, United States, used with permission. Abel Marquez, <em><u>Lady Praying<\/u><\/em>, 2020 (detail), <a href=\"https:\/\/email.cac.org\/t\/d-l-auymkd-tlkrhyidn-j\/\"><u>photograph<\/u><\/a>, <a href=\"https:\/\/email.cac.org\/t\/d-l-auymkd-tlkrhyidn-t\/\"><u>free use<\/u><\/a>. Jenna Keiper and Leslye Colvin, 2021, triptych art, United States.<\/p>\n\n\n\n<p>The creative team at CAC sent a single-use camera to core teacher Dr. Barbara Holmes as part of an exploration into contemplative photography. Her photos are featured here together with other images in a form inspired by early Christian\/Catholic triptych art: a threefold form that tells a unified story.&nbsp;<\/p>\n\n\n\n<p><strong><u>Image inspiration:<\/u><\/strong> <em><u>Sometimes we don&#8217;t have the energy to climb the stairs or jump off the dock. Wherever we are in this moment: in community, in solitude, in joy, in sorrow, with motivation or with great exhaustion\u2026 God meets us here.<\/u><\/em><\/p>\n","protected":false},"excerpt":{"rendered":"<p>Kdy\u017e se st\u00fdk\u00e1me se stabiln\u00edm, \u0161\u0165astn\u00fdm a svobodn\u00fdm \u010dlov\u011bkem, staneme se i my takov\u00fdmi. Proto\u017ee se n\u00e1m jeho vzor l\u00edb\u00ed. Tak se vlastn\u011b v\u00edra \u0161\u00ed\u0159\u00ed -prost\u0159ednictv\u00edm na\u0161ich vztah\u016f&#8230;.Pro modlitbu usiluj\u00edc\u00ed o vztah s Bohem je pot\u0159ebn\u00e9 naj\u00edt si sv\u00e9 m\u00edsto pro setk\u00e1n\u00ed. M\u00edsto na n\u011bm\u017e c\u00edt\u00edme, \u017ee nejsme manipulov\u00e1ni, nejsme zneu\u017e\u00edv\u00e1ni, nikdo n\u00e1s neposuzuje ani nehodnot\u00ed. P\u0159\u00edjemn\u00e9 m\u00edsto.<\/p>\n","protected":false},"author":1,"featured_media":3521,"comment_status":"open","ping_status":"open","sticky":false,"template":"","format":"standard","meta":{"footnotes":""},"categories":[198],"tags":[343,176],"class_list":["post-3534","post","type-post","status-publish","format-standard","has-post-thumbnail","hentry","category-richard-rohr-ofm-centrum-pro-zivot-a-rozjimani","tag-misto-pro-modlitbu","tag-modlitba","latest_post"],"_links":{"self":[{"href":"https:\/\/www.frantiskani.cz\/index.php\/wp-json\/wp\/v2\/posts\/3534","targetHints":{"allow":["GET"]}}],"collection":[{"href":"https:\/\/www.frantiskani.cz\/index.php\/wp-json\/wp\/v2\/posts"}],"about":[{"href":"https:\/\/www.frantiskani.cz\/index.php\/wp-json\/wp\/v2\/types\/post"}],"author":[{"embeddable":true,"href":"https:\/\/www.frantiskani.cz\/index.php\/wp-json\/wp\/v2\/users\/1"}],"replies":[{"embeddable":true,"href":"https:\/\/www.frantiskani.cz\/index.php\/wp-json\/wp\/v2\/comments?post=3534"}],"version-history":[{"count":2,"href":"https:\/\/www.frantiskani.cz\/index.php\/wp-json\/wp\/v2\/posts\/3534\/revisions"}],"predecessor-version":[{"id":3536,"href":"https:\/\/www.frantiskani.cz\/index.php\/wp-json\/wp\/v2\/posts\/3534\/revisions\/3536"}],"wp:featuredmedia":[{"embeddable":true,"href":"https:\/\/www.frantiskani.cz\/index.php\/wp-json\/wp\/v2\/media\/3521"}],"wp:attachment":[{"href":"https:\/\/www.frantiskani.cz\/index.php\/wp-json\/wp\/v2\/media?parent=3534"}],"wp:term":[{"taxonomy":"category","embeddable":true,"href":"https:\/\/www.frantiskani.cz\/index.php\/wp-json\/wp\/v2\/categories?post=3534"},{"taxonomy":"post_tag","embeddable":true,"href":"https:\/\/www.frantiskani.cz\/index.php\/wp-json\/wp\/v2\/tags?post=3534"}],"curies":[{"name":"wp","href":"https:\/\/api.w.org\/{rel}","templated":true}]}}