{"id":3639,"date":"2022-03-06T08:33:12","date_gmt":"2022-03-06T07:33:12","guid":{"rendered":"https:\/\/www.frantiskani.cz\/?p=3639"},"modified":"2022-03-06T08:34:00","modified_gmt":"2022-03-06T07:34:00","slug":"odhal-sve-prave-ja","status":"publish","type":"post","link":"https:\/\/www.frantiskani.cz\/index.php\/2022\/03\/06\/odhal-sve-prave-ja\/","title":{"rendered":"Prosv\u011btlen\u00edm sv\u00e9ho \u017eivota odhal\u00edte sv\u00e9 prav\u00e9 J\u00e1"},"content":{"rendered":"\n<h5 class=\"wp-block-heading\">Dev\u00e1t\u00fd t\u00fdden: Setkat se se sv\u00fdm prav\u00fdm j\u00e1<\/h5>\n\n\n\n<p><em>Autorka Michelle DeRusha pou\u017e\u00edv\u00e1 zn\u00e1zorn\u011bn\u00ed o pro\u0159ez\u00e1v\u00e1n\u00ed strom\u016f k pochopen\u00ed jako jsou na\u0161e Prav\u00e9 J\u00e1 a na\u0161e Mal\u00e9 (nebo fale\u0161n\u00e9) j\u00e1 vz\u00e1jemn\u011b propleten\u00e9:<\/em><\/p>\n\n\n\n<h4 class=\"wp-block-heading\">Jsi jako dub co nechce pustit sv\u00e9 list\u00ed?<\/h4>\n\n\n\n<p>B\u011bhem t\u00fddn\u016f a m\u011bs\u00edc\u016f pobytu v p\u0159\u00edrod\u011b v tich\u00e9 samot\u011b jsem se nau\u010dila, \u017ee jsem dost jako dub, kter\u00fd nechce pustit sv\u00e9 star\u00e9 listy. Asi je n\u00e1s takov\u00fdch v\u00edc.. Dr\u017e\u00edme se sv\u00e9 vn\u011bj\u0161\u00ed masky \u2013 sv\u00e9 osobnost, kterou vystavujeme sv\u011btu, a n\u011bkdy i n\u00e1m samotn\u00fdm a dokonce i Bohu. Nejsme ochotni zbavit se sv\u00e9ho list\u00ed &#8211; sv\u00e9ho fale\u0161n\u00e9ho j\u00e1, nechceme jej opustit a odkr\u00fdt svoji autenti\u010dnost a b\u00fdt tak v\u00edce zraniteln\u00ed.<\/p>\n\n\n\n<h4 class=\"wp-block-heading\">Jak\u00fdm \u010dlov\u011bkem jsem navenek?<\/h4>\n\n\n\n<p>Ticho v p\u0159\u00edrod\u011b mi pom\u00e1halo pochopi, \u017ee m\u00e9 &#8222;listy&#8220; kter\u00e9 nechci opustit jsou zanepr\u00e1zdn\u011bnost a produktivita, energi\u010dnost a efektivita, \u00fasp\u011bch a v\u00fdhry. . . . Velmi pevn\u011b jsem se dr\u017eela sv\u00e9ho fale\u0161n\u00e9ho j\u00e1. Identity, kterou jsem si v pr\u016fb\u011bhu let pe\u010dliv\u011b vytvo\u0159ila. Nem\u011bla jsem \u010das, byla jsem velmi produktivn\u00ed a \u0159\u00eddila jsem sv\u016fj \u017eivot. Nutila jsem se abych dos\u00e1hla sv\u00fdch c\u00edl\u016f <em>a usp\u011bla&#8230;<\/em><\/p>\n\n\n\n<p><em>DeRusha popisuje metodu pro\u0159ez\u00e1v\u00e1n\u00ed kr\u00e1sn\u00e9ho japonsk\u00e9ho javoru<\/em><\/p>\n\n\n\n<h4 class=\"wp-block-heading\">Prosv\u011btlov\u00e1n\u00edm sebe odhalit svoji pravou kr\u00e1su<\/h4>\n\n\n\n<p>Zvl\u00e1\u0161tn\u00ed japonsk\u00e1 zahradnick\u00e1 technika nazvan\u00e1 &#8222;pro\u0159ez\u00e1v\u00e1n\u00ed otev\u0159en\u00e9ho centra&#8220; um\u00ed vytvo\u0159it socha\u0159sky p\u0159ita\u017eliv\u00fd javor a nav\u00edc um\u00ed vytvo\u0159it klidn\u00fd prostor v zahrad\u011b jako celku.<\/p>\n\n\n\n<p>Kdy\u017e japonsk\u00fd zahradn\u00edk prohl\u00e9dne strom, od\u0159\u00edzne nejen mrtv\u00e9 v\u011btve a listy, ale tak\u00e9 \u010dasto \u0159adu dokonale zdrav\u00fdch v\u011btv\u00ed, kter\u00e9 sni\u017euj\u00ed kr\u00e1su z\u00e1kladn\u00edho tvaru stromu. Pro\u0159ez\u00e1v\u00e1n\u00edm umo\u017e\u0148uje n\u00e1v\u0161t\u011bvn\u00edk\u016fm zahrady vid\u011bt i nahoru, ven a za strom k obloze. Vytv\u00e1\u0159\u00ed pocit prostornosti a cesty sv\u011btla do zahrady. Odstran\u00ed \u010d\u00e1sti stromu, kter\u00e9 komplikuj\u00ed zdrav\u00fd rozvoj stromu, zjednodu\u0161\u00ed jeho strukturu a odhal\u00ed jeho podstatu. Nazvala bych to pro\u0159ez\u00e1v\u00e1n\u00edm strom u naruby. Zahradn\u00edk odhal\u00ed jeho \u00fa\u017easn\u00fd design, kter\u00fd je stromu vlastn\u00ed&#8230;<\/p>\n\n\n\n<h4 class=\"wp-block-heading\">Neschov\u00e1vej sv\u00e9 prav\u00e9 j\u00e1. je kr\u00e1sn\u00e9.<\/h4>\n\n\n\n<p>Mysl\u00edm \u017ee B\u016fh si nep\u0159eje, abychom st\u00e1li tvrdohlav\u011b jako podzimn\u00ed dub, zahalen\u00fd do fas\u00e1dy sv\u00e9 ochrany. Abychom schov\u00e1vali na\u0161e pravdiv\u00e9, autentick\u00e9 j\u00e1. Abychom jej zahalovali splet\u00ed v\u011btv\u00ed fale\u0161n\u00e9 jistoty. B\u016fh si sp\u00ed\u0161e p\u0159eje, abychom \u017eili odhalen\u011b jako japonsk\u00fd javor. Aby byla vid\u011bt na\u0161e prav\u00e1 podstata .Aby rozkv\u00e9talo, na\u0161e prav\u00e9 j\u00e1 bylo kr\u00e1sn\u00e9 ze v\u0161ech stran. Abychom se c\u00edtili bezpe\u010dn\u011b a p\u0159itom prosperovali. B\u016fh tou\u017e\u00ed po tom, abychom \u017eili z cel\u00e9ho srdce a opravdov\u011b jako jedine\u010dn\u00ed, kr\u00e1sn\u00ed, milovan\u00ed jedinci. Takov\u00e9 jak\u00e9 n\u00e1s stvo\u0159il B\u016fh. Abychom poznali Boha v n\u00e1s, abychom cel\u00e9 sv\u00e9 j\u00e1 zako\u0159enili v Bohu, jako strom, kter\u00fd zako\u0159enil v potoce. Pak pozn\u00e1me Bo\u017e\u00ed hlubokou, trvalou l\u00e1sku k n\u00e1m. . . .<\/p>\n\n\n\n<h4 class=\"wp-block-heading\">Skrze up\u0159\u00edmnost obdr\u017e\u00ed\u0161 d\u016fv\u011brn\u00fd vztah s Bohem<\/h4>\n\n\n\n<p>B\u016fh n\u00e1s zve do d\u016fv\u011brn\u00e9ho vztahu, abychom my pak mohli \u017e\u00edt soucitn\u011bji a d\u016fv\u011brn\u011bji s t\u011bmi, kte\u0159\u00ed jsou kolem n\u00e1s. My jsme jako okna, jak \u0159ekl Henri Nouwen [1932\u20131996], skrze kter\u00e1 mohou ostatn\u00ed zahl\u00e9dnout Boha. [1] Jsou to okna, skrze kter\u00e1 m\u016f\u017eeme i my zahl\u00e9dnout Boha.<\/p>\n\n\n\n<h5 class=\"wp-block-heading\">Prameny:<\/h5>\n\n\n\n<p>[1] Henri Nouwen, <em><u>Making All Things New: An Invitation to the Spiritual Life<\/u><\/em> (New York: Harper and Row, 1981), 87.<\/p>\n\n\n\n<p>Michelle DeRusha, <em><u>True You: Letting Go of Your False Self to Uncover the Person God Created<\/u><\/em> (Grand Rapids, MI: Baker Books, 2019), 15, 16, 17\u201318, 19, 216.<\/p>\n\n\n\n<p><strong><u>Image credit:<\/u><\/strong> Charlein Garcia, <em><u>Untitled<\/u><\/em> (detail), 2018, <a href=\"https:\/\/email.cac.org\/t\/d-l-auuiyuk-tlkrhyidn-r\/\"><u>photograph<\/u><\/a>, Philippines, Unsplash, <a href=\"https:\/\/email.cac.org\/t\/d-l-auuiyuk-tlkrhyidn-y\/\"><u>free use<\/u><\/a>. Jenna Keiper, <em><u>Untitled Leaves<\/u><\/em> (detail), 2020, photograph, New Mexico, used with permission. Charlein Garcia, <em><u>Untitled<\/u><\/em> (detail), 2018, <a href=\"https:\/\/email.cac.org\/t\/d-l-auuiyuk-tlkrhyidn-j\/\"><u>photograph<\/u><\/a>, Philippines, Unsplash, <a href=\"https:\/\/email.cac.org\/t\/d-l-auuiyuk-tlkrhyidn-t\/\"><u>free use<\/u><\/a>. Jenna Keiper and Leslye Colvin, 2022, triptych art, United States.<\/p>\n\n\n\n<p>This week\u2019s images appear in a form inspired by early Christian\/Catholic triptych art: a threefold form that tells a unified story.&nbsp;<\/p>\n\n\n\n<p><strong><u>Image inspiration:<\/u><\/strong> <em><u>The true self is deeper than our egos and eccentricities. At times mirroring the innocence of a child, it awaits our remembering. May we also open, with childlike curiosity, to our own transformation.<\/u><\/em><\/p>\n","protected":false},"excerpt":{"rendered":"<p>Mysl\u00edm \u017ee B\u016fh si nep\u0159eje, abychom st\u00e1li tvrdohlav\u011b jako podzimn\u00ed dub, zahalen\u00fd do fas\u00e1dy sv\u00e9 ochrany. Abychom schov\u00e1vali na\u0161e pravdiv\u00e9, autentick\u00e9 j\u00e1. Abychom jej zahalovali splet\u00ed v\u011btv\u00ed fale\u0161n\u00e9 jistoty. B\u016fh si sp\u00ed\u0161e p\u0159eje, abychom \u017eili odhalen\u011b jako japonsk\u00fd javor. Aby byla vid\u011bt na\u0161e prav\u00e1 podstata .Aby rozkv\u00e9talo, na\u0161e prav\u00e9 j\u00e1 bylo kr\u00e1sn\u00e9 ze v\u0161ech stran. Abychom se c\u00edtili bezpe\u010dn\u011b a p\u0159itom prosperovali. B\u016fh tou\u017e\u00ed po tom, abychom \u017eili z cel\u00e9ho srdce a opravdov\u011b jako jedine\u010dn\u00ed, kr\u00e1sn\u00ed, milovan\u00ed jedinci. Takov\u00e9 jak\u00e9 n\u00e1s stvo\u0159il B\u016fh. Abychom poznali Boha v n\u00e1s, abychom cel\u00e9 sv\u00e9 j\u00e1 zako\u0159enili v Bohu, jako strom, kter\u00fd zako\u0159enil v potoce. Pak pozn\u00e1me Bo\u017e\u00ed hlubokou, trvalou l\u00e1sku k n\u00e1m. . . .<\/p>\n","protected":false},"author":1,"featured_media":3620,"comment_status":"open","ping_status":"open","sticky":false,"template":"","format":"standard","meta":{"footnotes":""},"categories":[198],"tags":[257,355],"class_list":["post-3639","post","type-post","status-publish","format-standard","has-post-thumbnail","hentry","category-richard-rohr-ofm-centrum-pro-zivot-a-rozjimani","tag-identita","tag-prave-ja","latest_post"],"_links":{"self":[{"href":"https:\/\/www.frantiskani.cz\/index.php\/wp-json\/wp\/v2\/posts\/3639","targetHints":{"allow":["GET"]}}],"collection":[{"href":"https:\/\/www.frantiskani.cz\/index.php\/wp-json\/wp\/v2\/posts"}],"about":[{"href":"https:\/\/www.frantiskani.cz\/index.php\/wp-json\/wp\/v2\/types\/post"}],"author":[{"embeddable":true,"href":"https:\/\/www.frantiskani.cz\/index.php\/wp-json\/wp\/v2\/users\/1"}],"replies":[{"embeddable":true,"href":"https:\/\/www.frantiskani.cz\/index.php\/wp-json\/wp\/v2\/comments?post=3639"}],"version-history":[{"count":2,"href":"https:\/\/www.frantiskani.cz\/index.php\/wp-json\/wp\/v2\/posts\/3639\/revisions"}],"predecessor-version":[{"id":3641,"href":"https:\/\/www.frantiskani.cz\/index.php\/wp-json\/wp\/v2\/posts\/3639\/revisions\/3641"}],"wp:featuredmedia":[{"embeddable":true,"href":"https:\/\/www.frantiskani.cz\/index.php\/wp-json\/wp\/v2\/media\/3620"}],"wp:attachment":[{"href":"https:\/\/www.frantiskani.cz\/index.php\/wp-json\/wp\/v2\/media?parent=3639"}],"wp:term":[{"taxonomy":"category","embeddable":true,"href":"https:\/\/www.frantiskani.cz\/index.php\/wp-json\/wp\/v2\/categories?post=3639"},{"taxonomy":"post_tag","embeddable":true,"href":"https:\/\/www.frantiskani.cz\/index.php\/wp-json\/wp\/v2\/tags?post=3639"}],"curies":[{"name":"wp","href":"https:\/\/api.w.org\/{rel}","templated":true}]}}