{"id":3642,"date":"2022-03-06T13:10:34","date_gmt":"2022-03-06T12:10:34","guid":{"rendered":"https:\/\/www.frantiskani.cz\/?p=3642"},"modified":"2022-03-06T13:10:38","modified_gmt":"2022-03-06T12:10:38","slug":"promena-v-prave-ja","status":"publish","type":"post","link":"https:\/\/www.frantiskani.cz\/index.php\/2022\/03\/06\/promena-v-prave-ja\/","title":{"rendered":"Prom\u011bna v Prav\u00e9 J\u00e1"},"content":{"rendered":"\n<h5 class=\"wp-block-heading\">Shrnut\u00ed dev\u00e1t\u00e9ho t\u00fddne 27. \u00fanora \u2013 4. b\u0159ezna 2022<\/h5>\n\n\n\n<h4 class=\"wp-block-heading\"><a href=\"https:\/\/email.cac.org\/t\/d-l-auuijtd-tlkrhyidn-r\/\">Ned\u011ble<\/a><\/h4>\n\n\n\n<p>Hled\u00e1n\u00ed a znovuobjevov\u00e1n\u00ed Prav\u00e9ho J\u00e1 je z\u00e1kladn\u00edm \u00fakolem, kter\u00fd n\u00e1m pom\u00e1h\u00e1 pstupn\u011b p\u0159ij\u00edmat l\u00e1sku od Boha, l\u00e1sku od druh\u00fdch, milovat sebe a l\u00e1sku rozd\u00e1vat. \u2014Richard Rohr<\/p>\n\n\n\n<h4 class=\"wp-block-heading\"><a href=\"https:\/\/email.cac.org\/t\/d-l-auuijtd-tlkrhyidn-y\/\">Pond\u011bl\u00ed<\/a><\/h4>\n\n\n\n<p>Va\u0161e Prav\u00e9 J\u00e1 je jedn\u00edm z nepatrn\u00fdch plam\u00edn\u016f Univerz\u00e1ln\u00ed Reality, kterou je \u017divot s\u00e1m, samo V\u011bdom\u00ed , sama existenceo, L\u00e1ska a samotn\u00e9 Bo\u017e\u00ed j\u00e1.<br>\u2014Richard Rohr<\/p>\n\n\n\n<h4 class=\"wp-block-heading\"><a href=\"https:\/\/email.cac.org\/t\/d-l-auuijtd-tlkrhyidn-j\/\">\u00dater\u00fd<\/a><\/h4>\n\n\n\n<p>V ka\u017ed\u00e9m z v\u00e1s je n\u011bco \u017eiv\u00e9 a n\u011bco mnohem v\u00edc ne\u017e je povrchn\u00ed realit. Je to ur\u010den\u00e9 p\u0159\u00edmo pro v\u00e1\u0161 \u017eivot. Za povrchn\u00edmi okolnostmi se vyskytuje jin\u00fd opravdov\u00fd \u017eivot. \u2014Paula D&#8217;Arcy<\/p>\n\n\n\n<h4 class=\"wp-block-heading\"><a href=\"https:\/\/email.cac.org\/t\/d-l-auuijtd-tlkrhyidn-t\/\">St\u0159eda<\/a><\/h4>\n\n\n\n<p>Moje fale\u0161n\u00e9 a soukrom\u00e9 chce existovat mimo dosah Bo\u017e\u00ed v\u016fle a Bo\u017e\u00ed l\u00e1sky \u2013 mimo realitu a mimo opravdov\u00fd \u017eivot. Fale\u0161n\u00e9 j\u00e1 je jen iluze. \u2014Thomas Merton<\/p>\n\n\n\n<h4 class=\"wp-block-heading\"><a href=\"https:\/\/email.cac.org\/t\/d-l-auuijtd-tlkrhyidn-i\/\">\u010ctvrtek<\/a><\/h4>\n\n\n\n<p>Na\u0161e skute\u010dn\u00e1 osobnost, tak jak ji B\u016fh stvo\u0159il, je mnohem obsa\u017en\u011bj\u0161\u00ed ne\u017e si dok\u00e1\u017eeme p\u0159edstavit. Jen\u017ee v\u011bt\u0161ina z n\u00e1s bydl\u00ed jen v mal\u00e9 \u010d\u00e1sti ono n\u00e1dhern\u00e9ho hradu kter\u00fdm jsme my. Otev\u0159eme-li dve\u0159e na\u0161eho srdce pak budeme moci naj\u00edt obrovsk\u00fd poklad. Nalezneme Bo\u017eskou p\u0159\u00edtomnost v n\u00e1s \u2014Joyce Ruppov\u00e1<\/p>\n\n\n\n<h4 class=\"wp-block-heading\"><a href=\"https:\/\/email.cac.org\/t\/d-l-auuijtd-tlkrhyidn-d\/\">P\u00e1tek<\/a><\/h4>\n\n\n\n<p>B\u016fh tou\u017e\u00ed po tom, abychom \u017eili cel\u00fdm srdcem a pravdiv\u011b jako jedine\u010dn\u00ed, kr\u00e1sn\u00ed a milovan\u00ed jedinci. To je smysl pro kter\u00fd n\u00e1s B\u016fh stvo\u0159il. \u2014Michelle DeRusha<\/p>\n\n\n\n<p>Tr\u00e9nink dev\u00e1t\u00e9ho t\u00fddne<\/p>\n\n\n\n<h2 class=\"wp-block-heading\">Existuje jen jeden \u017eivot<\/h2>\n\n\n\n<p><em>Vnit\u0159n\u00ed prostor, kde p\u0159eb\u00fdv\u00e1 B\u016fh, <\/em><em>n\u00e1m m\u016f\u017ee \u010dasto p\u0159ibl\u00ed\u017eit um\u011bn\u00ed. P\u0159en\u00e9st sv\u00e9 Prav\u00e9 J\u00e1 do na\u0161eho hlub\u0161\u00edho <\/em><em>v<\/em><em>\u011bdom\u00ed lze za hudebn\u00edho videa. Um\u011bn\u00ed v kontemplativn\u00ed praxi. Dovolte va\u0161e<\/em><em>mu srdci, aby zvuk a obraz <\/em><em>pln\u011b vn\u00edmalo.<\/em><em> P\u00edse\u0148 a videoklip jsou od Birdtalker, hudebn\u00ed skupiny se s\u00eddlem v Nashvillu [1]. <\/em><em>Poprv\u00e9 jsme ji sly\u0161eli <\/em><em>kter\u00e1 byla uvedena na <\/em><em><u><a href=\"https:\/\/email.cac.org\/t\/d-l-auuijtd-tlkrhyidn-h\/\">CAC&#8217;s CONSPIRE 2017: Spiknut\u00ed pro Boha<\/a><a href=\"https:\/\/email.cac.org\/t\/d-l-auuijtd-tlkrhyidn-k\/\">.<\/a><\/u><\/em><em>&nbsp;<\/em><\/p>\n","protected":false},"excerpt":{"rendered":"<p>B\u016fh tou\u017e\u00ed po tom, abychom \u017eili cel\u00fdm srdcem a pravdiv\u011b jako jedine\u010dn\u00ed, kr\u00e1sn\u00ed a milovan\u00ed jedinci. To je smysl pro kter\u00fd n\u00e1s B\u016fh stvo\u0159il. \u2014Michelle DeRusha<\/p>\n","protected":false},"author":1,"featured_media":3620,"comment_status":"open","ping_status":"open","sticky":false,"template":"","format":"standard","meta":{"footnotes":""},"categories":[198],"tags":[362,363],"class_list":["post-3642","post","type-post","status-publish","format-standard","has-post-thumbnail","hentry","category-richard-rohr-ofm-centrum-pro-zivot-a-rozjimani","tag-promena","tag-transformace","latest_post"],"_links":{"self":[{"href":"https:\/\/www.frantiskani.cz\/index.php\/wp-json\/wp\/v2\/posts\/3642","targetHints":{"allow":["GET"]}}],"collection":[{"href":"https:\/\/www.frantiskani.cz\/index.php\/wp-json\/wp\/v2\/posts"}],"about":[{"href":"https:\/\/www.frantiskani.cz\/index.php\/wp-json\/wp\/v2\/types\/post"}],"author":[{"embeddable":true,"href":"https:\/\/www.frantiskani.cz\/index.php\/wp-json\/wp\/v2\/users\/1"}],"replies":[{"embeddable":true,"href":"https:\/\/www.frantiskani.cz\/index.php\/wp-json\/wp\/v2\/comments?post=3642"}],"version-history":[{"count":1,"href":"https:\/\/www.frantiskani.cz\/index.php\/wp-json\/wp\/v2\/posts\/3642\/revisions"}],"predecessor-version":[{"id":3643,"href":"https:\/\/www.frantiskani.cz\/index.php\/wp-json\/wp\/v2\/posts\/3642\/revisions\/3643"}],"wp:featuredmedia":[{"embeddable":true,"href":"https:\/\/www.frantiskani.cz\/index.php\/wp-json\/wp\/v2\/media\/3620"}],"wp:attachment":[{"href":"https:\/\/www.frantiskani.cz\/index.php\/wp-json\/wp\/v2\/media?parent=3642"}],"wp:term":[{"taxonomy":"category","embeddable":true,"href":"https:\/\/www.frantiskani.cz\/index.php\/wp-json\/wp\/v2\/categories?post=3642"},{"taxonomy":"post_tag","embeddable":true,"href":"https:\/\/www.frantiskani.cz\/index.php\/wp-json\/wp\/v2\/tags?post=3642"}],"curies":[{"name":"wp","href":"https:\/\/api.w.org\/{rel}","templated":true}]}}