{"id":3767,"date":"2022-03-25T11:33:44","date_gmt":"2022-03-25T10:33:44","guid":{"rendered":"https:\/\/www.frantiskani.cz\/?p=3767"},"modified":"2022-03-26T18:21:23","modified_gmt":"2022-03-26T17:21:23","slug":"sila-ve-vsech-vecech","status":"publish","type":"post","link":"https:\/\/www.frantiskani.cz\/index.php\/2022\/03\/25\/sila-ve-vsech-vecech\/","title":{"rendered":"S\u00edla ve v\u0161ech v\u011bcech"},"content":{"rendered":"\n<h5 class=\"wp-block-heading\">Dvan\u00e1ct\u00fd t\u00fdden: Pavel: Nepochopen\u00fd mystik<\/h5>\n\n\n\n<p><em>Evelyn Underhillovou (1875\u20131941), proslul\u00e1 spisovatelka o mysticismu, ovliv\u0148uj\u00ed Pavlovy mystick\u00e9 zku\u0161enosti, jeho v\u0161eprostupuj\u00edc\u00ed v\u00edra, \u017ee Kristova l\u00e1ska je s n\u00edm ve v\u0161ech v\u011bcech, a tak\u00e9 zejm\u00e9na v utrpen\u00ed:<\/em><\/p>\n\n\n\n<figure class=\"wp-block-image size-full\"><img decoding=\"async\" src=\"data:image\/gif;base64,R0lGODlhAQABAAAAACH5BAEKAAEALAAAAAABAAEAAAICTAEAOw==\" data-layzr=\"https:\/\/www.frantiskani.cz\/wp-content\/uploads\/2022\/03\/velyn-Underhillovou.jpg\" alt=\"\" class=\"wp-image-3768\"\/><figcaption>Eve<em>lyn Underhillov\u00e1<\/em><\/figcaption><\/figure>\n\n\n\n<h4 class=\"wp-block-heading\"><em>Jak ch\u00e1peme Pavlovu mystiku?<\/em><\/h4>\n\n\n\n<p>Mystiku sv. Pavla nech\u00e1peme, pokud si ji pleteme s jej\u00edmi senza\u010dn\u011bj\u0161\u00edmi proklamacemi. Jak jeho duchovn\u00ed \u017eivot dozr\u00e1val, jeho p\u0159esv\u011bd\u010den\u00ed o jednot\u011b s Duchem Kristov\u00fdm bylo st\u00e1le hlub\u0161\u00ed a stabiln\u011bj\u0161\u00ed. D\u016fle\u017eit\u00fd byl jeho v\u00fdrok v Pavlov\u011b posledn\u00edm autentick\u00e9m listu: &#8222;V\u0161echno mohu \u010dinit skrze Krista, kter\u00fd\u017e m\u011b posiluje&#8220; (Filipsk\u00fdm 4:13). Jeho prohl\u00e1\u0161en\u00ed jsme z\u0159edili na rovinu zbo\u017enosti a p\u0159estali jsme si uv\u011bdomovat, jak osobn\u00ed v\u00fdznam m\u011blo.<\/p>\n\n\n\n<h4 class=\"wp-block-heading\">Pavel j\u00ed ch\u00e1pal jskou sou\u010d\u00e1st v\u0161edn\u00edho \u017eivota<\/h4>\n\n\n\n<p> Svat\u00fd Pavel jej v\u0161ak pou\u017eil v tom nejprakti\u010dt\u011bj\u0161\u00edm smyslu, v dopise, kter\u00fd napsal z v\u011bzen\u00ed po dvan\u00e1cti letech nadlidsk\u00e9 d\u0159iny, str\u00e1d\u00e1n\u00ed a \u0161patn\u00e9ho zach\u00e1zen\u00ed a je\u0161t\u011b ve \u0161patn\u00e9m chronick\u00e9m zdravotn\u00edm stavu. Po letech, kter\u00e1 zahrnovala bi\u010dov\u00e1n\u00ed, kamenov\u00e1n\u00ed, ztroskot\u00e1n\u00ed, v\u011bzn\u011bn\u00ed, po t\u00e9 co byl &#8222;\u010dasto na cest\u00e1ch, v nebezpe\u010d\u00edch vod, v nebezpe\u010d\u00edch lupi\u010d\u016f, v nebezpe\u010d\u00edch m\u00fdch vlastn\u00edch krajan\u016f, v nebezpe\u010d\u00edch pohan\u016f, v nebezpe\u010d\u00edch ve m\u011bst\u011b, v nebezpe\u010d\u00edch na pou\u0161ti, v nebezpe\u010d\u00edch v mo\u0159i, v nebezpe\u010d\u00edch mezi fale\u0161n\u00fdmi bratry; v \u00fanav\u011b a bolesti, v \u010dast\u00e9m bd\u011bn\u00ed, v hladu a \u017e\u00edzni, v p\u016fstu \u010dasto, v chladu a nahot\u011b&#8220; (2 Korintsk\u00fdm 11:26\u201327). Ne\u0161lo jen o duchovn\u00ed \u010dinnost a \u00fasp\u011bchy, ale vzpom\u00edn\u00e1 na v\u0161e, co bylo p\u0159\u00edtomno v jeho \u017eivot\u011b. O p\u0159\u00edtomn\u00e9m \u017eivot\u011b svat\u00fd Pavel prohl\u00e1sil, \u017ee je schopen &#8222;konat&#8220; v\u0161echny ty v\u011bci.&#8220; [1]<\/p>\n\n\n\n<p><em>Autorka a profesorka Julia Gatta popisuje srdce slu\u017eby apo\u0161tola Pavla. P\u00ed\u0161e z\u00e1rove\u0148 o paradoxu utrpen\u00ed a nov\u00e9ho \u017eivota, o Kristov\u011b uk\u0159i\u017eov\u00e1n\u00ed a vzk\u0159\u00ed\u0161en\u00ed:<\/em><\/p>\n\n\n\n<figure class=\"wp-block-image size-full is-resized\"><img loading=\"lazy\" decoding=\"async\" src=\"data:image\/gif;base64,R0lGODlhAQABAAAAACH5BAEKAAEALAAAAAABAAEAAAICTAEAOw==\" data-layzr=\"https:\/\/www.frantiskani.cz\/wp-content\/uploads\/2022\/03\/Julia-Gatta.jpg\" alt=\"\" class=\"wp-image-3769\" width=\"83\" height=\"125\"\/><figcaption><em>Julia Gatta<\/em><\/figcaption><\/figure>\n\n\n\n<h4 class=\"wp-block-heading\">Utrpen\u00ed je vetk\u00e1no do b\u011b\u017en\u00e9ho \u017eivota<\/h4>\n\n\n\n<p>Utrpen\u00ed a smrt jsou v\u0161ude, od smrti na silnic\u00edch p\u0159es st\u0159elbu masov\u00fdch vrah\u016f a\u017e po tsunami: &#8222;V\u00edme, \u017ee cel\u00e9 stvo\u0159en\u00ed a\u017e dosud st\u00e9n\u00e1 v porodn\u00edch bolestech, a nejen stvo\u0159en\u00ed, ale i my sami&#8230;&#8220; (\u0158\u00edman\u016fm 8:22\u201323). Pavlova metafora &#8222;porodn\u00edch bolest\u00ed&#8220; nazna\u010duje, \u017ee utrpen\u00ed je vetk\u00e1no do procesu stvo\u0159en\u00ed od sam\u00e9ho po\u010d\u00e1tku a pokra\u010duje a\u017e do zrozen\u00ed nov\u00e9ho stvo\u0159en\u00ed.<\/p>\n\n\n\n<h4 class=\"wp-block-heading\">Vzk\u0159\u00ed\u0161en\u00ed je tak\u00e9 vetk\u00e1no do b\u011b\u017en\u00e9ho \u017eivota<\/h4>\n\n\n\n<p>Za\u017e\u00edv\u00e1me vzk\u0159\u00ed\u0161en\u00ed stejn\u011b jako sv. Pavel kter\u00fd byl protk\u00e1n samotn\u00fdm utrpen\u00edm: &#8222;Jsme su\u017eov\u00e1ni ve v\u0161ech sm\u011brech, ale ne rozdrceni; zmaten\u00ed, ale ne dohn\u00e1ni k zoufalstv\u00ed; jsme pron\u00e1sledov\u00e1ni, ale ne opu\u0161t\u011bni; jsme sra\u017eeni, ale ne zni\u010deni; v\u017edy neseme v t\u011ble Je\u017e\u00ed\u0161ovu smrt, aby tak byl Je\u017e\u00ed\u0161\u016fv \u017eivot viditeln\u00fd i v na\u0161em t\u011ble&#8220; (2 Korintsk\u00fdm 4:8\u201310). Bez vzk\u0159\u00ed\u0161en\u00ed, kter\u00e9 by o\u017eivovalo jeho zku\u0161enost s utrpen\u00edm, by byl Pavel nejen su\u017eov\u00e1n, ale i zdrcen, zmaten a dohn\u00e1n k zoufalstv\u00ed, sra\u017een a zni\u010den. Ale nebyl. Zmrtv\u00fdchvstal\u00fd Kristus osv\u011bcuje v\u0161echno. . . .<\/p>\n\n\n\n<h4 class=\"wp-block-heading\">Vzk\u0159\u00ed\u0161en\u00ed osv\u011btluje utrpen\u00ed nad\u011bj\u00ed<\/h4>\n\n\n\n<p> Podle evangelijn\u00edch zpr\u00e1v zmrtv\u00fdchvstal\u00fd Je\u017e\u00ed\u0161 opakovan\u011b ukazuje sv\u00e9 r\u00e1ny. Nejsou zapomenuty. Kristus je uk\u0159i\u017eov\u00e1n i vzk\u0159\u00ed\u0161en a k\u0159est je pro n\u00e1s pono\u0159en\u00edm do obou veli\u010din velikono\u010dn\u00edho tajemstv\u00ed. Vzk\u0159\u00ed\u0161en\u00ed oza\u0159uje p\u0159\u00edtomn\u00e9 sou\u017een\u00ed nad\u011bj\u00ed, kter\u00e1 k n\u00e1m proud\u00ed z budouc\u00ed sl\u00e1vy, kter\u00e1 m\u00e1 b\u00fdt teprve zjevena. [2]<\/p>\n\n\n\n<h5 class=\"wp-block-heading\">Prameny:<\/h5>\n\n\n\n<p>[1] Evelyn Underhill, <em><u>The Mystics of the Church<\/u><\/em> (Harrisburg, PA: Morehouse Publishing, 1988), 45\u201346.<\/p>\n\n\n\n<p>[2] Julia Gatta, <em><u>Life in Christ: Practicing Christian Spirituality<\/u><\/em> (New York: Church Publishing, 2018), 30\u201331, 36.<\/p>\n\n\n\n<p><strong><u>Image credit:<\/u><\/strong> Jenna Keiper, <em><u>Trash Can Study I<\/u><\/em> (detail), 2020, photograph, New Mexico, used with permission. Dorothea Lange, <em><u>\u201cBum blockade.\u201d<\/u><\/em> (detail), 1936, <a href=\"https:\/\/email.cac.org\/t\/d-l-flujttt-tlkrhyidn-r\/\"><u>photograph<\/u><\/a>, public domain. Jenna Keiper, <em><u>Trash Can Study II<\/u><\/em> (detail), 2020, photograph, New Mexico, used with permission. Jenna Keiper and Leslye Colvin, 2022, triptych art, United States.<\/p>\n\n\n\n<p>This week\u2019s images appear in a form inspired by early Christian\/Catholic triptych art: a threefold form that tells a unified story.&nbsp;<\/p>\n","protected":false},"excerpt":{"rendered":"<p>(\u0158\u00edman\u016fm 8:22\u201323). Pavlova metafora &#8222;porodn\u00edch bolest\u00ed&#8220; nazna\u010duje, \u017ee utrpen\u00ed je vetk\u00e1no do procesu stvo\u0159en\u00ed od sam\u00e9ho po\u010d\u00e1tku a pokra\u010duje a\u017e do zrozen\u00ed nov\u00e9ho stvo\u0159en\u00ed.<\/p>\n","protected":false},"author":1,"featured_media":3742,"comment_status":"open","ping_status":"open","sticky":false,"template":"","format":"standard","meta":{"footnotes":""},"categories":[198],"tags":[399,268,155,398],"class_list":["post-3767","post","type-post","status-publish","format-standard","has-post-thumbnail","hentry","category-richard-rohr-ofm-centrum-pro-zivot-a-rozjimani","tag-kristus-v-nas","tag-nadeje","tag-utrpeni","tag-vzkriseni","latest_post"],"_links":{"self":[{"href":"https:\/\/www.frantiskani.cz\/index.php\/wp-json\/wp\/v2\/posts\/3767","targetHints":{"allow":["GET"]}}],"collection":[{"href":"https:\/\/www.frantiskani.cz\/index.php\/wp-json\/wp\/v2\/posts"}],"about":[{"href":"https:\/\/www.frantiskani.cz\/index.php\/wp-json\/wp\/v2\/types\/post"}],"author":[{"embeddable":true,"href":"https:\/\/www.frantiskani.cz\/index.php\/wp-json\/wp\/v2\/users\/1"}],"replies":[{"embeddable":true,"href":"https:\/\/www.frantiskani.cz\/index.php\/wp-json\/wp\/v2\/comments?post=3767"}],"version-history":[{"count":2,"href":"https:\/\/www.frantiskani.cz\/index.php\/wp-json\/wp\/v2\/posts\/3767\/revisions"}],"predecessor-version":[{"id":3778,"href":"https:\/\/www.frantiskani.cz\/index.php\/wp-json\/wp\/v2\/posts\/3767\/revisions\/3778"}],"wp:featuredmedia":[{"embeddable":true,"href":"https:\/\/www.frantiskani.cz\/index.php\/wp-json\/wp\/v2\/media\/3742"}],"wp:attachment":[{"href":"https:\/\/www.frantiskani.cz\/index.php\/wp-json\/wp\/v2\/media?parent=3767"}],"wp:term":[{"taxonomy":"category","embeddable":true,"href":"https:\/\/www.frantiskani.cz\/index.php\/wp-json\/wp\/v2\/categories?post=3767"},{"taxonomy":"post_tag","embeddable":true,"href":"https:\/\/www.frantiskani.cz\/index.php\/wp-json\/wp\/v2\/tags?post=3767"}],"curies":[{"name":"wp","href":"https:\/\/api.w.org\/{rel}","templated":true}]}}