{"id":3774,"date":"2022-03-26T12:59:42","date_gmt":"2022-03-26T11:59:42","guid":{"rendered":"https:\/\/www.frantiskani.cz\/?p=3774"},"modified":"2022-03-26T12:59:45","modified_gmt":"2022-03-26T11:59:45","slug":"pristup-k-bohu-je-samozrejmosti","status":"publish","type":"post","link":"https:\/\/www.frantiskani.cz\/index.php\/2022\/03\/26\/pristup-k-bohu-je-samozrejmosti\/","title":{"rendered":"Pavel: Nepochopen\u00fd mystik"},"content":{"rendered":"\n<p>Shrnut\u00ed dvan\u00e1ct\u00e9ho t\u00fddne<\/p>\n\n\n\n<h2 class=\"wp-block-heading\">20. b\u0159ezna \u2013 25. b\u0159ezna 2022<\/h2>\n\n\n\n<h4 class=\"wp-block-heading\"><a href=\"https:\/\/email.cac.org\/t\/d-l-flujin-tlkrhyidn-r\/\">Ned\u011ble<\/a><\/h4>\n\n\n\n<p>Pavel je pravd\u011bpodobn\u011b jedn\u00edm z nejv\u00edce nepochopen\u00fdch a m\u00e1lo obl\u00edben\u00fdch u\u010ditel\u016f v C\u00edrkvi. Mysl\u00edm, \u017ee je to z velk\u00e9 \u010d\u00e1sti proto, \u017ee jsme se sna\u017eili pochopit jej jako nedu\u00e1ln\u00edho mystika na\u0161imi zjednodu\u0161uj\u00edc\u00edm, dualistick\u00fdm my\u0161len\u00edm. \u2014Richard Rohr\u00a0<\/p>\n\n\n\n<h4 class=\"wp-block-heading\"><a href=\"https:\/\/email.cac.org\/t\/d-l-flujin-tlkrhyidn-y\/\">Pond\u011bl\u00ed<\/a><\/h4>\n\n\n\n<p>Pavel je prvn\u00edm zn\u00e1m\u00fdm n\u00e1stupcem Je\u017e\u00ed\u0161e jako nedu\u00e1ln\u00ed u\u010ditel. Vytvo\u0159il mystick\u00e9 z\u00e1klady k\u0159es\u0165anstv\u00ed. Vyslovil tajemstv\u00ed \u00fa\u010dasti na Kristu. Nemluv\u00ed o n\u011b\u010dem, \u010deho dos\u00e1hneme osobn\u00edm v\u00fdkonem. Mluv\u00ed o tom na \u010dem se ji\u017e pod\u00edl\u00edme a jen to prost\u011b prost\u011b nev\u00edme. \u2014Richard Rohr<\/p>\n\n\n\n<h4 class=\"wp-block-heading\"><a href=\"https:\/\/email.cac.org\/t\/d-l-flujin-tlkrhyidn-j\/\">\u00dater\u00fd<\/a><\/h4>\n\n\n\n<p>Pavel uzn\u00e1v\u00e1, \u017ee nejv\u011bt\u0161\u00edm nep\u0159\u00edtelem oby\u010dejn\u00e9 ka\u017edodenn\u00ed dobroty a radosti nen\u00ed nedokonalost, ale na\u0161e p\u0159edstava o domn\u011bl\u00e9 dokonalosti nebo o \u0159\u00e1du.<br>\u2014Richard Rohr\u00a0<\/p>\n\n\n\n<h4 class=\"wp-block-heading\"><a href=\"https:\/\/email.cac.org\/t\/d-l-flujin-tlkrhyidn-t\/\">St\u0159eda<\/a><\/h4>\n\n\n\n<p>Pavel ve sv\u00fdch slovech zp\u00edv\u00e1 chv\u00e1ly aktivn\u00ed l\u00e1sky, l\u00e1sky, inspirovan\u00e9 ohn\u011bm bo\u017esk\u00e9 l\u00e1sky a p\u0159edstavuje n\u00e1m vizi kosmick\u00e9ho Krista. Krista, kter\u00fd &#8222;je v\u0161\u00edm a je ve v\u0161em&#8220;. \u00a0\u2014Ursula Kingov\u00e1<\/p>\n\n\n\n<h4 class=\"wp-block-heading\"><a href=\"https:\/\/email.cac.org\/t\/d-l-flujin-tlkrhyidn-i\/\">\u010ctvrtek<\/a><\/h4>\n\n\n\n<p>Lid\u00e9 jako Je\u017e\u00ed\u0161 a Pavel nebyli popraveni za to, \u017ee \u0159ekli: &#8222;Milujte se navz\u00e1jem.&#8220; Byli zabiti, proto\u017ee jejich ch\u00e1p\u00e1n\u00ed l\u00e1sky znamenalo postavit se proti vl\u00e1dnouc\u00edm syst\u00e9m\u016fm, kter\u00e9 vl\u00e1dly sv\u011btu, a v\u00edce spolupracovat s Duchem na vytvo\u0159en\u00ed nov\u00e9ho zp\u016fsobu \u017eivota.<br>\u2014Marcus Borg a John Dominic Crossan<\/p>\n\n\n\n<h4 class=\"wp-block-heading\"><a href=\"https:\/\/email.cac.org\/t\/d-l-flujin-tlkrhyidn-d\/\">P\u00e1tek<\/a><\/h4>\n\n\n\n<p>Bez vzk\u0159\u00ed\u0161en\u00ed, kter\u00e9 o\u017eivilo jeho zku\u0161enost s utrpen\u00edm, by byl utrpen\u00edm su\u017eovan\u00fd Pavel tzdrcen, zmaten a dohn\u00e1n k zoufalstv\u00ed, byl by sra\u017een k zemi a zni\u010den. Ale nestalo se tak. Vzk\u0159\u00ed\u0161en\u00fd Kristus pronik\u00e1 v\u0161\u00edm.<br>\u2014Julia Gatta<\/p>\n\n\n\n<p>Tr\u00e9nink dvan\u00e1ct\u00e9ho t\u00fddne<\/p>\n\n\n\n<figure class=\"wp-block-image size-full\"><img decoding=\"async\" src=\"data:image\/gif;base64,R0lGODlhAQABAAAAACH5BAEKAAEALAAAAAABAAEAAAICTAEAOw==\" data-layzr=\"https:\/\/www.frantiskani.cz\/wp-content\/uploads\/2022\/03\/ducchovni-boj.jpg\" alt=\"\" class=\"wp-image-3775\"\/><\/figure>\n\n\n\n<h2 class=\"wp-block-heading\">Mysl Kristova<\/h2>\n\n\n\n<p><em>Povzbuzujeme v\u00e1s, abyste tento t\u00fdden si vytvo\u0159ili prostor pro ticho a klid a pou\u017eili popis kontemplace a &#8222;mysli Kristovy&#8220; vytvo\u0159en\u00e9 otcem Richardem pro v\u00e1\u0161 vstup do modlitby:<\/em><\/p>\n\n\n\n<h4 class=\"wp-block-heading\">Zachovej si nadhled<\/h4>\n\n\n\n<p>V kontemplativn\u00ed praxi se odm\u00edt\u00e1me ztoto\u017enit s jakoukoli stranou, zat\u00edmco si st\u00e1le zachov\u00e1v\u00e1me svou inteligenci. Udr\u017eujeme tv\u016fr\u010d\u00ed nap\u011bt\u00ed ka\u017ed\u00e9ho zd\u00e1nliv\u00e9ho konfliktu a p\u0159ech\u00e1z\u00edme v n\u011bm od slov k \u010dist\u00e9, otev\u0159en\u00e9 zku\u0161enosti, kter\u00e1 m\u00e1 s\u00edlu sjednotit mnoho jinak zd\u00e1nliv\u00fdch rozpor\u016f. Nem\u016f\u017eeme poznat Boha tak, jak pozn\u00e1v\u00e1me cokoli jin\u00e9ho; B\u016fh se pro n\u00e1s pouze zrcadl\u00ed. To je &#8222;mysl Kristova&#8220; (viz 1 Korintsk\u00fdm 2:16). Je to opravdu jin\u00fd zp\u016fsob pozn\u00e1n\u00ed a m\u016f\u017eete jej pochopit podle jeho nezi\u0161tnosti, jeho otev\u0159enosti, soucitu a zp\u016fsobu, jak\u00fdm je kreativn\u00ed a jak dod\u00e1v\u00e1 energii t\u011bm, kte\u0159\u00ed to dovol\u00ed.<\/p>\n\n\n\n<h4 class=\"wp-block-heading\">P\u0159\u00edstup k Bohu je samoz\u0159ejmost\u00ed<\/h4>\n\n\n\n<p>Opravdu velc\u00ed myslitel\u00e9 a kulturn\u00ed kreativci pova\u017euj\u00ed za samoz\u0159ejm\u00e9, \u017ee maj\u00ed p\u0159\u00edstup k jin\u00e9 a vy\u0161\u0161\u00ed mysli. Uv\u011bdomuj\u00ed si, \u017ee Bo\u017esk\u00fd Proud se ji\u017e d\u011bje a \u017ee se do n\u011bj m\u016f\u017ee zapojit ka\u017ed\u00fd. Ve v\u0161ech p\u0159\u00edpadech se jedn\u00e1 o bo\u017eskou spolupr\u00e1ci ve v\u011bd\u011bn\u00ed, je n\u00e1m d\u00e1no v\u0161em, nen\u00ed jen soukrom\u00e9<em>. <\/em>Nejb\u011b\u017en\u011bj\u0161\u00edm a nejtradi\u010dn\u011bj\u0161\u00edm slovem pro tuto zm\u011bnu v\u011bdom\u00ed byla historicky &#8222;modlitba&#8220;, ale toto vz\u00e1cn\u00e9 slovo jsme p\u0159\u00edli\u0161 zjednodu\u0161ili t\u00edm, \u017ee jsme ho u\u010dinili funk\u010dn\u00edm, dali mu koncepci a ur\u010dili jej jako cestu k vy\u0159e\u0161en\u00ed probl\u00e9m\u016f. Jedin\u00fd probl\u00e9m, kter\u00fd modlitba \u0159e\u0161\u00ed, j<em>sme my sami!<\/em><\/p>\n","protected":false},"excerpt":{"rendered":"<p>Opravdu velc\u00ed myslitel\u00e9 a kulturn\u00ed kreativci pova\u017euj\u00ed za samoz\u0159ejm\u00e9, \u017ee maj\u00ed p\u0159\u00edstup k jin\u00e9 a vy\u0161\u0161\u00ed mysli. Uv\u011bdomuj\u00ed si, \u017ee Bo\u017esk\u00fd Proud se ji\u017e d\u011bje a \u017ee se do n\u011bj m\u016f\u017ee zapojit ka\u017ed\u00fd. <\/p>\n","protected":false},"author":1,"featured_media":3742,"comment_status":"open","ping_status":"open","sticky":false,"template":"","format":"standard","meta":{"footnotes":""},"categories":[198],"tags":[401,390,397],"class_list":["post-3774","post","type-post","status-publish","format-standard","has-post-thumbnail","hentry","category-richard-rohr-ofm-centrum-pro-zivot-a-rozjimani","tag-kontemplace","tag-mystika","tag-pavel","latest_post"],"_links":{"self":[{"href":"https:\/\/www.frantiskani.cz\/index.php\/wp-json\/wp\/v2\/posts\/3774","targetHints":{"allow":["GET"]}}],"collection":[{"href":"https:\/\/www.frantiskani.cz\/index.php\/wp-json\/wp\/v2\/posts"}],"about":[{"href":"https:\/\/www.frantiskani.cz\/index.php\/wp-json\/wp\/v2\/types\/post"}],"author":[{"embeddable":true,"href":"https:\/\/www.frantiskani.cz\/index.php\/wp-json\/wp\/v2\/users\/1"}],"replies":[{"embeddable":true,"href":"https:\/\/www.frantiskani.cz\/index.php\/wp-json\/wp\/v2\/comments?post=3774"}],"version-history":[{"count":1,"href":"https:\/\/www.frantiskani.cz\/index.php\/wp-json\/wp\/v2\/posts\/3774\/revisions"}],"predecessor-version":[{"id":3776,"href":"https:\/\/www.frantiskani.cz\/index.php\/wp-json\/wp\/v2\/posts\/3774\/revisions\/3776"}],"wp:featuredmedia":[{"embeddable":true,"href":"https:\/\/www.frantiskani.cz\/index.php\/wp-json\/wp\/v2\/media\/3742"}],"wp:attachment":[{"href":"https:\/\/www.frantiskani.cz\/index.php\/wp-json\/wp\/v2\/media?parent=3774"}],"wp:term":[{"taxonomy":"category","embeddable":true,"href":"https:\/\/www.frantiskani.cz\/index.php\/wp-json\/wp\/v2\/categories?post=3774"},{"taxonomy":"post_tag","embeddable":true,"href":"https:\/\/www.frantiskani.cz\/index.php\/wp-json\/wp\/v2\/tags?post=3774"}],"curies":[{"name":"wp","href":"https:\/\/api.w.org\/{rel}","templated":true}]}}