{"id":3851,"date":"2022-04-06T09:49:44","date_gmt":"2022-04-06T07:49:44","guid":{"rendered":"https:\/\/www.frantiskani.cz\/?p=3851"},"modified":"2022-04-06T09:54:56","modified_gmt":"2022-04-06T07:54:56","slug":"sam-to-neuneses","status":"publish","type":"post","link":"https:\/\/www.frantiskani.cz\/index.php\/2022\/04\/06\/sam-to-neuneses\/","title":{"rendered":"&#8222;It Can&#8217;t Be Carried Alone&#8220;"},"content":{"rendered":"\n<h4 class=\"wp-block-heading\">(S\u00e1m to neunese\u0161)<\/h4>\n\n\n\n<p> <em>Otec Richard napsal n\u00e1sleduj\u00edc\u00ed b\u00e1se\u0148 v reakci na kolektivn\u00ed utrpen\u00ed lid\u00ed na Ukrajin\u011b.<\/em><\/p>\n\n\n\n<p><em>Nejprve m\u016fj osobn\u00ed vhled do toho co napsal a n\u00ed\u017ee pak sp\u00ed\u0161e strojov\u00fd p\u0159eklad do \u010de\u0161tiny a je\u0161t\u011b n\u00ed\u017ee anglick\u00fd text.<\/em><\/p>\n\n\n\n<p><strong>&#8222;It Can&#8217;t Be Carried Alone&#8220;<\/strong> (S\u00e1m to neunese\u0161)<br>&nbsp;<br>Jsme v \u0161oku a m\u00e1me vztek nad t\u00edm, co se d\u011bje s lidmi na Ukrajin\u011b.<br>Utrpen\u00ed v p\u0159\u00edm\u00e9m p\u0159enosu sledujeme v p\u0159\u00edm\u00e9m p\u0159enosu<br>z bezpe\u010dn\u00e9 vzd\u00e1lenosti.<br>P\u0159ed zhmotn\u011bl\u00fdm zlem jsme plni bezmoci z na\u0161\u00ed neschopnosti<\/p>\n\n\n\n<p>Snad jeden dobr\u00fd v\u00fdsledek v\u00e1lky n\u00e1m spadl do kl\u00edna<br>Na\u0161e stranick\u00e9 rozpory se nyn\u00ed zdaj\u00ed b\u00fdt mal\u00e9 a bezv\u00fdznamn\u00e9.<br><br>Vzpome\u0148me si na na\u0161i v\u00edru:<\/p>\n\n\n\n<p>U\u010d\u00edme se , \u017ee zlo i dobro jsou, p\u0159edev\u0161\u00edm spole\u010densk\u00fdmi jevy.<br>Poznali jsme \u017ee Kristovo t\u011blo je uk\u0159i\u017eov\u00e1no a z\u00e1rove\u0148 je tak\u00e9 vzk\u0159\u00ed\u0161eno<\/p>\n\n\n\n<p>To jsou dv\u011b velk\u00e1 tajemstv\u00ed na\u0161\u00ed v\u00edry<\/p>\n\n\n\n<p>St\u016fjme v nich pevn\u011b!<\/p>\n\n\n\n<p>(kontemplace).<br><br>Jsme pln\u00ed l\u00e1sky a solidarity, a z\u00e1rove\u0148 v\u00edme, \u017ee i my neseme plnou t\u00edhu uk\u0159i\u017eov\u00e1n\u00ed a i my o\u010dek\u00e1v\u00e1me Prom\u011bnu<\/p>\n\n\n\n<p>Povzbuzujme se k tomu , abychom ka\u017ed\u00fd ud\u011blali, co m\u016f\u017eeme, na jak\u00e9koli \u00farovni k prom\u011bn\u011b ve vzk\u0159\u00ed\u0161en\u00ed!&nbsp;<br><br>Ukrajinsk\u00fd lid m\u00e1 sv\u011btu co nab\u00eddnout.<br><\/p>\n\n\n\n<figure class=\"wp-block-image size-large is-resized\"><img loading=\"lazy\" decoding=\"async\" src=\"data:image\/gif;base64,R0lGODlhAQABAAAAACH5BAEKAAEALAAAAAABAAEAAAICTAEAOw==\" data-layzr=\"https:\/\/www.frantiskani.cz\/wp-content\/uploads\/2022\/04\/Ukrajina-1024x576.jpeg\" alt=\"\" class=\"wp-image-3852\" width=\"387\" height=\"217\"\/><\/figure>\n\n\n\n<p><br><br><\/p>\n\n\n\n<h5 class=\"wp-block-heading\">Strojov\u00fd p\u0159eklad &#8211; Translated with www.DeepL.com\/Translator (free version)<\/h5>\n\n\n\n<p><strong>&#8222;It Can&#8217;t Be Carried Alone&#8220; (S\u00e1m to neunese\u0161)<\/strong><br>&nbsp;<br>Otec Richard napsal n\u00e1sleduj\u00edc\u00ed b\u00e1se\u0148 v reakci na kolektivn\u00ed utrpen\u00ed lid\u00ed na Ukrajin\u011b.<\/p>\n\n\n\n<p>Jak m\u016f\u017eeme nec\u00edtit \u0161ok nebo vztek nad t\u00edm, co se d\u011bje.<br>s lidmi na Ukrajin\u011b.<br>Kdy\u017e sledujeme, jak se jejich utrpen\u00ed odehr\u00e1v\u00e1 v re\u00e1ln\u00e9m \u010dase.<br>z nespravedliv\u00e9 vzd\u00e1lenosti?<br>Kdo z n\u00e1s se nec\u00edt\u00ed neschopn\u00fd nebo bezmocn\u00fd.<br>p\u0159ed takov\u00fdm zjevn\u00fdm zlem? P\u0159inejmen\u0161\u00edm v tomto jsme zajedno.<br>Na\u0161e stranick\u00e9 rozpory se nyn\u00ed zdaj\u00ed b\u00fdt mal\u00e9 a bezv\u00fdznamn\u00e9.<\/p>\n\n\n\n<p>Nezapome\u0148te, co u\u010d\u00edme: zlo i dobro jsou,<br>p\u0159edev\u0161\u00edm spole\u010densk\u00fdmi jevy.<br>Kristovo t\u011blo je uk\u0159i\u017eov\u00e1no a vzk\u0159\u00ed\u0161eno<br>z\u00e1rove\u0148. K\u00e9\u017e stoj\u00edme v\u011brn\u011b<br>Uvnit\u0159 obou t\u011bchto tajemstv\u00ed (kontemplace).<\/p>\n\n\n\n<p>V l\u00e1skypln\u00e9 solidarit\u011b neseme ka\u017ed\u00fd to, co n\u00e1m n\u00e1le\u017e\u00ed n\u00e9st,<br>nespravedlivou t\u00edhu uk\u0159i\u017eov\u00e1n\u00ed,<br>v o\u010dek\u00e1v\u00e1n\u00ed Bo\u017e\u00ed prom\u011bny.<br>K\u00e9\u017e jsme vedeni k tomu, abychom d\u011blali, co m\u016f\u017eeme, na jak\u00e9koli \u00farovni (akce).<br>k vytvo\u0159en\u00ed vzk\u0159\u00ed\u0161en\u00ed!&nbsp;<\/p>\n\n\n\n<p>Ukrajinsk\u00fd lid m\u00e1 sv\u011btu co nab\u00eddnout.<\/p>\n\n\n\n<figure class=\"wp-block-image size-large is-resized is-style-rounded\"><img loading=\"lazy\" decoding=\"async\" src=\"data:image\/gif;base64,R0lGODlhAQABAAAAACH5BAEKAAEALAAAAAABAAEAAAICTAEAOw==\" data-layzr=\"https:\/\/www.frantiskani.cz\/wp-content\/uploads\/2022\/04\/ukrajina-2-1024x683.jpg\" alt=\"\" class=\"wp-image-3854\" width=\"237\" height=\"158\"\/><\/figure>\n\n\n\n<h5 class=\"wp-block-heading\">Anglick\u00fd text<\/h5>\n\n\n\n<h2 class=\"wp-block-heading\">\u201cIt Can\u2019t Be Carried Alone\u201d<\/h2>\n\n\n\n<p><em>Father Richard wrote the following poem in response to the collective suffering of the people of Ukraine.<\/em><\/p>\n\n\n\n<p>How can we not feel shock or rage at what is happening<br>to the people of Ukraine\u2014<br>As we watch their suffering unfold in real time<br>from an unfair distance?<br>Who of us does not feel inept or powerless<br>before such manifest evil? In this, at least, we are united.<br>Our partisan divisions now appear small and trivial.<\/p>\n\n\n\n<p>Remember what we teach: both evil and goodness are,<br>first of all, social phenomena.<br>The Body of Christ is crucified and resurrected<br>at the same time. May we stand faithfully<br>Inside both these mysteries (contemplation).<\/p>\n\n\n\n<p>In loving solidarity, we each bear what is ours to carry,<br>the unjust weight of crucifixion,<br>in expectant hope for God\u2019s transformation.<br>May we be led to do what we can on any level (action)<br>to create resurrection!&nbsp;<\/p>\n\n\n\n<p>The people of Ukraine have much to teach the world.<\/p>\n\n\n\n<p><strong>Image credit:<\/strong> Jenna Keiper, <em>Wire<\/em> (detail), 2021, photograph, New Mexico, used with permission. Paul Thompson, <em>Untitled Icons<\/em> (detail), 2021, video still, New Mexico. Jenna Keiper, <em>Wire II<\/em> (detail), 2021, photograph, New Mexico, used with permission. Jenna Keiper &amp; Leslye Colvin, 2022, triptych art, United States.<\/p>\n\n\n\n<p>This week\u2019s images appear in a form inspired by early Christian\/Catholic triptych art: a threefold form that tells a unified story.&nbsp;<\/p>\n\n\n\n<p><strong>Image inspiration:<\/strong> <em>When the weight of the suffering of the world closes around us, we can easily feel suffocated from the grief and pain. What would happen if in these moments we reached out to connect with others? In grief and pain, together. Not alone. Together.<\/em><\/p>\n","protected":false},"excerpt":{"rendered":"<p>Nezapome\u0148te, co u\u010d\u00edme: zlo i dobro jsou,<br \/>\np\u0159edev\u0161\u00edm spole\u010densk\u00fdmi jevy.<br \/>\nKristovo t\u011blo je uk\u0159i\u017eov\u00e1no a vzk\u0159\u00ed\u0161eno<br \/>\nz\u00e1rove\u0148. K\u00e9\u017e stoj\u00edme v\u011brn\u011b<br \/>\nUvnit\u0159 obou t\u011bchto tajemstv\u00ed (kontemplace).<\/p>\n","protected":false},"author":1,"featured_media":3824,"comment_status":"open","ping_status":"open","sticky":false,"template":"","format":"standard","meta":{"footnotes":""},"categories":[6],"tags":[],"class_list":["post-3851","post","type-post","status-publish","format-standard","has-post-thumbnail","hentry","category-frantiskanskarodina","latest_post"],"_links":{"self":[{"href":"https:\/\/www.frantiskani.cz\/index.php\/wp-json\/wp\/v2\/posts\/3851","targetHints":{"allow":["GET"]}}],"collection":[{"href":"https:\/\/www.frantiskani.cz\/index.php\/wp-json\/wp\/v2\/posts"}],"about":[{"href":"https:\/\/www.frantiskani.cz\/index.php\/wp-json\/wp\/v2\/types\/post"}],"author":[{"embeddable":true,"href":"https:\/\/www.frantiskani.cz\/index.php\/wp-json\/wp\/v2\/users\/1"}],"replies":[{"embeddable":true,"href":"https:\/\/www.frantiskani.cz\/index.php\/wp-json\/wp\/v2\/comments?post=3851"}],"version-history":[{"count":2,"href":"https:\/\/www.frantiskani.cz\/index.php\/wp-json\/wp\/v2\/posts\/3851\/revisions"}],"predecessor-version":[{"id":3855,"href":"https:\/\/www.frantiskani.cz\/index.php\/wp-json\/wp\/v2\/posts\/3851\/revisions\/3855"}],"wp:featuredmedia":[{"embeddable":true,"href":"https:\/\/www.frantiskani.cz\/index.php\/wp-json\/wp\/v2\/media\/3824"}],"wp:attachment":[{"href":"https:\/\/www.frantiskani.cz\/index.php\/wp-json\/wp\/v2\/media?parent=3851"}],"wp:term":[{"taxonomy":"category","embeddable":true,"href":"https:\/\/www.frantiskani.cz\/index.php\/wp-json\/wp\/v2\/categories?post=3851"},{"taxonomy":"post_tag","embeddable":true,"href":"https:\/\/www.frantiskani.cz\/index.php\/wp-json\/wp\/v2\/tags?post=3851"}],"curies":[{"name":"wp","href":"https:\/\/api.w.org\/{rel}","templated":true}]}}