{"id":3861,"date":"2022-04-07T08:30:20","date_gmt":"2022-04-07T06:30:20","guid":{"rendered":"https:\/\/www.frantiskani.cz\/?p=3861"},"modified":"2022-04-07T08:31:05","modified_gmt":"2022-04-07T06:31:05","slug":"krize-a-solidarita","status":"publish","type":"post","link":"https:\/\/www.frantiskani.cz\/index.php\/2022\/04\/07\/krize-a-solidarita\/","title":{"rendered":"Lep\u0161\u00ed p\u0159ekon\u00e1n\u00ed kriz\u00ed"},"content":{"rendered":"\n<h5 class=\"wp-block-heading\">\u010ctrn\u00e1ct\u00fd t\u00fdden: Nejde to nosit sami<\/h5>\n\n\n\n<p><em>V z\u00e1\u0159\u00ed 2020 pape\u017e Franti\u0161ek hovo\u0159il o bolesti a utrpen\u00ed zp\u016fsoben\u00e9m pandemi\u00ed COVID-19. Pokra\u010duj\u00edc\u00ed krize po cel\u00e9m sv\u011bt\u011b p\u0159inesla v\u011bt\u0161\u00ed s\u00edlu jeho poselstv\u00ed solidarity :<\/em><\/p>\n\n\n\n<h4 class=\"wp-block-heading\">Spole\u010dn\u011b a solid\u00e1rn\u011b<\/h4>\n\n\n\n<p>Abychom se z t\u00e9to krize dostali l\u00e9pe ne\u017e d\u0159\u00edve, mus\u00edme tak u\u010dinit spole\u010dn\u011b; spole\u010dn\u011b, ne sami. Dohromady. Nezvl\u00e1dneme to sami. Nejde to. Bu\u010f to zvl\u00e1dneme spole\u010dn\u011b, nebo to nezvl\u00e1dneme. Mus\u00edme to ud\u011blat spole\u010dn\u011b, v\u0161ichni, solid\u00e1rn\u011b. . . .<\/p>\n\n\n\n<h4 class=\"wp-block-heading\">Z\u00e1vislost glob\u00e1ln\u00edho sv\u011bta vylep\u0161it o solidaritu<\/h4>\n\n\n\n<p>Velk\u00fd sv\u011bt nen\u00ed nic jin\u00e9ho ne\u017e glob\u00e1ln\u00ed vesnice, proto\u017ee v\u0161echno je vz\u00e1jemn\u011b propojen\u00e9, ale ne v\u017edy tuto vz\u00e1jemnou z\u00e1vislost p\u0159etv\u00e1\u0159\u00edme v solidaritu. Mezi Mezi vz\u00e1jemnou z\u00e1vislost\u00ed a solidaritou je dlouh\u00e1 cesta. Sobectv\u00ed &#8211; jednotlivc\u016f, n\u00e1rod\u016f a skupin s moc\u00ed &#8211; a ideologick\u00e1 strnulost m\u00edsto toho udr\u017euj\u00ed &#8222;struktury h\u0159\u00edchu&#8220;. [1]<\/p>\n\n\n\n<p><em>Pape\u017e Franti\u0161ek mluv\u00ed o Letnic\u00edch (Sk 2,1-3) jako o p\u0159\u00edkladu Bo\u017e\u00edho Ducha inspiruj\u00edc\u00edho solidaritu, o rozmanit\u00fdch tvorech sjednocen\u00fdch ke sd\u00edlen\u00ed osvobozuj\u00edc\u00ed Bo\u017e\u00ed l\u00e1sky:<\/em><\/p>\n\n\n\n<figure class=\"wp-block-image size-full is-resized\"><img loading=\"lazy\" decoding=\"async\" src=\"data:image\/gif;base64,R0lGODlhAQABAAAAACH5BAEKAAEALAAAAAABAAEAAAICTAEAOw==\" data-layzr=\"https:\/\/www.frantiskani.cz\/wp-content\/uploads\/2022\/04\/paez-o-solidarite.jpeg\" alt=\"\" class=\"wp-image-3862\" width=\"446\" height=\"251\"\/><figcaption>Pape\u017e mluv\u00ed o solidarit\u011b<\/figcaption><\/figure>\n\n\n\n<h4 class=\"wp-block-heading\">Vlastn\u011b jsme v\u0161ichni brat\u0159i a sestry<\/h4>\n\n\n\n<p>Duch vytv\u00e1\u0159\u00ed jednotu v rozmanitosti, vytv\u00e1\u0159\u00ed harmonii. . . . Ka\u017ed\u00fd z n\u00e1s je n\u00e1strojem, ale n\u00e1strojem spole\u010denstv\u00ed, kter\u00fd se pln\u011b pod\u00edl\u00ed na budov\u00e1n\u00ed spole\u010denstv\u00ed. Svat\u00fd Franti\u0161ek z Assisi to dob\u0159e v\u011bd\u011bl a inspirov\u00e1n Duchem dal v\u0161em lidem, \u010di sp\u00ed\u0161e tvor\u016fm, jm\u00e9no bratr nebo sestra. Dokonce i vlka oslovil brat\u0159e vlku, vzpome\u0148te si.<\/p>\n\n\n\n<h4 class=\"wp-block-heading\">Duch svat\u00fd respektuje rozmanitost<\/h4>\n\n\n\n<p>Letnicemi se B\u016fh zp\u0159\u00edtom\u0148uje a inspiruje v\u00edru cel\u00e9ho spole\u010denstv\u00ed sjednocen\u00e9ho v rozmanitosti a solidarit\u011b. Rozmanitost a solidarita sjednocen\u00e9 v harmonii, to je cesta. . . . Rozmanitost v solidarit\u011b m\u00e1 v sob\u011b tak\u00e9 protil\u00e1tky, kter\u00e9 uzdravuj\u00ed spole\u010densk\u00e9 struktury a procesy, kter\u00e9 degenerovaly do syst\u00e9m\u016f nespravedlnosti, syst\u00e9m\u016f \u00fatlaku. Proto je solidarita dnes cestou, kterou se m\u00e1me vydat k postpandemick\u00e9mu sv\u011btu, k uzdraven\u00ed na\u0161ich mezilidsk\u00fdch a soci\u00e1ln\u00edch neduh\u016f. Jin\u00e1 cesta neexistuje. Bu\u010f se vyd\u00e1me cestou solidarity, nebo se situace je\u0161t\u011b zhor\u0161\u00ed. Chci zopakovat toto: \u010dlov\u011bk nevych\u00e1z\u00ed z krize stejn\u00fd jako d\u0159\u00edv. Pandemie [Otec Richard: a v\u00e1lka na Ukrajin\u011b] je krize. Z krize vyjdeme bu\u010f lep\u0161\u00ed, nebo hor\u0161\u00ed ne\u017e p\u0159edt\u00edm. Je na n\u00e1s, abychom si vybrali. A solidarita je skute\u010dn\u011b zp\u016fsob, jak z krize vyj\u00edt lep\u0161\u00ed, nikoli jen s povrchn\u00edmi zm\u011bnami, s \u010derstv\u00fdm n\u00e1t\u011brem, aby v\u0161e vypadalo dob\u0159e. Ne. Lep\u0161\u00ed!&nbsp;<\/p>\n\n\n\n<h4 class=\"wp-block-heading\">Solidarita je forma Bo\u017e\u00ed l\u00e1sky<\/h4>\n\n\n\n<p>Uprost\u0159ed krize n\u00e1m solidarita veden\u00e1 v\u00edrou umo\u017e\u0148uje p\u0159ev\u00e1d\u011bt Bo\u017e\u00ed l\u00e1sku do na\u0161\u00ed globalizovan\u00e9 kultury, a to nikoliv stav\u011bn\u00edm v\u011b\u017e\u00ed nebo zd\u00ed &#8211; a kolik zd\u00ed se dnes stav\u00ed! -, kter\u00e9 rozd\u011bluj\u00ed, ale pak se zhrout\u00ed, ale vz\u00e1jemn\u00fdm propojov\u00e1n\u00edm komunit a udr\u017eov\u00e1n\u00edm proces\u016f r\u016fstu, kter\u00e9 jsou skute\u010dn\u011b lidsk\u00e9 a pevn\u00e9. A k tomu pom\u00e1h\u00e1 solidarita. . . .&nbsp;<\/p>\n\n\n\n<h4 class=\"wp-block-heading\">Nechme se povzbudit tvo\u0159iv\u00fdm Duchem<\/h4>\n\n\n\n<p>Uprost\u0159ed kriz\u00ed a bou\u0159\u00ed n\u00e1s P\u00e1n vol\u00e1 a vyz\u00fdv\u00e1, abychom znovu probudili a aktivovali solidaritu, kter\u00e1 je schopna d\u00e1t pevnost, podporu a smysl tomuto \u010dasu, v n\u011bm\u017e se zd\u00e1, \u017ee v\u0161echno ztroskotalo K\u00e9\u017e n\u00e1s tvo\u0159ivost Ducha svat\u00e9ho povzbud\u00ed k vytv\u00e1\u0159en\u00ed nov\u00fdch forem d\u016fv\u011brn\u011b zn\u00e1m\u00e9 pohostinnosti, plodn\u00e9ho bratrstv\u00ed a v\u0161eobecn\u00e9 solidarity.<\/p>\n","protected":false},"excerpt":{"rendered":"<p>Uprost\u0159ed krize n\u00e1m solidarita veden\u00e1 v\u00edrou umo\u017e\u0148uje p\u0159ev\u00e1d\u011bt Bo\u017e\u00ed l\u00e1sku do na\u0161\u00ed globalizovan\u00e9 kultury, a to nikoliv stav\u011bn\u00edm v\u011b\u017e\u00ed nebo zd\u00ed &#8211; a kolik zd\u00ed se dnes stav\u00ed! -, kter\u00e9 rozd\u011bluj\u00ed, ale pak se zhrout\u00ed, ale vz\u00e1jemn\u00fdm propojov\u00e1n\u00edm komunit a udr\u017eov\u00e1n\u00edm proces\u016f r\u016fstu, kter\u00e9 jsou skute\u010dn\u011b lidsk\u00e9 a pevn\u00e9. A k tomu pom\u00e1h\u00e1 solidarita. . . .\u00a0<\/p>\n","protected":false},"author":1,"featured_media":3824,"comment_status":"open","ping_status":"open","sticky":false,"template":"","format":"standard","meta":{"footnotes":""},"categories":[198],"tags":[413,414],"class_list":["post-3861","post","type-post","status-publish","format-standard","has-post-thumbnail","hentry","category-richard-rohr-ofm-centrum-pro-zivot-a-rozjimani","tag-krize","tag-solidarita","latest_post"],"_links":{"self":[{"href":"https:\/\/www.frantiskani.cz\/index.php\/wp-json\/wp\/v2\/posts\/3861","targetHints":{"allow":["GET"]}}],"collection":[{"href":"https:\/\/www.frantiskani.cz\/index.php\/wp-json\/wp\/v2\/posts"}],"about":[{"href":"https:\/\/www.frantiskani.cz\/index.php\/wp-json\/wp\/v2\/types\/post"}],"author":[{"embeddable":true,"href":"https:\/\/www.frantiskani.cz\/index.php\/wp-json\/wp\/v2\/users\/1"}],"replies":[{"embeddable":true,"href":"https:\/\/www.frantiskani.cz\/index.php\/wp-json\/wp\/v2\/comments?post=3861"}],"version-history":[{"count":2,"href":"https:\/\/www.frantiskani.cz\/index.php\/wp-json\/wp\/v2\/posts\/3861\/revisions"}],"predecessor-version":[{"id":3864,"href":"https:\/\/www.frantiskani.cz\/index.php\/wp-json\/wp\/v2\/posts\/3861\/revisions\/3864"}],"wp:featuredmedia":[{"embeddable":true,"href":"https:\/\/www.frantiskani.cz\/index.php\/wp-json\/wp\/v2\/media\/3824"}],"wp:attachment":[{"href":"https:\/\/www.frantiskani.cz\/index.php\/wp-json\/wp\/v2\/media?parent=3861"}],"wp:term":[{"taxonomy":"category","embeddable":true,"href":"https:\/\/www.frantiskani.cz\/index.php\/wp-json\/wp\/v2\/categories?post=3861"},{"taxonomy":"post_tag","embeddable":true,"href":"https:\/\/www.frantiskani.cz\/index.php\/wp-json\/wp\/v2\/tags?post=3861"}],"curies":[{"name":"wp","href":"https:\/\/api.w.org\/{rel}","templated":true}]}}