{"id":3877,"date":"2022-04-09T10:56:05","date_gmt":"2022-04-09T08:56:05","guid":{"rendered":"https:\/\/www.frantiskani.cz\/?p=3877"},"modified":"2022-04-09T10:56:09","modified_gmt":"2022-04-09T08:56:09","slug":"sami-ne","status":"publish","type":"post","link":"https:\/\/www.frantiskani.cz\/index.php\/2022\/04\/09\/sami-ne\/","title":{"rendered":"Sami to neuneseme"},"content":{"rendered":"\n<h5 class=\"wp-block-heading\">3. dubna \u2013 8. dubna 2022<\/h5>\n\n\n\n<h4 class=\"wp-block-heading\"><a href=\"https:\/\/email.cac.org\/t\/d-l-fcujhy-tlkrhyidn-r\/\">Ned\u011ble<\/a><\/h4>\n\n\n\n<p>Stejn\u011b jako je spasen\u00ed jednou kolektivn\u00ed realitou, tak je i zlo v\u017edy kolektivn\u00ed.<br>\u2014Richard Rohr<\/p>\n\n\n\n<h4 class=\"wp-block-heading\"><a href=\"https:\/\/email.cac.org\/t\/d-l-fcujhy-tlkrhyidn-y\/\">Pond\u011bl\u00ed<\/a><\/h4>\n\n\n\n<p>Franti\u0161ek a Kl\u00e1ra z Assisi m\u011bli naprostou d\u016fv\u011bru, \u017ee Je\u017e\u00ed\u0161ova k\u0159\u00ed\u017eov\u00e1 cesta nem\u016f\u017ee a nebude \u0161patn\u00e1. V\u011b\u0159ili, \u017ee Je\u017e\u00ed\u0161ova cesta je cestou solidarity a spole\u010denstv\u00ed pro cel\u00fd svat, kter\u00fd skute\u010dn\u011b pom\u00edj\u00ed a um\u00edr\u00e1.<br>\u2014Richard Rohr\u00a0<\/p>\n\n\n\n<h4 class=\"wp-block-heading\"><a href=\"https:\/\/email.cac.org\/t\/d-l-fcujhy-tlkrhyidn-j\/\">\u00dater\u00fd<\/a><\/h4>\n\n\n\n<p>Dvakr\u00e1t do roka pozastavujeme denn\u00ed meditace, abychom v\u00e1s po\u017e\u00e1dali o podporu. Pokud jste byli t\u011bmito meditacemi ovlivn\u011bni, zva\u017ete pros\u00edm darov\u00e1n\u00ed. Jak\u00e1koli \u010d\u00e1stka je oce\u0148ov\u00e1na, aby n\u00e1m pomohla udr\u017eet tyto zpr\u00e1vy p\u0159\u00edstupn\u00e9 v\u0161em. Hluboce si v\u00e1\u017e\u00edme va\u0161eho partnerstv\u00ed a podpory.\u00a0<\/p>\n\n\n\n<h4 class=\"wp-block-heading\"><a href=\"https:\/\/email.cac.org\/t\/d-l-fcujhy-tlkrhyidn-t\/\">St\u0159eda<\/a><\/h4>\n\n\n\n<p>V l\u00e1skypln\u00e9 solidarit\u011b ka\u017ed\u00fd z n\u00e1s nese to, co je na\u0161e, \/ nespravedlivou t\u00edhu uk\u0159i\u017eov\u00e1n\u00ed, \/ v o\u010dek\u00e1v\u00e1n\u00ed na Bo\u017e\u00ed prom\u011bnu.<br>\u2014Richard Rohr\u00a0<\/p>\n\n\n\n<h4 class=\"wp-block-heading\"><a href=\"https:\/\/email.cac.org\/t\/d-l-fcujhy-tlkrhyidn-i\/\">\u010ctvrtek<\/a><\/h4>\n\n\n\n<p>Uprost\u0159ed kriz\u00ed n\u00e1m solidarita veden\u00e1 v\u00edrou umo\u017e\u0148uje p\u0159ekl\u00e1dat Bo\u017e\u00ed l\u00e1sku do na\u0161\u00ed globalizovan\u00e9 kultury, nikoli stav\u011bn\u00edm v\u011b\u017e\u00ed nebo zd\u00ed. ale prol\u00edn\u00e1n\u00edm komunit a udr\u017eov\u00e1n\u00edm proces\u016f r\u016fstu, kter\u00e9 jsou skute\u010dn\u011b lidsk\u00e9 a pevn\u00e9. \u2014Pape\u017e Franti\u0161ek\u00a0<\/p>\n\n\n\n<h4 class=\"wp-block-heading\"><a href=\"https:\/\/email.cac.org\/t\/d-l-fcujhy-tlkrhyidn-d\/\">P\u00e1tek<\/a><\/h4>\n\n\n\n<p>Solidarita je l\u00e1ska p\u0159ekra\u010duj\u00edc\u00ed hranice vyty\u010den\u00e9 sebest\u0159ednost\u00ed, aby vstoupila do situace druh\u00e9ho, za \u00fa\u010delem vz\u00e1jemn\u00e9ho vztahu a boje, kter\u00fd n\u00e1s v\u0161echny uzdravuje a ustanovuje milovan\u00e9 Bo\u017e\u00ed spole\u010denstv\u00ed.<br>\u2014Stephanie Spellersov\u00e1<\/p>\n\n\n\n<h5 class=\"wp-block-heading\">Tr\u00e9nink \u010dtrn\u00e1ct\u00e9ho t\u00fddne<\/h5>\n\n\n\n<h2 class=\"wp-block-heading\">Duchovn\u00ed praxe pro krizi<\/h2>\n\n\n\n<p><em>Reveren<\/em><em>tk<\/em><em>a Dr. Barbara Holmesov\u00e1 <\/em><em>n\u00e1m <\/em><em>nab\u00edz\u00ed pastora\u010dn\u00ed \u00fat\u011bchu a prorockou v\u00fdzvu v dob\u00e1ch kriz\u00ed:<\/em><\/p>\n\n\n\n<p>Krize za\u010d\u00edn\u00e1 bez varov\u00e1n\u00ed, bo\u0159\u00ed na\u0161e p\u0159edpoklady o fungov\u00e1n\u00ed sv\u011bta a m\u011bn\u00ed n\u00e1\u0161 p\u0159\u00edb\u011bh i p\u0159\u00edb\u011bhy na\u0161ich bli\u017en\u00edch. Realita, kter\u00e1 n\u00e1m byla tak d\u016fv\u011brn\u011b zn\u00e1m\u00e1, je n\u00e1hle pry\u010d a my nev\u00edme, co se d\u011bje. Nerozum\u00edme tomu a tak si v\u0161e vysv\u011btlujeme po sv\u00e9m. Jsme znepokojeni nedostatkem kontroly a proto si vykouzl\u00edme teorie, kter\u00e9 na\u0161i \u00fazkost utlum\u00ed. Pravdou je, \u017ee \u017eijeme na tajemn\u00e9 planet\u011b s jin\u00fdmi \u017eiv\u00fdmi bytostmi, jejich\u017e nitro a duchovn\u00ed realita jsou mimo n\u00e1\u0161 kognitivn\u00ed dosah.<\/p>\n\n\n\n<h4 class=\"wp-block-heading\">Jedna z kontemplativn\u00edch technik<\/h4>\n\n\n\n<p>\u00a0<em>Zt\u011blesn\u011bn\u00e9 kontemplativn\u00ed praktiky n\u00e1m umo\u017e\u0148uj\u00ed \u010delit v\u00fdzv\u00e1m, kter\u00e9 krize p\u0159in\u00e1\u0161ej\u00ed do na\u0161ich \u017eivot\u016f. Dnes v\u00e1s zveme, abyste vyzkou\u0161eli jednu nebo v\u00edce z t\u011bchto praktik navr\u017een\u00fdch Dr. Holmesem:\u00a0<\/em><\/p>\n\n\n\n<p>1. Zhluboka se nadechn\u011bte a t\u0159ikr\u00e1t pomalu vydechn\u011bte.\u00a0<br>2. Va\u0161i p\u0159edkov\u00e9 p\u0159e\u017eili mnoho kriz\u00ed. Jak\u00e9 krize v jejich dob\u011b vy\u017eadovaly spole\u010dnou reakci?\u00a0<br>3. Jak\u00e1 krize v sou\u010dasnosti vy\u017eaduje spole\u010dnou reakci?\u00a0<br>4. Posa\u010fte se na deset minut. Vn\u00edmejte &#8222;starosti tohoto sv\u011bta&#8220;. Zhluboka d\u00fdchejte, vydechujte sv\u016fj pocit bezmoci, vdechujte s\u00edlu Elly Bakerov\u00e9 <em>(poz.p\u0159.:afroamerick\u00e1 aktivistka za lidsk\u00e1 pr\u00e1va),<\/em> usm\u011br\u0148ujte tich\u00e9 odhodl\u00e1n\u00ed Rosy Parksov\u00e9 (<em>poz.p\u0159.: aktivistka za pr\u00e1va \u010dernoch\u016f).<\/em> (Podle pot\u0159eby nahra\u010fte jin\u00fdmi p\u0159\u00edklady, ale zahr\u0148te jeden p\u0159\u00edklad z kulturn\u00ed komunity, kter\u00e1 nen\u00ed va\u0161\u00ed vlastn\u00ed.) <br>5. Vzpome\u0148te si na n\u011bjak\u00fd p\u0159\u00edklad \u00fatlaku v\u016f\u010di jin\u00e9 kulturn\u00ed skupin\u011b.\u00a0<br>\u25e6 K \u010demu, pokud v\u016fbec k n\u011b\u010demu, jste se c\u00edtili b\u00fdt povol\u00e1ni jako p\u0159\u00edznivci? Ud\u011blali jste to? Pokud jste v reakci na krizi n\u011bco ud\u011blali, co jste ud\u011blali a co se v d\u016fsledku toho stalo? &#8230;.\u00a0<br>\u25e6 Kdyby se va\u0161e komunita ocitla v ohro\u017een\u00ed, jakou pomoc byste pot\u0159ebovali nebo cht\u011bli?<\/p>\n\n\n\n<h5 class=\"wp-block-heading\">Prameny:<\/h5>\n\n\n\n<p><a href=\"https:\/\/email.cac.org\/t\/d-l-fcujhy-tlkrhyidn-k\/\"><u>Experience a version of this practice<\/u><\/a> through video and sound.<\/p>\n\n\n\n<p>Barbara A. Holmes, <em><a href=\"https:\/\/email.cac.org\/t\/d-l-fcujhy-tlkrhyidn-u\/\"><u>Crisis Contemplation: Healing the Wounded Village<\/u><\/a><\/em> (Albuquerque, NM: CAC Publishing, 2021), 19, 37.<\/p>\n\n\n\n<p><strong>Image credit:<\/strong> Jenna Keiper, <em>Wire<\/em> (detail), 2021, photograph, New Mexico, used with permission. Paul Thompson, <em>Untitled Icons<\/em> (detail), 2021, video still, New Mexico. Jenna Keiper, Wire II (detail), 2021, photograph, New Mexico, used with permission. Jenna Keiper &amp; Leslye Colvin, 2022, triptych art, United States.<\/p>\n\n\n\n<p>This week\u2019s images appear in a form inspired by early Christian\/Catholic triptych art: a threefold form that tells a unified story.&nbsp;<\/p>\n\n\n\n<p><strong>Image inspiration:<\/strong> <em>When the weight of the suffering of the world closes around us, we can easily feel suffocated from the grief and pain. What would happen if in these moments we reached out to connect with others? In grief and pain, together. Not alone. Together.<\/em><\/p>\n","protected":false},"excerpt":{"rendered":"<p>Uprost\u0159ed kriz\u00ed n\u00e1m solidarita veden\u00e1 v\u00edrou umo\u017e\u0148uje p\u0159ekl\u00e1dat Bo\u017e\u00ed l\u00e1sku do na\u0161\u00ed globalizovan\u00e9 kultury, nikoli stav\u011bn\u00edm v\u011b\u017e\u00ed nebo zd\u00ed. ale prol\u00edn\u00e1n\u00edm komunit a udr\u017eov\u00e1n\u00edm proces\u016f r\u016fstu, kter\u00e9 jsou skute\u010dn\u011b lidsk\u00e9 a pevn\u00e9. \u2014Pape\u017e Franti\u0161ek\u00a0<\/p>\n","protected":false},"author":1,"featured_media":3824,"comment_status":"open","ping_status":"open","sticky":false,"template":"","format":"standard","meta":{"footnotes":""},"categories":[198],"tags":[415,413,414],"class_list":["post-3877","post","type-post","status-publish","format-standard","has-post-thumbnail","hentry","category-richard-rohr-ofm-centrum-pro-zivot-a-rozjimani","tag-kolektivni","tag-krize","tag-solidarita","latest_post"],"_links":{"self":[{"href":"https:\/\/www.frantiskani.cz\/index.php\/wp-json\/wp\/v2\/posts\/3877","targetHints":{"allow":["GET"]}}],"collection":[{"href":"https:\/\/www.frantiskani.cz\/index.php\/wp-json\/wp\/v2\/posts"}],"about":[{"href":"https:\/\/www.frantiskani.cz\/index.php\/wp-json\/wp\/v2\/types\/post"}],"author":[{"embeddable":true,"href":"https:\/\/www.frantiskani.cz\/index.php\/wp-json\/wp\/v2\/users\/1"}],"replies":[{"embeddable":true,"href":"https:\/\/www.frantiskani.cz\/index.php\/wp-json\/wp\/v2\/comments?post=3877"}],"version-history":[{"count":1,"href":"https:\/\/www.frantiskani.cz\/index.php\/wp-json\/wp\/v2\/posts\/3877\/revisions"}],"predecessor-version":[{"id":3878,"href":"https:\/\/www.frantiskani.cz\/index.php\/wp-json\/wp\/v2\/posts\/3877\/revisions\/3878"}],"wp:featuredmedia":[{"embeddable":true,"href":"https:\/\/www.frantiskani.cz\/index.php\/wp-json\/wp\/v2\/media\/3824"}],"wp:attachment":[{"href":"https:\/\/www.frantiskani.cz\/index.php\/wp-json\/wp\/v2\/media?parent=3877"}],"wp:term":[{"taxonomy":"category","embeddable":true,"href":"https:\/\/www.frantiskani.cz\/index.php\/wp-json\/wp\/v2\/categories?post=3877"},{"taxonomy":"post_tag","embeddable":true,"href":"https:\/\/www.frantiskani.cz\/index.php\/wp-json\/wp\/v2\/tags?post=3877"}],"curies":[{"name":"wp","href":"https:\/\/api.w.org\/{rel}","templated":true}]}}