{"id":3880,"date":"2022-04-10T09:57:46","date_gmt":"2022-04-10T07:57:46","guid":{"rendered":"https:\/\/www.frantiskani.cz\/?p=3880"},"modified":"2022-04-10T09:57:48","modified_gmt":"2022-04-10T07:57:48","slug":"parabola-zivota-kenoze","status":"publish","type":"post","link":"https:\/\/www.frantiskani.cz\/index.php\/2022\/04\/10\/parabola-zivota-kenoze\/","title":{"rendered":"Dovolit \u017eivotu, aby stoupal i klesal"},"content":{"rendered":"\n<h5 class=\"wp-block-heading\">Patn\u00e1ct\u00fd t\u00fdden: Odevzdej se l\u00e1sce<\/h5>\n\n\n\n<p><em>Je\u017e\u00ed\u0161\u016fv stav byl bo\u017esk\u00fd, p\u0159esto nelp\u011bl na rovnosti s Bohem, ale vypr\u00e1zdnil s<\/em><em>\u00e1m sebe<\/em><em>. <\/em><em>(\u2026.<\/em><em>a p\u0159ece na sv\u00e9 rovnosti nelp\u011bl<\/em><em>)<\/em> \u2014Filipensk\u00fdm 2:6\u20137<\/p>\n\n\n\n<p><em>Meditace tohoto t\u00fddne se zam\u011b\u0159uj\u00ed na odevzd\u00e1n\u00ed se l\u00e1sce, zvl\u00e1\u0161t\u011b podle vzoru Je\u017e\u00ed\u0161e. Otec Richard Rohr se zam\u00fd\u0161l\u00ed nad t\u00edm , \u017ee Je\u017e\u00ed\u0161 \u00famysln\u011b sestoupil a\u017e na dno:<\/em><\/p>\n\n\n\n<h4 class=\"wp-block-heading\">Pavel napsal dopis Filipan\u016fm o Je\u017e\u00ed\u0161ov\u011b cest\u011b<\/h4>\n\n\n\n<p>V p\u0159ehr\u0161li bohat\u00fdch t\u00e9mat Kv\u011btn\u00e9 ned\u011ble n\u00e1s hodl\u00e1m nasm\u011brovat k velk\u00e9mu parabolick\u00e9mu pohybu popsan\u00e9mu ve 2. kapitole listu Filipan\u016fm. V\u011bt\u0161ina se domn\u00edv\u00e1, \u017ee se p\u016fvodn\u011b jednalo o chvalozp\u011bv zp\u00edvan\u00fd v ran\u011b k\u0159es\u0165ansk\u00e9 komunit\u011b. Abychom m\u011bli poctiv\u00fd vstup, nab\u00eddnu v\u00e1m \u017eivot m\u011bn\u00edc\u00ed cit\u00e1t z knihy C. G. Junga (1875-1961) Psychologick\u00e9 \u00favahy:<\/p>\n\n\n\n<figure class=\"wp-block-image size-large is-resized\"><img loading=\"lazy\" decoding=\"async\" src=\"data:image\/gif;base64,R0lGODlhAQABAAAAACH5BAEKAAEALAAAAAABAAEAAAICTAEAOw==\" data-layzr=\"https:\/\/www.frantiskani.cz\/wp-content\/uploads\/2022\/03\/Carl-Jung-830x1024.jpg\" alt=\"Carl Jung\" class=\"wp-image-3686\" width=\"208\" height=\"257\"\/><figcaption>C. G. Jung<\/figcaption><\/figure>\n\n\n\n<h4 class=\"wp-block-heading\">C. G. Jung si v\u0161iml obratu v Je\u017e\u00ed\u0161ov\u011b \u017eivot\u011b<\/h4>\n\n\n\n<p>V tajn\u00e9 hodin\u011b poledne \u017eivota se parabola obr\u00e1t\u00ed. Rod\u00ed se smrt. Druh\u00e1 polovina \u017eivota neznamen\u00e1 vzestup, rozv\u00edjen\u00ed, r\u016fst, bujen\u00ed, ale smrt, proto\u017ee konec je jeho c\u00edlem. Negace napln\u011bn\u00ed \u017eivota je synonymem odm\u00edtnut\u00ed p\u0159ijmout jeho konec. Oboj\u00ed znamen\u00e1 necht\u00edt \u017e\u00edt a necht\u00edt \u017e\u00edt je toto\u017en\u00e9 s t\u00edm, \u017ee nechceme zem\u0159\u00edt. Vzestup a ub\u00fdv\u00e1n\u00ed tvo\u0159\u00ed jednu k\u0159ivku. [1]<\/p>\n\n\n\n<h4 class=\"wp-block-heading\">Je\u017e\u00ed\u0161 na sebe vzal podobu pon\u00ed\u017een\u00e9ho otroka<\/h4>\n\n\n\n<p>Chvalozp\u011bv z listu Filipan\u016fm um\u011blecky, up\u0159\u00edmn\u011b, ale odv\u00e1\u017en\u011b popisuje onu &#8222;tajnou hodinu&#8220;, o n\u00ed\u017e mluv\u00ed Jung, kdy B\u016fh v Kristu obr\u00e1til sm\u011br, kdy sv\u00ed\u010dka za\u010dala ub\u00fdvat. \u0158\u00edk\u00e1, \u017ee to za\u010d\u00edn\u00e1 velk\u00fdm sebe vyprazd\u0148ov\u00e1n\u00edm nebo ken\u00f3zou, kterou naz\u00fdv\u00e1me Vt\u011blen\u00edm, a kon\u010d\u00ed Uk\u0159i\u017eov\u00e1n\u00edm. Brilantn\u011b spojuje ob\u011b tajemstv\u00ed jako jeden pohyb, dol\u016f, dol\u016f, dol\u016f ke ko\u0159en\u016fm stvo\u0159en\u00ed, do hlubin a smutku lidstva a do kone\u010dn\u00e9ho ztoto\u017en\u011bn\u00ed s t\u011bmi, kdo jsou na sam\u00e9m dn\u011b (&#8222;vzal na sebe podobu otroka&#8220;, Filipsk\u00fdm 2:7). Je\u017e\u00ed\u0161 p\u0159edstavuje naprostou Bo\u017e\u00ed solidaritu s lidskou situac\u00ed, ba dokonce l\u00e1sku k n\u00ed, jako by \u0159\u00edkal: &#8222;Nic lidsk\u00e9ho mi nen\u00ed odporn\u00e9.&#8220; B\u016fh, pokud m\u00e1 Je\u017e\u00ed\u0161 pravdu, se rozhodl sestoupit \u2013 v t\u00e9m\u011b\u0159 naprost\u00e9m protikladu k na\u0161emu lidstv\u00ed, kter\u00e9 se neust\u00e1le sna\u017e\u00ed \u0161plhat, dosahovat \u00fasp\u011bch\u016f, pod\u00e1vat v\u00fdkony a dokazovat si, co um\u00ed.<\/p>\n\n\n\n<h4 class=\"wp-block-heading\">Najdi v sob\u011b d\u016fv\u011bru odevzdat sebe do Bo\u017e\u00ed n\u00e1ru\u010de<\/h4>\n\n\n\n<p>D\u016fv\u011b\u0159ujte sestupu dol\u016f a B\u016fh se postar\u00e1 o vzestup. Odm\u011bnou lidstvu bude souzn\u011bn\u00ed s \u017eivotn\u00edm cyklem, souzn\u011bn\u00ed mezi sebou navz\u00e1jem. U\u017e nebude pot\u0159ebovat vytv\u00e1\u0159et p\u0159\u00edb\u011bhy \u00fasp\u011bchu pro sebe nebo p\u0159\u00edb\u011bhy ne\u00fasp\u011bchu pro druh\u00e9. Lidstvo m\u016f\u017ee b\u00fdt v Je\u017e\u00ed\u0161i svobodn\u00e9 a odu\u0161evn\u011bl\u00e9 m\u00edsto fale\u0161n\u00e9ho \u0161plh\u00e1n\u00ed do &#8222;nebe&#8220;. To m\u011blo v\u0161echno se m\u011blo zm\u011bnit a j\u00e1 v\u011b\u0159\u00edm, \u017ee k tomu dojde.<\/p>\n\n\n\n<h5 class=\"wp-block-heading\">Prameny:<\/h5>\n\n\n\n<p>[1] <em><u>C. G. Jung: Psychological Reflections: A New Anthology of His Writings, 1905\u20131961<\/u><\/em>, ed. Jolande Jacobi (Princeton, NJ: Princeton University Press, 1970), 323.&nbsp;<\/p>\n\n\n\n<p>Adapted from Richard Rohr, <em><a href=\"https:\/\/email.cac.org\/t\/d-l-fzdyjk-tlkrhyidn-r\/\"><u>Wondrous Encounters: Scripture for Lent<\/u><\/a><\/em> (Cincinnati, OH: St. Anthony Messenger Press, 2011), 122\u2013124.&nbsp;<\/p>\n\n\n\n<p><strong>Image credit:<\/strong> Jenna Keiper, <em>Leaves<\/em> (detail), 2021, photograph, New Mexico, used with permission. Jenna Keiper, <em>Christ Figure from the Office of Richard Rohr<\/em> (detail), 2021, photograph, New Mexico, used with permission. Jenna Keiper, <em>Web<\/em> (detail), 2021, photograph, Washington, used with permission. Jenna Keiper &amp; Leslye Colvin, 2022, triptych art, United States.<\/p>\n","protected":false},"excerpt":{"rendered":"<p>D\u016fv\u011b\u0159ujte sestupu dol\u016f a B\u016fh se postar\u00e1 o vzestup. Odm\u011bnou lidstvu bude souzn\u011bn\u00ed s \u017eivotn\u00edm cyklem, souzn\u011bn\u00ed mezi sebou navz\u00e1jem. U\u017e nebude pot\u0159ebovat vytv\u00e1\u0159et p\u0159\u00edb\u011bhy \u00fasp\u011bchu pro sebe nebo p\u0159\u00edb\u011bhy ne\u00fasp\u011bchu pro druh\u00e9. Lidstvo m\u016f\u017ee b\u00fdt v Je\u017e\u00ed\u0161i svobodn\u00e9 a odu\u0161evn\u011bl\u00e9 m\u00edsto fale\u0161n\u00e9ho \u0161plh\u00e1n\u00ed do &#8222;nebe&#8220;.<\/p>\n","protected":false},"author":1,"featured_media":3881,"comment_status":"open","ping_status":"open","sticky":false,"template":"","format":"standard","meta":{"footnotes":""},"categories":[198],"tags":[238,418,417,416],"class_list":["post-3880","post","type-post","status-publish","format-standard","has-post-thumbnail","hentry","category-richard-rohr-ofm-centrum-pro-zivot-a-rozjimani","tag-richard-rohr-ofm","tag-filipanum-2","tag-jung","tag-odevzdat-se","latest_post"],"_links":{"self":[{"href":"https:\/\/www.frantiskani.cz\/index.php\/wp-json\/wp\/v2\/posts\/3880","targetHints":{"allow":["GET"]}}],"collection":[{"href":"https:\/\/www.frantiskani.cz\/index.php\/wp-json\/wp\/v2\/posts"}],"about":[{"href":"https:\/\/www.frantiskani.cz\/index.php\/wp-json\/wp\/v2\/types\/post"}],"author":[{"embeddable":true,"href":"https:\/\/www.frantiskani.cz\/index.php\/wp-json\/wp\/v2\/users\/1"}],"replies":[{"embeddable":true,"href":"https:\/\/www.frantiskani.cz\/index.php\/wp-json\/wp\/v2\/comments?post=3880"}],"version-history":[{"count":1,"href":"https:\/\/www.frantiskani.cz\/index.php\/wp-json\/wp\/v2\/posts\/3880\/revisions"}],"predecessor-version":[{"id":3882,"href":"https:\/\/www.frantiskani.cz\/index.php\/wp-json\/wp\/v2\/posts\/3880\/revisions\/3882"}],"wp:featuredmedia":[{"embeddable":true,"href":"https:\/\/www.frantiskani.cz\/index.php\/wp-json\/wp\/v2\/media\/3881"}],"wp:attachment":[{"href":"https:\/\/www.frantiskani.cz\/index.php\/wp-json\/wp\/v2\/media?parent=3880"}],"wp:term":[{"taxonomy":"category","embeddable":true,"href":"https:\/\/www.frantiskani.cz\/index.php\/wp-json\/wp\/v2\/categories?post=3880"},{"taxonomy":"post_tag","embeddable":true,"href":"https:\/\/www.frantiskani.cz\/index.php\/wp-json\/wp\/v2\/tags?post=3880"}],"curies":[{"name":"wp","href":"https:\/\/api.w.org\/{rel}","templated":true}]}}