{"id":3995,"date":"2022-04-20T09:34:26","date_gmt":"2022-04-20T07:34:26","guid":{"rendered":"https:\/\/www.frantiskani.cz\/?p=3995"},"modified":"2022-04-20T09:48:31","modified_gmt":"2022-04-20T07:48:31","slug":"nepremozitelnost-bozi-lasky","status":"publish","type":"post","link":"https:\/\/www.frantiskani.cz\/index.php\/2022\/04\/20\/nepremozitelnost-bozi-lasky\/","title":{"rendered":"Nep\u0159emo\u017eitelnost Bo\u017e\u00ed l\u00e1sky"},"content":{"rendered":"\n<h5 class=\"wp-block-heading\">T\u00fdden \u0161estn\u00e1ct\u00fd: Vzk\u0159\u00ed\u0161en\u00ed<\/h5>\n\n\n\n<p><em>Arcibiskup Desmond Tutu (1931\u20132021) sd\u00edl\u00ed nad\u011bjnou vizi p\u0159em\u011bny ve\u0161ker\u00e9 smrti v nov\u00fd \u017eivot, v\u0161eho zla v dobro.<\/em><\/p>\n\n\n\n<p>Drah\u00e9 Bo\u017e\u00ed d\u00edt\u011b, \u010dasto je pro n\u00e1s t\u011b\u017ek\u00e9 rozpoznat Bo\u017e\u00ed p\u0159\u00edtomnost v na\u0161ich \u017eivotech a v na\u0161em sv\u011bt\u011b. V hluku trag\u00e9di\u00ed, kter\u00e9 pln\u00ed titulky novin, zapom\u00edn\u00e1me na majest\u00e1t, kter\u00fd je p\u0159\u00edtomen v\u0161ude kolem n\u00e1s. C\u00edt\u00edme se zraniteln\u00ed a \u010dasto bezmocn\u00ed. . . . Nejsme v\u0161ak bezmocn\u00ed a s Bo\u017e\u00ed l\u00e1skou jsme nakonec nep\u0159emo\u017eiteln\u00ed. N\u00e1\u0161 B\u016fh nezapom\u00edn\u00e1 na ty, kdo trp\u00ed a jsou utla\u010dov\u00e1ni.&nbsp;<\/p>\n\n\n\n<p><em>Tutu se d\u011bl\u00ed o zku\u0161enost, kterou m\u011bl, kdy\u017e se shrom\u00e1\u017edil s dal\u0161\u00edmi c\u00edrkevn\u00edmi vedouc\u00edmi b\u011bhem nejt\u011b\u017e\u0161\u00edch dn\u016f apartheidu:<\/em><\/p>\n\n\n\n<figure class=\"wp-block-image size-full is-resized\"><img loading=\"lazy\" decoding=\"async\" src=\"data:image\/gif;base64,R0lGODlhAQABAAAAACH5BAEKAAEALAAAAAABAAEAAAICTAEAOw==\" data-layzr=\"https:\/\/www.frantiskani.cz\/wp-content\/uploads\/2022\/04\/ibiskup-Desmond-Tutu.jpg\" alt=\"\" class=\"wp-image-3996\" width=\"240\" height=\"135\"\/><figcaption><em>biskup Desmond Tutu <\/em><\/figcaption><\/figure>\n\n\n\n<h4 class=\"wp-block-heading\">Setk\u00e1n\u00ed s Kalv\u00e1ri\u00ed v p\u0159\u00edrod\u011b<\/h4>\n\n\n\n<p>Setkali jsme se na teologick\u00e9 fakult\u011b, kter\u00e1 byla uzav\u0159ena kv\u016fli rasistick\u00e9 politice vl\u00e1dy. B\u011bhem na\u0161ich diskus\u00ed jsem ode\u0161el do zahrady p\u0159evorstv\u00ed, abych se trochu zti\u0161il. St\u00e1la tam obrovsk\u00e1 Kalv\u00e1rie &#8211; velk\u00fd d\u0159ev\u011bn\u00fd k\u0159\u00ed\u017e bez korpusu, zato s tr\u010d\u00edc\u00edmi h\u0159eby a trnovou korunou. Byl to v\u00fdrazn\u00fd symbol k\u0159es\u0165ansk\u00e9 v\u00edry. Byla zima: tr\u00e1va byla bled\u00e1 a such\u00e1 a nikdo by nev\u011b\u0159il, \u017ee za p\u00e1r t\u00fddn\u016f bude zase sv\u011b\u017e\u00ed, zelen\u00e1 a kr\u00e1sn\u00e1. Bude prom\u011bn\u011bna.&nbsp;&nbsp;<\/p>\n\n\n\n<h4 class=\"wp-block-heading\">Jaro p\u0159em\u016f\u017ee ka\u017ed\u00fd rok sp\u00e1nek p\u0159\u00edrody<\/h4>\n\n\n\n<p>Kdy\u017e jsem ti\u0161e sed\u011bl v zahrad\u011b, uv\u011bdomil jsem si s\u00edlu prom\u011bny &#8211; Bo\u017e\u00ed prom\u011bny &#8211; v na\u0161em sv\u011bt\u011b. Princip prom\u011bny <em>[Richard: velmi podobn\u00e9 tomu, jak popisuji vzk\u0159\u00ed\u0161en\u00ed]<\/em> p\u016fsob\u00ed, kdy\u017e se n\u011bco tak nepravd\u011bpodobn\u00e9ho, jako je hn\u011bd\u00e1 tr\u00e1va, kter\u00e1 v zim\u011b pokr\u00fdv\u00e1 step, znovu jasn\u011b zazelen\u00e1. Nebo kdy\u017e strom s pokroucen\u00fdmi bezlist\u00fdmi v\u011btvemi vybuchne s m\u00edzou tekouc\u00ed tak, \u017ee pt\u00e1ci sed\u00ed cvrlik\u00e1n\u00ed v listnat\u00fdch v\u011btv\u00edch. Nebo kdy\u017e kdysi such\u00e9 potoky bublaj\u00ed rychle tekouc\u00ed vodou. Kdy\u017e zima ustoup\u00ed jaru a zd\u00e1 se, \u017ee p\u0159\u00edroda za\u017e\u00edv\u00e1 sv\u00e9 vlastn\u00ed vzk\u0159\u00ed\u0161en\u00ed.&nbsp;&nbsp;<\/p>\n\n\n\n<h4 class=\"wp-block-heading\">V\u0161e lze prom\u011bnit Bo\u017e\u00ed sl\u00e1vou<\/h4>\n\n\n\n<p>Princip prom\u011bny \u0159\u00edk\u00e1, \u017ee nic, nikdo a \u017e\u00e1dn\u00e1 situace nen\u00ed &#8222;neprom\u011bniteln\u00e1&#8220;, \u017ee cel\u00e9 stvo\u0159en\u00ed, p\u0159\u00edroda, s nap\u011bt\u00edm o\u010dek\u00e1v\u00e1 svou prom\u011bnu, kdy bude osvobozena ze sv\u00e9ho otroctv\u00ed a bude m\u00edt pod\u00edl na slavn\u00e9 svobod\u011b Bo\u017e\u00edch d\u011bt\u00ed, kdy nebude jen suchou nete\u010dnou hmotou, ale bude prosv\u00edcena bo\u017eskou sl\u00e1vou. . . .<br>Po cel\u00e9m tomto n\u00e1dhern\u00e9m sv\u011bt\u011b n\u00e1s B\u016fh vyz\u00fdv\u00e1, abychom roz\u0161i\u0159ovali [Bo\u017e\u00ed] kr\u00e1lovstv\u00ed \u0161alom &#8211; m\u00edru a svobody &#8211; spravedlnosti, dobroty, soucitu, p\u00e9\u010de, sd\u00edlen\u00ed, sm\u00edchu, radosti a sm\u00ed\u0159en\u00ed. B\u016fh prom\u011b\u0148uje sv\u011bt pr\u00e1v\u011b v t\u00e9to chv\u00edli skrze n\u00e1s, proto\u017ee B\u016fh v n\u00e1s v\u011b\u0159\u00ed a proto\u017ee n\u00e1s miluje. Co n\u00e1s m\u016f\u017ee odd\u011blit od Bo\u017e\u00ed l\u00e1sky? Nic. Absolutn\u011b nic. A kdy\u017e sd\u00edl\u00edme Bo\u017e\u00ed l\u00e1sku s na\u0161imi bratry a sestrami, dal\u0161\u00edmi Bo\u017e\u00edmi d\u011btmi, neexistuje \u017e\u00e1dn\u00fd tyran, kter\u00fd by se n\u00e1m mohl vzdorovat, \u017e\u00e1dn\u00fd \u00fatlak, kter\u00fd by nemohl b\u00fdt ukon\u010den, \u017e\u00e1dn\u00fd hlad, kter\u00fd by nemohl b\u00fdt nasycen, \u017e\u00e1dn\u00e1 r\u00e1na, kter\u00e1 by nemohla b\u00fdt vyl\u00e9\u010dena, \u017e\u00e1dn\u00e1 nen\u00e1vist, kter\u00e1 by nemohla b\u00fdt prom\u011bn\u011bna v l\u00e1sku, \u017e\u00e1dn\u00fd sen, kter\u00fd by nemohl b\u00fdt napln\u011bn.<\/p>\n\n\n\n<h5 class=\"wp-block-heading\">Prameny:<\/h5>\n\n\n\n<p>Desmond Tutu with Douglas Abrams, <em><u>God Has a Dream: A Vision of Hope for Our Time<\/u><\/em> (New York: Doubleday, 2004), 1\u20133, 128.&nbsp;<\/p>\n\n\n\n<p><strong>Image credit:<\/strong> Suzanne Szasz, <em>Window Box at 69th Street<\/em> (detail), 1973, <a href=\"https:\/\/email.cac.org\/t\/d-l-fsuhtl-tlkrhyidn-r\/\"><u>photograph<\/u><\/a>, New York, public domain, National Archives. Jenna Keiper, <em>Icon at the Center for Action and Contemplation<\/em> (detail), 2021, photograph, New Mexico, used with permission. Suzanne Szasz, <em>At High Rock Park on Staten Island<\/em> (detail), 1973, <a href=\"https:\/\/email.cac.org\/t\/d-l-fsuhtl-tlkrhyidn-y\/\"><u>photograph<\/u><\/a>, New York, public domain, National Archives. Jenna Keiper &amp; Leslye Colvin, 2022, triptych art, United States.<\/p>\n\n\n\n<p>This week\u2019s images appear in a form inspired by early Christian\/Catholic triptych art: a threefold form that tells a unified story.&nbsp;<\/p>\n\n\n\n<p><strong>Image inspiration:<\/strong> <em>We are invited to fully experience resurrection wherever we are. Can you sense it? See it? Smell it? Touch it? It\u2019s all around.<\/em><\/p>\n","protected":false},"excerpt":{"rendered":"<p>Po cel\u00e9m tomto n\u00e1dhern\u00e9m sv\u011bt\u011b n\u00e1s B\u016fh vyz\u00fdv\u00e1, abychom roz\u0161i\u0159ovali [Bo\u017e\u00ed] kr\u00e1lovstv\u00ed \u0161alom &#8211; m\u00edru a svobody &#8211; spravedlnosti, dobroty, soucitu, p\u00e9\u010de, sd\u00edlen\u00ed, sm\u00edchu, radosti a sm\u00ed\u0159en\u00ed. B\u016fh prom\u011b\u0148uje sv\u011bt pr\u00e1v\u011b v t\u00e9to chv\u00edli skrze n\u00e1s, proto\u017ee B\u016fh v n\u00e1s v\u011b\u0159\u00ed a proto\u017ee n\u00e1s miluje. <\/p>\n","protected":false},"author":1,"featured_media":3977,"comment_status":"open","ping_status":"open","sticky":false,"template":"","format":"standard","meta":{"footnotes":""},"categories":[198],"tags":[362,398],"class_list":["post-3995","post","type-post","status-publish","format-standard","has-post-thumbnail","hentry","category-richard-rohr-ofm-centrum-pro-zivot-a-rozjimani","tag-promena","tag-vzkriseni","latest_post"],"_links":{"self":[{"href":"https:\/\/www.frantiskani.cz\/index.php\/wp-json\/wp\/v2\/posts\/3995","targetHints":{"allow":["GET"]}}],"collection":[{"href":"https:\/\/www.frantiskani.cz\/index.php\/wp-json\/wp\/v2\/posts"}],"about":[{"href":"https:\/\/www.frantiskani.cz\/index.php\/wp-json\/wp\/v2\/types\/post"}],"author":[{"embeddable":true,"href":"https:\/\/www.frantiskani.cz\/index.php\/wp-json\/wp\/v2\/users\/1"}],"replies":[{"embeddable":true,"href":"https:\/\/www.frantiskani.cz\/index.php\/wp-json\/wp\/v2\/comments?post=3995"}],"version-history":[{"count":2,"href":"https:\/\/www.frantiskani.cz\/index.php\/wp-json\/wp\/v2\/posts\/3995\/revisions"}],"predecessor-version":[{"id":3998,"href":"https:\/\/www.frantiskani.cz\/index.php\/wp-json\/wp\/v2\/posts\/3995\/revisions\/3998"}],"wp:featuredmedia":[{"embeddable":true,"href":"https:\/\/www.frantiskani.cz\/index.php\/wp-json\/wp\/v2\/media\/3977"}],"wp:attachment":[{"href":"https:\/\/www.frantiskani.cz\/index.php\/wp-json\/wp\/v2\/media?parent=3995"}],"wp:term":[{"taxonomy":"category","embeddable":true,"href":"https:\/\/www.frantiskani.cz\/index.php\/wp-json\/wp\/v2\/categories?post=3995"},{"taxonomy":"post_tag","embeddable":true,"href":"https:\/\/www.frantiskani.cz\/index.php\/wp-json\/wp\/v2\/tags?post=3995"}],"curies":[{"name":"wp","href":"https:\/\/api.w.org\/{rel}","templated":true}]}}