{"id":4268,"date":"2022-05-14T19:54:04","date_gmt":"2022-05-14T17:54:04","guid":{"rendered":"https:\/\/www.frantiskani.cz\/?p=4268"},"modified":"2022-05-14T19:54:34","modified_gmt":"2022-05-14T17:54:34","slug":"temnota-zari-prohlubujici-se-laskou","status":"publish","type":"post","link":"https:\/\/www.frantiskani.cz\/index.php\/2022\/05\/14\/temnota-zari-prohlubujici-se-laskou\/","title":{"rendered":"Temnota z\u00e1\u0159\u00ed prohlubuj\u00edc\u00ed se l\u00e1skou"},"content":{"rendered":"\n<h5 class=\"wp-block-heading\">Souhrn devaten\u00e1ct\u00e9ho t\u00fddne kv\u011btna &#8211; 13. kv\u011btna 2022<\/h5>\n\n\n\n<h4 class=\"wp-block-heading\">Ned\u011ble<\/h4>\n\n\n\n<p>Na vnit\u0159n\u00ed cest\u011b du\u0161e se setk\u00e1v\u00e1me s Bohem, kter\u00fd komunikuje s na\u0161\u00edm nejhlub\u0161\u00edm j\u00e1, kter\u00fd \u010dlov\u011bka rozv\u00edj\u00ed, dovoluje mu chyby a odpou\u0161t\u00ed mu je. Pr\u00e1v\u011b toto d\u00e1v\u00e1n\u00ed a p\u0159ij\u00edm\u00e1n\u00ed, a v\u011bdom\u00ed, \u017ee k d\u00e1v\u00e1n\u00ed a p\u0159ij\u00edm\u00e1n\u00ed bude doch\u00e1zet, \u010din\u00ed Boha jako Miluj\u00edc\u00edho tak skute\u010dn\u00fdm.<\/p>\n\n\n\n<p>-Richard Rohr<\/p>\n\n\n\n<h4 class=\"wp-block-heading\">Pond\u011bl\u00ed<\/h4>\n\n\n\n<p>Zn\u00e1\u0161 jen nesnesitelnou touhu. Zapomn\u011bli jste, \u017ee touha sama je odpov\u011bd\u00ed na touhu, \u017ee v samotn\u00e9m vol\u00e1n\u00ed po Svat\u00e9m se do v\u00e1s Svat\u00fd vl\u00e9v\u00e1.<\/p>\n\n\n\n<p>-Mirabai Starr<\/p>\n\n\n\n<h4 class=\"wp-block-heading\">\u00dater\u00fd<\/h4>\n\n\n\n<p>Kontemplace nen\u00ed nic jin\u00e9ho ne\u017e skryt\u00e9, pokojn\u00e9 a l\u00e1skypln\u00e9 vlit\u00ed Boha. Je-li mu d\u00e1n prostor, rozn\u00edt\u00ed du\u0161i v duchu l\u00e1sky.<\/p>\n\n\n\n<p>-Jan od K\u0159\u00ed\u017ee<\/p>\n\n\n\n<h4 class=\"wp-block-heading\">St\u0159eda<\/h4>\n\n\n\n<p>Necht\u011bl bych ob\u011btovat svou du\u0161i \/ za v\u0161echny kr\u00e1sy tohoto sv\u011bta. \/ Je jen jedna v\u011bc, \/ pro kterou bych riskoval v\u0161echno: \/ nev\u00edm co, \/ co se skr\u00fdv\u00e1 \/ v srdci tajemstv\u00ed.<\/p>\n\n\n\n<p>-Jan od K\u0159\u00ed\u017ee<\/p>\n\n\n\n<h4 class=\"wp-block-heading\">\u010ctvrtek<\/h4>\n\n\n\n<p>Mystikov\u00e9 pro\u017e\u00edvaj\u00ed plnohodnotn\u00e9 objet\u00ed Bo\u017esk\u00e9 l\u00e1sky a p\u0159ijet\u00ed a pak se cel\u00fd \u017eivot sna\u017e\u00ed tuto skute\u010dnost verbalizovat a zt\u011blesnit. Neust\u00e1le nach\u00e1zej\u00ed zp\u016fsoby, jak tuto l\u00e1sku vracet prost\u0159ednictv\u00edm forem slu\u017eby a uct\u00edv\u00e1n\u00ed, ale nikdy si l\u00e1sku nezaslou\u017e\u00ed &#8211; v\u017edy ji vracej\u00ed.<\/p>\n\n\n\n<p>-Richard Rohr<\/p>\n\n\n\n<h4 class=\"wp-block-heading\">P\u00e1tek<\/h4>\n\n\n\n<p>Pokud z\u016fstaneme na cest\u011b a projdeme temnou noc\u00ed, najdeme cestu hloub\u011bji, hloub\u011bji, hloub\u011bji, a pak m\u016f\u017eeme vid\u011bt, \u017ee v ka\u017ed\u00e9m dan\u00e9m okam\u017eiku t\u011bmito zp\u016fsoby, skrze man\u017eelskou l\u00e1sku, skrze rodi\u010dovstv\u00ed, skrze samotu, skrze jednotu se sv\u011btem, skrze ticho, skrze slu\u017ebu komunit\u011b, skrze um\u011bn\u00ed, v ka\u017ed\u00e9m dan\u00e9m okam\u017eiku m\u016f\u017ee problesknout na\u0161e ne\u010dekan\u00e1 bl\u00edzkost k tomuto mystick\u00e9mu rozm\u011bru sjednocen\u00ed.<\/p>\n\n\n\n<p>-James Finley<\/p>\n\n\n\n<h5 class=\"wp-block-heading\">Devaten\u00e1ct\u00fd t\u00fdden cvi\u010den\u00ed<\/h5>\n\n\n\n<p>Noche Oscura<\/p>\n\n\n\n<p>Ve t\u0159et\u00ed s\u00e9rii podcastu CAC Obr\u00e1cen\u00ed k mystik\u016fm \u010dtou James Finley a Mirabai Starr &#8222;P\u00edse\u0148 du\u0161e&#8220; neboli &#8222;Noche Oscura&#8220; od Jana od K\u0159\u00ed\u017ee. Zveme v\u00e1s, abyste si na n\u00ed\u017ee uveden\u00e9m odkazu poslechli nebo p\u0159e\u010detli tuto b\u00e1se\u0148, o kterou se v angli\u010dtin\u011b a \u0161pan\u011bl\u0161tin\u011b pod\u011blili dva sou\u010dasn\u00ed mystici a studenti Janova u\u010den\u00ed.<br>Poslouchejte nebo \u010dt\u011bte poprv\u00e9 a nechte se un\u00e1\u0161et zvukem a obrazy b\u00e1sn\u011b.<br>Poslouchejte nebo \u010dt\u011bte podruh\u00e9 a nechte svou pozornost upoutat na n\u011bkter\u00e9 slovo nebo v\u011btu. Nechte je k sob\u011b promlouvat. Modlete se k Bohu nebo si zapi\u0161te do den\u00edku, co to pro v\u00e1s m\u016f\u017ee znamenat.<br>Poslouchejte nebo \u010dt\u011bte pot\u0159et\u00ed. Se\u010fte v tichu s Bohem tak dlouho, jak v\u00e1s to bude p\u0159itahovat.<br>Klikn\u011bte zde pro \u010dten\u00ed nebo klikn\u011bte na tla\u010d\u00edtko play n\u00ed\u017ee pro poslech.<\/p>\n\n\n\n<p><a href=\"https:\/\/email.cac.org\/t\/d-l-fjtkhht-tlkrhyidn-h\/\">Click here to read<\/a>\u00a0or click the play button below to listen.<\/p>\n\n\n\n<p>Translated with www.DeepL.com\/Translator (free version)<\/p>\n\n\n\n<h5 class=\"wp-block-heading\">Prameny:<\/h5>\n\n\n\n<p>James Finley and Mirabai Starr with Kirsten Oates, \u201c<a href=\"https:\/\/email.cac.org\/t\/d-l-fjtkhht-tlkrhyidn-u\/\">Turning to St. John of the Cross<\/a>,\u201d March 8, 2021, in <em>Turning to the Mystics<\/em>, season 3 (Albuquerque, NM: Center for Action and Contemplation, 2021), podcast, MP3 audio.&nbsp;<\/p>\n\n\n\n<p><strong>Image credit:<\/strong>&nbsp;Jenna Keiper, <em>Untitled Window<\/em>&nbsp;(detail), 2021, photograph, New Mexico, used with permission. Dorothea Lange, <em>Village Dwelling<\/em>&nbsp;(detail), 1936, <a href=\"https:\/\/email.cac.org\/t\/d-l-fjtkhht-tlkrhyidn-o\/\">photograph<\/a>, Library of Congress, public domain. Jenna Keiper, <em>Untitled Window II<\/em>&nbsp;(detail), 2021, photograph, New Mexico, used with permission. Jenna Keiper and Leslye Colvin, 2022, triptych art, United States. <a href=\"https:\/\/email.cac.org\/t\/d-l-fjtkhht-tlkrhyidn-b\/\">Click here to enlarge image.<\/a><\/p>\n\n\n\n<p>This week\u2019s images appear in a form inspired by early Christian\/Catholic triptych art: a threefold form that tells a unified story.&nbsp;<\/p>\n\n\n\n<p><strong>Image inspiration:<\/strong>&nbsp;<em>The house in the center image is shut against the harsh sun. It is closed and dark inside. Yet darkness can hold deep beauty and its own kind of light, creating conditions for healing and illumination. After our dark night we may be invited to gently lift the blinds.<\/em><\/p>\n","protected":false},"excerpt":{"rendered":"<p>Necht\u011bl bych ob\u011btovat svou du\u0161i \/ za v\u0161echny kr\u00e1sy tohoto sv\u011bta. \/ Je jen jedna v\u011bc, \/ pro kterou bych riskoval v\u0161echno: \/ nev\u00edm co, \/ co se skr\u00fdv\u00e1 \/ v srdci tajemstv\u00ed. Jan od K\u0159\u00ed\u017ee<\/p>\n","protected":false},"author":1,"featured_media":4212,"comment_status":"open","ping_status":"open","sticky":false,"template":"","format":"standard","meta":{"footnotes":""},"categories":[198],"tags":[458],"class_list":["post-4268","post","type-post","status-publish","format-standard","has-post-thumbnail","hentry","category-richard-rohr-ofm-centrum-pro-zivot-a-rozjimani","tag-temna-noc","latest_post"],"_links":{"self":[{"href":"https:\/\/www.frantiskani.cz\/index.php\/wp-json\/wp\/v2\/posts\/4268","targetHints":{"allow":["GET"]}}],"collection":[{"href":"https:\/\/www.frantiskani.cz\/index.php\/wp-json\/wp\/v2\/posts"}],"about":[{"href":"https:\/\/www.frantiskani.cz\/index.php\/wp-json\/wp\/v2\/types\/post"}],"author":[{"embeddable":true,"href":"https:\/\/www.frantiskani.cz\/index.php\/wp-json\/wp\/v2\/users\/1"}],"replies":[{"embeddable":true,"href":"https:\/\/www.frantiskani.cz\/index.php\/wp-json\/wp\/v2\/comments?post=4268"}],"version-history":[{"count":3,"href":"https:\/\/www.frantiskani.cz\/index.php\/wp-json\/wp\/v2\/posts\/4268\/revisions"}],"predecessor-version":[{"id":4271,"href":"https:\/\/www.frantiskani.cz\/index.php\/wp-json\/wp\/v2\/posts\/4268\/revisions\/4271"}],"wp:featuredmedia":[{"embeddable":true,"href":"https:\/\/www.frantiskani.cz\/index.php\/wp-json\/wp\/v2\/media\/4212"}],"wp:attachment":[{"href":"https:\/\/www.frantiskani.cz\/index.php\/wp-json\/wp\/v2\/media?parent=4268"}],"wp:term":[{"taxonomy":"category","embeddable":true,"href":"https:\/\/www.frantiskani.cz\/index.php\/wp-json\/wp\/v2\/categories?post=4268"},{"taxonomy":"post_tag","embeddable":true,"href":"https:\/\/www.frantiskani.cz\/index.php\/wp-json\/wp\/v2\/tags?post=4268"}],"curies":[{"name":"wp","href":"https:\/\/api.w.org\/{rel}","templated":true}]}}