{"id":4376,"date":"2022-05-24T17:24:10","date_gmt":"2022-05-24T15:24:10","guid":{"rendered":"https:\/\/www.frantiskani.cz\/?p=4376"},"modified":"2022-05-24T17:24:14","modified_gmt":"2022-05-24T15:24:14","slug":"zustat-a-nemlcet","status":"publish","type":"post","link":"https:\/\/www.frantiskani.cz\/index.php\/2022\/05\/24\/zustat-a-nemlcet\/","title":{"rendered":"Z\u016fstat a neml\u010det"},"content":{"rendered":"\n<p>Dvac\u00e1t\u00fd prvn\u00ed t\u00fdden: Boj s k\u0159es\u0165anstv\u00edm<\/p>\n\n\n\n<h4 class=\"wp-block-heading\">Pr\u016fzkum mezi k\u0159es\u0165any<\/h4>\n\n\n\n<p><em>Brian McLaren vedl v pr\u016fb\u011bhu desetilet\u00ed mnoho rozhovor\u016f s v\u011b\u0159\u00edc\u00edmi k\u0159es\u0165any, kte\u0159\u00ed jsou tak\u00e9 roz\u010darov\u00e1ni c\u00edrkv\u00ed a n\u00e1bo\u017eenstv\u00edm. Po jednom ve\u010deru str\u00e1ven\u00e9m ve spole\u010dnosti dvou \u0159\u00edmskokatolick\u00fdch sester, kter\u00e9 z\u016fstaly ve slu\u017eb\u011b c\u00edrkvi p\u0159es pades\u00e1t let, McLaren uva\u017euje:<\/em><\/p>\n\n\n\n<figure class=\"wp-block-image size-full is-resized is-style-rounded\"><img loading=\"lazy\" decoding=\"async\" src=\"data:image\/gif;base64,R0lGODlhAQABAAAAACH5BAEKAAEALAAAAAABAAEAAAICTAEAOw==\" data-layzr=\"https:\/\/www.frantiskani.cz\/wp-content\/uploads\/2022\/04\/mc-Larren.jpg\" alt=\"Brain MCLaren\" class=\"wp-image-4001\" width=\"116\" height=\"87\"\/><figcaption><sup><em>Brian McLaren<\/em><\/sup><\/figcaption><\/figure>\n\n\n\n<p>&#8222;Existuj\u00ed v\u00edce ne\u017e dv\u011b mo\u017enosti,&#8220; pomyslel jsem si. &#8222;Nemus\u00edm si vyb\u00edrat mezi t\u00edm, zda z\u016fstanu poddajn\u00fdm k\u0159es\u0165anem, nebo zda k\u0159es\u0165anstv\u00ed vzdorn\u011b opust\u00edm. Mohu z\u016fstat vzdorovit\u011b jako s. Ann a s. Jean [nejsou to jejich prav\u00e1 jm\u00e9na]. Mohu z\u00e1m\u011brn\u011b, v\u011bdom\u011b, rozhodn\u011b odm\u00edtnout odchod&#8230; a se stejn\u00fdm z\u00e1m\u011brem a rozhodnost\u00ed se mohu odm\u00edtnout pod\u0159\u00eddit se st\u00e1vaj\u00edc\u00edmu stavu. Mohu obsadit k\u0159es\u0165anstv\u00ed jin\u00fdm zp\u016fsobem byt\u00ed k\u0159es\u0165anem&#8220;.<\/p>\n\n\n\n<h4 class=\"wp-block-heading\">Z\u016fstat v c\u00edrkvi a nab\u00eddnout laskavost<\/h4>\n\n\n\n<p>Kdy\u017e \u0159\u00edk\u00e1m rezolutn\u011b z\u016fstat, nemysl\u00edm t\u00edm nelaskav\u011b. S t\u00edm souhlas\u00edm. Ann a Jean vyza\u0159uj\u00ed takovou laskavost a vnit\u0159n\u00ed klid. &nbsp;Obvin\u011bn\u00ed z nelaskavosti nep\u0159ipad\u00e1 v \u00favahu. Ne, s pevn\u00fdm, ale laskav\u00fdm vzdorem budou d\u00e1l \u0159\u00edkat sv\u00e9 pravdy a budou je \u0159\u00edkat zevnit\u0159 tak dlouho, dokud budou moci.<\/p>\n\n\n\n<p>McLaren nach\u00e1z\u00ed povzbuzen\u00ed k tomu, aby z\u016fstal oddan\u00fdm k\u0159es\u0165anem, v Je\u017e\u00ed\u0161ov\u011b vlastn\u00edm rozhodnut\u00ed z\u016fstat a z\u00e1pasit se svou \u017eidovskou v\u00edrou, i kdy\u017e byl odm\u00edtnut:<\/p>\n\n\n\n<h4 class=\"wp-block-heading\">Nesni\u017eovat chyby c\u00edrkve ale ani j\u00ed nezlo\u0159e\u010dit<\/h4>\n\n\n\n<p>Kdy\u017e vid\u00edm a v\u00edm to, co vid\u00edm a v\u00edm nyn\u00ed, nemohu ji\u017e d\u00e1le naivn\u011b d\u016fv\u011b\u0159ovat struktur\u00e1m k\u0159es\u0165ansk\u00e9ho n\u00e1bo\u017eenstv\u00ed. Ale m\u00edsto toho, abych sv\u00e9 n\u00e1bo\u017eensk\u00e9 spole\u010denstv\u00ed odm\u00edtl, z\u016fst\u00e1v\u00e1m mu paradoxn\u011b p\u0159\u00edtomen, nebagatelizuji jeho chyby ani ho pro jeho chyby nen\u00e1vid\u00edm. . . .<\/p>\n\n\n\n<p>Je\u017e\u00ed\u0161 samoz\u0159ejm\u011b po\u010d\u00edtal s touto cenou. Z\u016fstal a neml\u010del. A stoj\u00ed za pov\u0161imnut\u00ed, kam ho jeho setrv\u00e1n\u00ed vedlo. Ne k v\u00edt\u011bzstv\u00ed. Ne k \u00fasp\u011bchu. Vedlo ho k naprost\u00e9 por\u00e1\u017ece a pon\u00ed\u017een\u00ed na k\u0159\u00ed\u017ei.<\/p>\n\n\n\n<h4 class=\"wp-block-heading\">Pou\u017e\u00edt Je\u017e\u00ed\u0161\u016fv vzor v p\u0159\u00edstupu k \u017eidovstv\u00ed<\/h4>\n\n\n\n<p>Byl bl\u00e1zen, kdy\u017e si zachoval v\u00edru a\u017e do posledn\u00edho dechu? Kdy\u017e sv\u016fj pocit opu\u0161t\u011bnosti p\u0159etavil v modlitbu? Bylo norm\u00e1ln\u00ed, kdy\u017e si myslel, \u017ee odkaz prorok\u016f, odkaz jeho bratrance Jana a odkaz jeho matky Marie stoj\u00ed za to, aby z\u016fstal a zachr\u00e1nil tento odkaz p\u0159ed zka\u017een\u00edm n\u00e1bo\u017eensk\u00fdmi str\u00e1\u017eci jeho doby?<\/p>\n\n\n\n<p>Byl bl\u00e1zen, kdy\u017e z\u016fstal v boji s n\u00e1bo\u017eensk\u00fdmi str\u00e1\u017eci sv\u00e9 doby a pojmenoval jejich zka\u017eenost a jedovatost pe\u010dliv\u011b volen\u00fdmi slovy jako &#8222;ob\u00edlen\u00e9 hroby&#8220; a &#8222;hejno zmij\u00ed&#8220; [Matou\u0161 23,27.33]? Bylo by moud\u0159ej\u0161\u00ed, kdyby v tichosti ode\u0161el do Indie a stal se hinduistou, nebo kdyby v tichosti ode\u0161el do \u010c\u00edny a stal se buddhistou, m\u00edsto aby zpochyb\u0148oval status quo sv\u00e9ho vlastn\u00edho n\u00e1bo\u017eenstv\u00ed?<\/p>\n\n\n\n<h4 class=\"wp-block-heading\">Jsme ochotn\u00ed p\u0159istoupit ke sv\u00e9 c\u00edrkvi jako Je\u017e\u00ed\u0161?<\/h4>\n\n\n\n<p>Byl bl\u00e1zen, kdy\u017e si myslel, \u017ee ta nepatrn\u00e1 hrstka lid\u00ed, kter\u00e1 dostala jen nepatrn\u00fd st\u0159\u00edpek jeho poselstv\u00ed a vid\u011bla jen slab\u00fd z\u00e1blesk toho, co vid\u011bl on, ho m\u016f\u017ee p\u0159e\u017e\u00edt a vykonat v\u011bt\u0161\u00ed v\u011bci, ne\u017e vykonal on?<\/p>\n\n\n\n<p>Jste ochotni b\u00fdt takov\u00fdm bl\u00e1znem? Jsem? &#8211; Alespo\u0148 dnes, inspirov\u00e1n p\u0159\u00edkladem s. Jean a s. Ann.<\/p>\n\n\n\n<p>Translated with www.DeepL.com\/Translator (free version)<\/p>\n\n\n\n<h5 class=\"wp-block-heading\">Prameny:<\/h5>\n\n\n\n<p><sup>Brian D. McLaren, <\/sup><sup><em>Do I Stay Christian? A Guide for the Doubters, the Disappointed, and the Disillusioned<\/em><\/sup><sup> (New York: St. Martin\u2019s Essentials, 2022), 94, 96.&nbsp;<\/sup><\/p>\n\n\n\n<p><sup><strong>Image credit:<\/strong><\/sup><sup> Chaokun Wang, <\/sup><sup><em>\u5899<\/em><\/sup><sup><\/sup><sup><em>wall<\/em><\/sup><sup> (detail), 2020, <\/sup><a href=\"https:\/\/email.cac.org\/t\/d-l-ftrlkdl-tlkrhyidn-r\/\"><sup><u>photograph<\/u><\/sup><\/a><sup>, China, Creative Commons. Yoichi R. Okamoto, <\/sup><sup><em>Munich\u2019s Large and Beautiful Fussgangerzone<\/em><\/sup><sup> (detail), 1973, <\/sup><a href=\"https:\/\/email.cac.org\/t\/d-l-ftrlkdl-tlkrhyidn-y\/\"><sup><u>photograph<\/u><\/sup><\/a><sup>, Munich, Public Domain. Chaokun Wang, <\/sup><sup><em>\u6811<\/em><\/sup><sup><\/sup><sup><em>tree<\/em><\/sup><sup> (detail), 2019, <\/sup><a href=\"https:\/\/email.cac.org\/t\/d-l-ftrlkdl-tlkrhyidn-j\/\"><sup><u>photograph<\/u><\/sup><\/a><sup>, Qufu, Creative Commons. Jenna Keiper &amp; Leslye Colvin, 2022, triptych art, United States. <\/sup><a href=\"https:\/\/email.cac.org\/t\/d-l-ftrlkdl-tlkrhyidn-t\/\"><sup><u>Click here to enlarge the image.<\/u><\/sup><\/a><\/p>\n\n\n\n<p><sup>This week\u2019s images appear in a form inspired by early Christian\/Catholic triptych art: a threefold form that tells a unified story.&nbsp;<\/sup><\/p>\n\n\n\n<p><sup><strong>Image inspiration:<\/strong><\/sup><sup> <\/sup><sup><em>Sometimes the wall cracks or the tree dies. We ponder and question what we profess to believe. It\u2019s a healthy practice that undergirds a maturing faith.<\/em><\/sup><\/p>\n","protected":false},"excerpt":{"rendered":"<p>Byl bl\u00e1zen, kdy\u017e z\u016fstal v boji s n\u00e1bo\u017eensk\u00fdmi str\u00e1\u017eci sv\u00e9 doby a pojmenoval jejich zka\u017eenost a jedovatost pe\u010dliv\u011b volen\u00fdmi slovy jako &#8222;ob\u00edlen\u00e9 hroby&#8220; a &#8222;hejno zmij\u00ed&#8220; [Matou\u0161 23,27.33]? Bylo by moud\u0159ej\u0161\u00ed, kdyby v tichosti ode\u0161el do Indie a stal se hinduistou, nebo kdyby v tichosti ode\u0161el do \u010c\u00edny a stal se buddhistou, m\u00edsto aby zpochyb\u0148oval status quo sv\u00e9ho vlastn\u00edho n\u00e1bo\u017eenstv\u00ed?<\/p>\n","protected":false},"author":1,"featured_media":4353,"comment_status":"open","ping_status":"open","sticky":false,"template":"","format":"standard","meta":{"footnotes":""},"categories":[198],"tags":[366,474],"class_list":["post-4376","post","type-post","status-publish","format-standard","has-post-thumbnail","hentry","category-richard-rohr-ofm-centrum-pro-zivot-a-rozjimani","tag-cirkev","tag-nemlcet-vuci-chybam","latest_post"],"_links":{"self":[{"href":"https:\/\/www.frantiskani.cz\/index.php\/wp-json\/wp\/v2\/posts\/4376","targetHints":{"allow":["GET"]}}],"collection":[{"href":"https:\/\/www.frantiskani.cz\/index.php\/wp-json\/wp\/v2\/posts"}],"about":[{"href":"https:\/\/www.frantiskani.cz\/index.php\/wp-json\/wp\/v2\/types\/post"}],"author":[{"embeddable":true,"href":"https:\/\/www.frantiskani.cz\/index.php\/wp-json\/wp\/v2\/users\/1"}],"replies":[{"embeddable":true,"href":"https:\/\/www.frantiskani.cz\/index.php\/wp-json\/wp\/v2\/comments?post=4376"}],"version-history":[{"count":1,"href":"https:\/\/www.frantiskani.cz\/index.php\/wp-json\/wp\/v2\/posts\/4376\/revisions"}],"predecessor-version":[{"id":4385,"href":"https:\/\/www.frantiskani.cz\/index.php\/wp-json\/wp\/v2\/posts\/4376\/revisions\/4385"}],"wp:featuredmedia":[{"embeddable":true,"href":"https:\/\/www.frantiskani.cz\/index.php\/wp-json\/wp\/v2\/media\/4353"}],"wp:attachment":[{"href":"https:\/\/www.frantiskani.cz\/index.php\/wp-json\/wp\/v2\/media?parent=4376"}],"wp:term":[{"taxonomy":"category","embeddable":true,"href":"https:\/\/www.frantiskani.cz\/index.php\/wp-json\/wp\/v2\/categories?post=4376"},{"taxonomy":"post_tag","embeddable":true,"href":"https:\/\/www.frantiskani.cz\/index.php\/wp-json\/wp\/v2\/tags?post=4376"}],"curies":[{"name":"wp","href":"https:\/\/api.w.org\/{rel}","templated":true}]}}