{"id":4471,"date":"2022-05-28T12:01:18","date_gmt":"2022-05-28T10:01:18","guid":{"rendered":"https:\/\/www.frantiskani.cz\/?p=4471"},"modified":"2022-05-28T12:01:22","modified_gmt":"2022-05-28T10:01:22","slug":"obnova-sebe-i-cirkve","status":"publish","type":"post","link":"https:\/\/www.frantiskani.cz\/index.php\/2022\/05\/28\/obnova-sebe-i-cirkve\/","title":{"rendered":"Obnova k\u0159es\u0165anstv\u00ed"},"content":{"rendered":"\n<h5 class=\"wp-block-heading\">Shrnut\u00ed dvac\u00e1t\u00e9ho prvn\u00edho t\u00fddne 22. kv\u011btna &#8211; 27. kv\u011btna 2022<\/h5>\n\n\n\n<h4 class=\"wp-block-heading\">Ned\u011ble<\/h4>\n\n\n\n<p>Jestli\u017ee s\u00e1m Je\u017e\u00ed\u0161 \u0159\u00edk\u00e1, \u017ee c\u00edrkev se propad\u00e1 do z\u00e1huby, asi to m\u016f\u017eeme p\u0159iznat i my, ani\u017e bychom byli obvin\u011bni z negativismu nebo nev\u011bry. Mo\u017en\u00e1 si to mus\u00edme p\u0159iznat, aby se stalo n\u011bco nov\u00e9ho a dobr\u00e9ho. -Richard Rohr<\/p>\n\n\n\n<h4 class=\"wp-block-heading\">Pond\u011bl\u00ed<\/h4>\n\n\n\n<p>Abychom uvedli na pravou m\u00edru z\u0159ejm\u00e9: Je\u017e\u00ed\u0161 nikdy nikoho nemu\u010dil, nezabil ani nezni\u010dil \u017eivot, ale tot\u00e9\u017e se ned\u00e1 \u0159\u00edci o n\u00e1bo\u017eenstv\u00ed, kter\u00e9 tvrd\u00ed, \u017ee ho n\u00e1sleduje.<\/p>\n\n\n\n<p>-Brian McLaren<\/p>\n\n\n\n<h4 class=\"wp-block-heading\">\u00dater\u00fd<\/h4>\n\n\n\n<p>Byl Je\u017e\u00ed\u0161 bl\u00e1zen, kdy\u017e si zachoval v\u00edru a\u017e do sv\u00e9ho posledn\u00edho dechu, kdy\u017e sv\u016fj pocit opu\u0161t\u011bnosti p\u0159etavil v modlitbu? Byl bl\u00e1zen, kdy\u017e si myslel, \u017ee odkaz prorok\u016f, odkaz jeho bratrance Jana a odkaz jeho matky Marie stoj\u00ed za to, aby p\u0159etrval? -Brian McLaren<\/p>\n\n\n\n<h4 class=\"wp-block-heading\">St\u0159eda<\/h4>\n\n\n\n<p>Dnes se hodn\u011b mluv\u00ed o tom, \u017ee lid\u00e9 opou\u0161t\u011bj\u00ed c\u00edrkve, vzd\u00e1vaj\u00ed se k\u0159es\u0165anstv\u00ed a odm\u00edtaj\u00ed Je\u017e\u00ed\u0161e. Ve skute\u010dnosti se vzdali b\u00edl\u00e9 nad\u0159azen\u00e9 zna\u010dky k\u0159es\u0165anstv\u00ed, kter\u00e9 se star\u00e1 v\u00edce o moc ne\u017e o Je\u017e\u00ed\u0161e.<\/p>\n\n\n\n<p>-Dant\u00e9 Stewart<\/p>\n\n\n\n<h4 class=\"wp-block-heading\">\u010ctvrtek<\/h4>\n\n\n\n<p>A\u0165 u\u017e se stane cokoli, douf\u00e1m, \u017ee nikdo z n\u00e1s nikdy nezapomene na Je\u017e\u00ed\u0161e, kter\u00e9ho jsme potkali ve sv\u00e9m \u017eivot\u011b a kter\u00fd byl s n\u00e1mi ve strachu, zmatku a ztr\u00e1t\u011b, ve vynucen\u00e9 izolaci i v p\u0159ekvapiv\u00fdch okam\u017eic\u00edch radosti a prost\u0159ednictv\u00edm slu\u017eeb na\u0161eho spole\u010dn\u00e9ho lidsk\u00e9ho kn\u011b\u017estv\u00ed. -Diana Butler Bass<\/p>\n\n\n\n<h4 class=\"wp-block-heading\">P\u00e1tek<\/h4>\n\n\n\n<p>A\u0165 u\u017e se rozhodnete naz\u00fdvat se k\u0159es\u0165anem, nebo ne, douf\u00e1m, \u017ee budete usilovat o to b\u00fdt pokorn\u00fdm \u010dlov\u011bkem&#8230; n\u00e1bo\u017eensky. N\u00e1bo\u017eensky, jak tento term\u00edn pou\u017e\u00edv\u00e1m, znamen\u00e1 se smyslem pro posv\u00e1tnost v\u0161eho a se z\u00e1vazkem v\u0161e znovu posv\u011btit. -Brian McLaren<\/p>\n\n\n\n<p>Translated with www.DeepL.com\/Translator (free version)<\/p>\n\n\n\n<h2 class=\"wp-block-heading\">Cvi\u010den\u00ed dvac\u00e1t\u00e9ho prvn\u00edho t\u00fddne<\/h2>\n\n\n\n<h4 class=\"wp-block-heading\">Z\u00e1\u0159iv\u00e9 slovo &#8222;A&#8220;<\/h4>\n\n\n\n<p>Otec Richard nab\u00edz\u00ed kontemplativn\u00ed cvi\u010den\u00ed, p\u0159i n\u011bm\u017e se v\u011bnujeme slovu &#8222;a&#8220;. Doporu\u010dujeme v\u00e1m, abyste tato slova \u010detli pomalu a nechali v sob\u011b vzniknout prostor pro &#8222;oboj\u00ed&#8220;:<\/p>\n\n\n\n<p>&#8222;A&#8220; n\u00e1s u\u010d\u00ed \u0159\u00edkat ano<\/p>\n\n\n\n<p>&#8222;A&#8220; n\u00e1m umo\u017e\u0148uje b\u00fdt oboj\u00edm<\/p>\n\n\n\n<p>&#8222;A&#8220; n\u00e1m br\u00e1n\u00ed v tom, abychom se rozhodovali bu\u010f &#8211; anebo<\/p>\n\n\n\n<p>&#8222;A&#8220; n\u00e1s u\u010d\u00ed b\u00fdt trp\u011bliv\u00ed a dlouho trp\u011bt<\/p>\n\n\n\n<p>&#8222;A&#8220; je ochotn\u00e9 \u010dekat na vhled a integraci<\/p>\n\n\n\n<p>&#8222;A&#8220; n\u00e1s chr\u00e1n\u00ed p\u0159ed dualistick\u00fdm my\u0161len\u00edm<\/p>\n\n\n\n<p>&#8222;A&#8220; nerozd\u011bluje pole okam\u017eiku<\/p>\n\n\n\n<p>&#8222;A&#8220; n\u00e1m pom\u00e1h\u00e1 \u017e\u00edt ve st\u00e1le nedokonal\u00e9m te\u010f<\/p>\n\n\n\n<p>&#8222;A&#8220; n\u00e1s udr\u017euje inkluzivn\u00ed a soucitn\u00e9 v\u016f\u010di v\u0161emu<\/p>\n\n\n\n<p>&#8222;A&#8220; trv\u00e1 na tom, aby na\u0161e jedn\u00e1n\u00ed bylo tak\u00e9 kontemplativn\u00ed<\/p>\n\n\n\n<p>&#8222;A&#8220; l\u00e9\u010d\u00ed n\u00e1\u0161 rasismus, sexismus, heterosexismus a t\u0159\u00eddnost<\/p>\n\n\n\n<p>&#8222;A&#8220; n\u00e1m umo\u017e\u0148uje kritizovat rub i l\u00edc &nbsp;v\u011bc\u00ed<\/p>\n\n\n\n<p>&#8222;A&#8220; n\u00e1m umo\u017e\u0148uje t\u011b\u0161it se z obou stran v\u011bc\u00ed<\/p>\n\n\n\n<p>&#8222;A&#8220; dalece p\u0159esahuje jeden n\u00e1rod nebo politickou stranu<\/p>\n\n\n\n<p>&#8222;A&#8220; n\u00e1m pom\u00e1h\u00e1 \u010delit a p\u0159ijmout na\u0161e vlastn\u00ed stinn\u00e9 str\u00e1nky<\/p>\n\n\n\n<p>&#8222;A&#8220; n\u00e1m umo\u017e\u0148uje po\u017e\u00e1dat o odpu\u0161t\u011bn\u00ed a omluvit se<\/p>\n\n\n\n<p>&#8222;A&#8220; je tajemstv\u00edm paradoxu ve v\u0161ech v\u011bcech<\/p>\n\n\n\n<p>&#8222;A&#8220; je cestou milosrdenstv\u00ed<\/p>\n\n\n\n<p>&#8222;A&#8220; umo\u017e\u0148uje ka\u017edodenn\u00ed praktickou l\u00e1sku<\/p>\n\n\n\n<p>&#8222;A&#8220; ned\u016fv\u011b\u0159uje l\u00e1sce, pokud nen\u00ed z\u00e1rove\u0148 spravedlnost\u00ed<\/p>\n\n\n\n<p>&#8222;A&#8220; ned\u016fv\u011b\u0159uje spravedlnosti, pokud nen\u00ed z\u00e1rove\u0148 l\u00e1skou<\/p>\n\n\n\n<p>&#8222;A&#8220; je daleko za hranicemi m\u00e9ho a tv\u00e9ho n\u00e1bo\u017eenstv\u00ed<\/p>\n\n\n\n<p>&#8222;A&#8220; n\u00e1m umo\u017e\u0148uje b\u00fdt odli\u0161n\u00ed, a p\u0159esto jednotn\u00ed<\/p>\n\n\n\n<p>&#8222;A&#8220; je samotn\u00fdm tajemstv\u00edm Trojice<\/p>\n\n\n\n<p>Vyzkou\u0161ej zde: <a href=\"https:\/\/email.cac.org\/t\/d-l-ftrlull-tlkrhyidn-k\/\">Experience a version of this practice<\/a> through video and sound.<\/p>\n\n\n\n<h5 class=\"wp-block-heading\">Prameny:<\/h5>\n\n\n\n<p>Adapted from Richard Rohr, <a href=\"https:\/\/email.cac.org\/t\/d-l-ftrlull-tlkrhyidn-u\/\"><em>The Naked Now: Learning to See as the Mystics See<\/em><\/a> (New York: Crossroad Publishing, 2009), 180\u2013181.&nbsp;<\/p>\n\n\n\n<p><strong>Image credit:<\/strong>&nbsp;Chaokun Wang, <em>\u5899<\/em><em>&nbsp;wall<\/em>&nbsp;(detail), 2020, <a href=\"https:\/\/email.cac.org\/t\/d-l-ftrlull-tlkrhyidn-o\/\">photograph<\/a>, China, Creative Commons. Yoichi R. Okamoto, <em>Munich\u2019s Large and Beautiful Fussgangerzone<\/em>&nbsp;(detail), 1973, <a href=\"https:\/\/email.cac.org\/t\/d-l-ftrlull-tlkrhyidn-b\/\">photograph<\/a>, Munich, Public Domain. Chaokun Wang, <em>\u6811<\/em><em>&nbsp;tree<\/em>&nbsp;(detail), 2019, <a href=\"https:\/\/email.cac.org\/t\/d-l-ftrlull-tlkrhyidn-n\/\">photograph<\/a>, Qufu, Creative Commons. Jenna Keiper &amp; Leslye Colvin, 2022, triptych art, United States. <a href=\"https:\/\/email.cac.org\/t\/d-l-ftrlull-tlkrhyidn-p\/\">Click here to enlarge the image.<\/a><\/p>\n\n\n\n<p>This week\u2019s images appear in a form inspired by early Christian\/Catholic triptych art: a threefold form that tells a unified story.&nbsp;<\/p>\n\n\n\n<p><strong>Image inspiration:<\/strong>&nbsp;<em>Sometimes the wall cracks or the tree dies. We ponder and question what we profess to believe. It\u2019s a healthy practice that undergirds a maturing faith.<\/em><\/p>\n","protected":false},"excerpt":{"rendered":"<p>A\u0165 u\u017e se rozhodnete naz\u00fdvat se k\u0159es\u0165anem, nebo ne, douf\u00e1m, \u017ee budete usilovat o to b\u00fdt pokorn\u00fdm \u010dlov\u011bkem&#8230; n\u00e1bo\u017eensky. N\u00e1bo\u017eensky, jak tento term\u00edn pou\u017e\u00edv\u00e1m, znamen\u00e1 se smyslem pro posv\u00e1tnost v\u0161eho a se z\u00e1vazkem v\u0161e znovu posv\u011btit. -Brian McLaren<\/p>\n","protected":false},"author":1,"featured_media":4353,"comment_status":"open","ping_status":"open","sticky":false,"template":"","format":"standard","meta":{"footnotes":""},"categories":[198],"tags":[480,156,479],"class_list":["post-4471","post","type-post","status-publish","format-standard","has-post-thumbnail","hentry","category-richard-rohr-ofm-centrum-pro-zivot-a-rozjimani","tag-meditace","tag-obnova","tag-reforma","latest_post"],"_links":{"self":[{"href":"https:\/\/www.frantiskani.cz\/index.php\/wp-json\/wp\/v2\/posts\/4471","targetHints":{"allow":["GET"]}}],"collection":[{"href":"https:\/\/www.frantiskani.cz\/index.php\/wp-json\/wp\/v2\/posts"}],"about":[{"href":"https:\/\/www.frantiskani.cz\/index.php\/wp-json\/wp\/v2\/types\/post"}],"author":[{"embeddable":true,"href":"https:\/\/www.frantiskani.cz\/index.php\/wp-json\/wp\/v2\/users\/1"}],"replies":[{"embeddable":true,"href":"https:\/\/www.frantiskani.cz\/index.php\/wp-json\/wp\/v2\/comments?post=4471"}],"version-history":[{"count":1,"href":"https:\/\/www.frantiskani.cz\/index.php\/wp-json\/wp\/v2\/posts\/4471\/revisions"}],"predecessor-version":[{"id":4472,"href":"https:\/\/www.frantiskani.cz\/index.php\/wp-json\/wp\/v2\/posts\/4471\/revisions\/4472"}],"wp:featuredmedia":[{"embeddable":true,"href":"https:\/\/www.frantiskani.cz\/index.php\/wp-json\/wp\/v2\/media\/4353"}],"wp:attachment":[{"href":"https:\/\/www.frantiskani.cz\/index.php\/wp-json\/wp\/v2\/media?parent=4471"}],"wp:term":[{"taxonomy":"category","embeddable":true,"href":"https:\/\/www.frantiskani.cz\/index.php\/wp-json\/wp\/v2\/categories?post=4471"},{"taxonomy":"post_tag","embeddable":true,"href":"https:\/\/www.frantiskani.cz\/index.php\/wp-json\/wp\/v2\/tags?post=4471"}],"curies":[{"name":"wp","href":"https:\/\/api.w.org\/{rel}","templated":true}]}}