{"id":4566,"date":"2022-06-11T10:20:27","date_gmt":"2022-06-11T08:20:27","guid":{"rendered":"https:\/\/www.frantiskani.cz\/?p=4566"},"modified":"2022-06-11T10:20:31","modified_gmt":"2022-06-11T08:20:31","slug":"duch-svaty","status":"publish","type":"post","link":"https:\/\/www.frantiskani.cz\/index.php\/2022\/06\/11\/duch-svaty\/","title":{"rendered":"Duch svat\u00fd"},"content":{"rendered":"\n<h5 class=\"wp-block-heading\">Shrnut\u00ed dvac\u00e1t\u00e9ho t\u0159et\u00edho t\u00fddne 5. \u010dervna &#8211; 10. \u010dervna 2022<\/h5>\n\n\n\n<h4 class=\"wp-block-heading\"><br>Ned\u011ble<\/h4>\n\n\n\n<p>M\u016f\u017eeme poznat lidi, kte\u0159\u00ed pro\u017eili druh\u00fd k\u0159est v Duchu svat\u00e9m. B\u00fdvaj\u00ed miluj\u00edc\u00ed. B\u00fdvaj\u00ed vzru\u0161uj\u00edc\u00ed. Cht\u011bj\u00ed slou\u017eit druh\u00fdm, a ne si jen nechat slou\u017eit. Prom\u00edj\u00ed samotn\u00e9mu \u017eivotu, \u017ee nen\u00ed v\u0161\u00edm, v co kdysi doufali. Odpou\u0161t\u011bj\u00ed sv\u00fdm bli\u017en\u00edm. Odpou\u0161t\u011bj\u00ed sami sob\u011b, \u017ee nejsou tak dokonal\u00ed, jak by cht\u011bli b\u00fdt. -Richard Rohr<\/p>\n\n\n\n<h4 class=\"wp-block-heading\"><br>Pond\u011bl\u00ed<\/h4>\n\n\n\n<p>Mlad\u00ed lid\u00e9, kter\u00e9 otec Richard u\u010dil a vedl na rekolekc\u00edch, byli ohromeni poselstv\u00edm evangelia. Jejich t\u00fddenn\u00ed modlitebn\u00ed setk\u00e1n\u00ed za\u010d\u00ednala vrouc\u00ed charismatickou modlitbou a ze skupinky teenager\u016f se n\u011bkdy roz\u0161\u00ed\u0159ila na v\u00edce ne\u017e tis\u00edc osob r\u016fzn\u00e9ho v\u011bku a r\u016fzn\u00e9ho p\u016fvodu.<br>-Andreas Ebert a Patricia C. Brockmanov\u00e1<\/p>\n\n\n\n<h4 class=\"wp-block-heading\"><br>\u00dater\u00fd<\/h4>\n\n\n\n<p>Existuje Vnit\u0159n\u00ed p\u0159ipom\u00edna\u010d a Vnit\u0159n\u00ed u\u010ditel, kter\u00fd dr\u017e\u00ed pohromad\u011b v\u0161echny nesourod\u00e9 a rozt\u0159\u00ed\u0161t\u011bn\u00e9 \u010d\u00e1sti na\u0161eho \u017eivota, kter\u00fd vypl\u0148uje v\u0161echny mezery, kter\u00fd vlastn\u00ed v\u0161echny chyby, kter\u00fd odpou\u0161t\u00ed v\u0161echna selh\u00e1n\u00ed &#8211; a kter\u00fd n\u00e1s miluje do st\u00e1le hlub\u0161\u00edho \u017eivota. To je popis pr\u00e1ce Ducha svat\u00e9ho.<br>-Richard Rohr<\/p>\n\n\n\n<h4 class=\"wp-block-heading\"><br>St\u0159eda<\/h4>\n\n\n\n<p>Duch svat\u00fd je jako dech silou, kter\u00e1 d\u00e1v\u00e1 \u017eivot v\u0161emu \u017eiv\u00e9mu ve vesm\u00edru (Genesis 1,2). Kdy\u017e tak \u010din\u00ed, stvo\u0159en\u00ed za\u010d\u00edn\u00e1 b\u00fdt ch\u00e1p\u00e1no jako Bo\u017e\u00ed \u010din. Duch svat\u00fd h\u00fdbe biosf\u00e9rou a d\u00e1v\u00e1 \u017eivot v\u0161emu v n\u00ed.<br>-Grace Ji-Sun Kim<\/p>\n\n\n\n<h4 class=\"wp-block-heading\">\u010ctvrtek<\/h4>\n\n\n\n<p>Bylo to d\u00edlo Ducha svat\u00e9ho, kter\u00fd svedl dohromady ty, kte\u0159\u00ed si byli ciz\u00ed, a sm\u00ed\u0159il ty, kte\u0159\u00ed by jinak \u017eili odd\u011blen\u011b od t\u011bch, kte\u0159\u00ed se jim nepodobaj\u00ed. -Amos Yong<\/p>\n\n\n\n<h4 class=\"wp-block-heading\"><br>P\u00e1tek<\/h4>\n\n\n\n<p>Mystika ka\u017edodenn\u00edho \u017eivota je p\u0159\u00edle\u017eitost\u00ed k hlubok\u00e9mu proniknut\u00ed do hlubin lidsk\u00e9 zku\u0161enosti, vztah\u016f s druh\u00fdmi lidmi a setk\u00e1n\u00ed s p\u0159\u00edrodou. -Barbara Holmesov\u00e1<br><br><em>Translated with www.DeepL.com\/Translator (free version)<\/em><\/p>\n\n\n\n<h4 class=\"wp-block-heading\">Cvi\u010den\u00ed ve dvac\u00e1t\u00e9m t\u0159et\u00edm t\u00fddnu<\/h4>\n\n\n\n<h4 class=\"wp-block-heading\"><br>Litanie k Duchu svat\u00e9mu<br><br><br><\/h4>\n\n\n\n<p><br><em>A j\u00e1 budu prosit Otce a on v\u00e1m d\u00e1 jin\u00e9ho Ut\u011b\u0161itele a Pomocn\u00edka, aby byl s v\u00e1mi nav\u011bky, Ducha pravdy. . . . Toho Ducha zn\u00e1te, nebo\u0165 z\u016fst\u00e1v\u00e1 s v\u00e1mi a bude ve v\u00e1s.&nbsp;-Jan 14,16-17<\/em><\/p>\n\n\n\n<p><br>B\u011bhem sv\u00e9 postn\u00ed poustevny p\u0159ed n\u011bkolika lety otec Richard sestavil tuto modlitebn\u00ed litanii o Duchu svat\u00e9m, p\u0159i\u010dem\u017e si p\u0159edstavil mnoho popisn\u00fdch jmen Ducha. Zveme v\u00e1s, abyste si tato jm\u00e9na Ducha pomalu p\u0159e\u010detli jako zp\u016fsob, jak probudit p\u0159\u00edtomnost Ducha ve sv\u00e9m \u017eivot\u011b. Chcete-li si poslechnout del\u0161\u00ed zvukovou verzi, kterou \u010dte otec Richard, klikn\u011bte na obr\u00e1zek n\u00ed\u017ee.<\/p>\n\n\n\n<div class=\"wp-block-columns is-layout-flex wp-container-core-columns-is-layout-9d6595d7 wp-block-columns-is-layout-flex\">\n<div class=\"wp-block-column is-layout-flow wp-block-column-is-layout-flow\">\n<p>Pure Gift of God<br>Indwelling Presence<br>Promise of the Father<br>Life of Jesus<br>Pledge and Guarantee<br>Defense Attorney<br>Inner Anointing<br>Homing Device<br>Stable Witness<br>Peacemaker<br>Always Already Awareness<br>Compassionate Observer<br>God Compass<br>Inner Breath<br>Mutual Yearning Place<br>Hidden Love of God<br>Implanted Hope<br>Seething Desire<br>Fire of Life and Love<br>Truth Speaker<br>Flowing Stream<br>Wind of Change<br>Descending Dove<br>Cloud of Unknowing<br>Uncreated Grace<br>Filled Emptiness<br>Deepest Level of Our Longing<br>Sacred Wounding<br>Holy Healing<br>Will of God<br>Great Compassion<br>Inherent Victory<\/p>\n\n\n\n<p>You who pray in us, through us, with us, for us, and in spite of us.<br>Amen, Alleluia!<\/p>\n<\/div>\n\n\n\n<div class=\"wp-block-column is-layout-flow wp-block-column-is-layout-flow\">\n<p>\u010cist\u00fd Bo\u017e\u00ed dar<br>Obyvateln\u00e1 p\u0159\u00edtomnost<br>Otc\u016fv p\u0159\u00edslib<br>Je\u017e\u00ed\u0161\u016fv \u017eivot<br>Slib a z\u00e1ruka<br>Obh\u00e1jce<br>Vnit\u0159n\u00ed pomaz\u00e1n\u00ed<br>Nav\u00e1d\u011bc\u00ed za\u0159\u00edzen\u00ed<br>Stabiln\u00ed sv\u011bdek<br>M\u00edrotvorce<br>V\u017edy ji\u017e p\u0159i v\u011bdom\u00ed<br>Soucitn\u00fd pozorovatel<br>Bo\u017e\u00ed kompas<br>Vnit\u0159n\u00ed dech<br>M\u00edsto vz\u00e1jemn\u00e9ho tou\u017een\u00ed<br>Skryt\u00e1 Bo\u017e\u00ed l\u00e1ska<br>Vlo\u017een\u00e1 nad\u011bje<br>Vrouc\u00ed touha<br>Ohe\u0148 \u017eivota a l\u00e1sky<br>Mluv\u010d\u00ed pravdy<br>Tekouc\u00ed proud<br>V\u00edtr zm\u011bny<br>Sestupuj\u00edc\u00ed holubice<br>Oblak nev\u011bdomosti<br>Nestvo\u0159en\u00e1 milost<br>Napln\u011bn\u00e1 pr\u00e1zdnota<br>Nejhlub\u0161\u00ed \u00farove\u0148 na\u0161\u00ed touhy<br>Posv\u00e1tn\u00e9 zran\u011bn\u00ed<br>Svat\u00e9 uzdraven\u00ed<br>Bo\u017e\u00ed v\u016fle<br>Velk\u00fd soucit<br>Neodmysliteln\u00e9 v\u00edt\u011bzstv\u00ed<\/p>\n\n\n\n<p>Ty, kter\u00fd se modl\u00ed\u0161 v n\u00e1s, skrze n\u00e1s, s n\u00e1mi, za n\u00e1s a navzdory n\u00e1m.<br>Amen, aleluja!<\/p>\n<\/div>\n<\/div>\n\n\n\n<p><em>Translated with www.DeepL.com\/Translator (free version)<\/em><\/p>\n\n\n\n<h5 class=\"wp-block-heading\">Prameny:<\/h5>\n\n\n\n<p><a href=\"https:\/\/email.cac.org\/t\/d-l-ftuxe-tlkrhyidn-k\/\">Experience a version of this practice<\/a> through video and sound.<\/p>\n\n\n\n<p>Adapted from Richard Rohr, <a href=\"https:\/\/email.cac.org\/t\/d-l-ftuxe-tlkrhyidn-u\/\"><em>The Naked Now: Learning to See as the Mystics See<\/em><\/a> (New York: Crossroad Publishing, 2009), 168-169.&nbsp;<\/p>\n\n\n\n<p><strong>Image credit:<\/strong> Arthur Allen, <em>Daily Meditation Spring 2022 Series<\/em> (detail), 2022, photographs, France. Jenna Keiper, 2022, triptych art, United States. <a href=\"https:\/\/email.cac.org\/t\/d-l-ftuxe-tlkrhyidn-o\/\">Click here to enlarge the image.<\/a><\/p>\n\n\n\n<p>This week\u2019s images by photographer Arthur Allen appear in a form inspired by early Christian\/Catholic triptych art: a threefold form that tells a unified story. This year we invited a few photographers to share their vision with us in an artistic exploration for the Daily Meditations. The inspiration questions we asked each artist to create from were: How do you as an artist connect to and engage with (S)spirit and\/or tradition(s)? How can we translate deeper truths through a lens? How can we show our inherent connectedness (of humans, nature, other creatures, etc.) through imagery?<\/p>\n\n\n\n<p><strong>Image Inspiration:<\/strong> <em>My point of departure for this project was a question: Do precious things Glow, or are we casting Light on them? I found no answer (in any philosophical sense) but I did notice in my searches that some images\u2014some \u201cstrikes to the eye\u201d\u2014positively wanted me to look at them. They called to me as if I had been ignoring them unfairly, the way I might ignore children\u2019s jokes while I am trying to finish taxes. My goal became to ignore them less. I was surprised by how many of these children can fill a day, how many stories they can tell, and just how dream-like their jokes are.<\/em><br>\u2014Arthur Allen<\/p>\n","protected":false},"excerpt":{"rendered":"<p>Mystika ka\u017edodenn\u00edho \u017eivota je p\u0159\u00edle\u017eitost\u00ed k hlubok\u00e9mu proniknut\u00ed do hlubin lidsk\u00e9 zku\u0161enosti, vztah\u016f s druh\u00fdmi lidmi a setk\u00e1n\u00ed s p\u0159\u00edrodou. -Barbara Holmesov\u00e1<\/p>\n","protected":false},"author":1,"featured_media":4537,"comment_status":"open","ping_status":"open","sticky":false,"template":"","format":"standard","meta":{"footnotes":""},"categories":[198],"tags":[491,390],"class_list":["post-4566","post","type-post","status-publish","format-standard","has-post-thumbnail","hentry","category-richard-rohr-ofm-centrum-pro-zivot-a-rozjimani","tag-duch-svaty","tag-mystika","latest_post"],"_links":{"self":[{"href":"https:\/\/www.frantiskani.cz\/index.php\/wp-json\/wp\/v2\/posts\/4566","targetHints":{"allow":["GET"]}}],"collection":[{"href":"https:\/\/www.frantiskani.cz\/index.php\/wp-json\/wp\/v2\/posts"}],"about":[{"href":"https:\/\/www.frantiskani.cz\/index.php\/wp-json\/wp\/v2\/types\/post"}],"author":[{"embeddable":true,"href":"https:\/\/www.frantiskani.cz\/index.php\/wp-json\/wp\/v2\/users\/1"}],"replies":[{"embeddable":true,"href":"https:\/\/www.frantiskani.cz\/index.php\/wp-json\/wp\/v2\/comments?post=4566"}],"version-history":[{"count":1,"href":"https:\/\/www.frantiskani.cz\/index.php\/wp-json\/wp\/v2\/posts\/4566\/revisions"}],"predecessor-version":[{"id":4567,"href":"https:\/\/www.frantiskani.cz\/index.php\/wp-json\/wp\/v2\/posts\/4566\/revisions\/4567"}],"wp:featuredmedia":[{"embeddable":true,"href":"https:\/\/www.frantiskani.cz\/index.php\/wp-json\/wp\/v2\/media\/4537"}],"wp:attachment":[{"href":"https:\/\/www.frantiskani.cz\/index.php\/wp-json\/wp\/v2\/media?parent=4566"}],"wp:term":[{"taxonomy":"category","embeddable":true,"href":"https:\/\/www.frantiskani.cz\/index.php\/wp-json\/wp\/v2\/categories?post=4566"},{"taxonomy":"post_tag","embeddable":true,"href":"https:\/\/www.frantiskani.cz\/index.php\/wp-json\/wp\/v2\/tags?post=4566"}],"curies":[{"name":"wp","href":"https:\/\/api.w.org\/{rel}","templated":true}]}}