{"id":4710,"date":"2022-07-02T08:57:45","date_gmt":"2022-07-02T06:57:45","guid":{"rendered":"https:\/\/www.frantiskani.cz\/?p=4710"},"modified":"2022-07-02T08:57:49","modified_gmt":"2022-07-02T06:57:49","slug":"judaismus-chasidsti-mystikove","status":"publish","type":"post","link":"https:\/\/www.frantiskani.cz\/index.php\/2022\/07\/02\/judaismus-chasidsti-mystikove\/","title":{"rendered":"Judaismus: chasid\u0161t\u00ed mystikov\u00e9"},"content":{"rendered":"\n<h5 class=\"wp-block-heading\">Shrnut\u00ed a procvi\u010den\u00ed dvac\u00e1t\u00e9ho \u0161est\u00e9ho t\u00fddne 26. \u010dervna &#8211; 1. \u010dervence 2022<\/h5>\n\n\n\n<h4 class=\"wp-block-heading\">Ned\u011ble<\/h4>\n\n\n\n<p>Chasidismus je velk\u00e9 hnut\u00ed n\u00e1bo\u017eensk\u00e9 obrody, kter\u00e9 v druh\u00e9 polovin\u011b 18. stolet\u00ed vneslo nov\u00e9ho ducha do \u017eivota \u017did\u016f v polsk\u00fdch a ukrajinsk\u00fdch m\u011bstech a vesnic\u00edch. -Arthur Green<\/p>\n\n\n\n<h4 class=\"wp-block-heading\">Pond\u011bl\u00ed<\/h4>\n\n\n\n<p>Z\u00e1kladn\u00ed poselstv\u00ed a praxe ran\u00e9ho chasidismu jsou jednoduch\u00e9. Poselstv\u00ed: &#8222;&#8230; cel\u00e1 zem\u011b je pln\u00e1 Bo\u017e\u00ed sl\u00e1vy&#8220; (Izaj\u00e1\u0161 6,3). Praxe: &#8222;. . . Boha stav\u00edm st\u00e1le p\u0159ed sebe&#8220; (\u017dalm 16,8). Pochopte je a pochop\u00edte chasidismus. -Rami Shapiro<\/p>\n\n\n\n<h4 class=\"wp-block-heading\">\u00dater\u00fd<\/h4>\n\n\n\n<p>Chasid\u0161t\u00ed mist\u0159i pe\u010dliv\u011b zd\u016fraz\u0148ovali, \u017ee tich\u00e1 meditace nen\u00ed samo\u00fa\u010deln\u00e1. Je to praxe, jej\u00ed\u017e zkou\u0161ka mus\u00ed p\u0159ij\u00edt ve sv\u011bt\u011b jedn\u00e1n\u00ed a interakce. Ka\u017ed\u00fd ve\u010der, kdy\u017e hodnot\u00edme ud\u00e1losti dne, se mus\u00edme sami sebe pt\u00e1t: Pro\u017eil jsem tento den s v\u011bdom\u00edm?&nbsp;&nbsp;&nbsp;&nbsp;&nbsp;&nbsp;&nbsp;&nbsp;&nbsp;&nbsp;&nbsp;&nbsp;&nbsp;&nbsp;&nbsp;&nbsp;&nbsp;&nbsp;&nbsp;&nbsp;&nbsp;&nbsp;&nbsp;&nbsp;&nbsp;&nbsp;&nbsp;&nbsp;&nbsp;&nbsp;&nbsp;&nbsp;&nbsp;&nbsp;&nbsp;&nbsp;&nbsp;&nbsp;&nbsp;&nbsp;&nbsp;&nbsp;&nbsp;&nbsp;&nbsp;&nbsp;&nbsp;&nbsp;&nbsp;&nbsp;&nbsp;&nbsp;&nbsp; -Or N. Rose a Ebn D. Leader<\/p>\n\n\n\n<h4 class=\"wp-block-heading\">St\u0159eda<\/h4>\n\n\n\n<p>Je to v\u011bt\u0161\u00ed v\u011bc, kdy\u017e jsou ulice rodn\u00e9ho m\u011bsta \u010dlov\u011bka stejn\u011b sv\u011btl\u00e9 jako nebesk\u00e9 stezky. Nebo\u0165 pr\u00e1v\u011b zde, kde stoj\u00edme, bychom se m\u011bli sna\u017eit, aby z\u00e1\u0159ilo sv\u011btlo skryt\u00e9ho bo\u017esk\u00e9ho \u017eivota.&nbsp;&nbsp;&nbsp;&nbsp;&nbsp;&nbsp;&nbsp;&nbsp;&nbsp;&nbsp;&nbsp;&nbsp;&nbsp;&nbsp;&nbsp;&nbsp;&nbsp;&nbsp;&nbsp;&nbsp;&nbsp;&nbsp;&nbsp;&nbsp;&nbsp;&nbsp;&nbsp;&nbsp;&nbsp;&nbsp;&nbsp;&nbsp;&nbsp;&nbsp;&nbsp;&nbsp;&nbsp;&nbsp;&nbsp;&nbsp;&nbsp;&nbsp;&nbsp;&nbsp;&nbsp;&nbsp;&nbsp;&nbsp;&nbsp;&nbsp;&nbsp;&nbsp;&nbsp;&nbsp;&nbsp;&nbsp;&nbsp;&nbsp;&nbsp;&nbsp;&nbsp;&nbsp;&nbsp;&nbsp;&nbsp;&nbsp;&nbsp;&nbsp;&nbsp;&nbsp; -Hasidsk\u00e9 u\u010den\u00ed v p\u0159ekladu Martina Bubera<\/p>\n\n\n\n<h4 class=\"wp-block-heading\">\u010ctvrtek<\/h4>\n\n\n\n<p>Ten, kdo \u010dte slova modlitby s velkou oddanost\u00ed, \/ m\u016f\u017ee doj\u00edt k tomu, \u017ee uvid\u00ed sv\u011btla uvnit\u0159 p\u00edsmen.<\/p>\n\n\n\n<p>-Hasidsk\u00e9 u\u010den\u00ed, p\u0159elo\u017eil Arthur Green<\/p>\n\n\n\n<h4 class=\"wp-block-heading\">P\u00e1tek<\/h4>\n\n\n\n<p>Hebrejsk\u00e9 P\u00edsmo navzdory v\u0161em n\u00e1bo\u017eensk\u00fdm o\u010dek\u00e1v\u00e1n\u00edm zahrnuje to, co by v\u011bt\u0161ina z n\u00e1s nazvala probl\u00e9mem &#8211; negativn\u00ed, n\u00e1hodn\u00e9, h\u0159\u00ed\u0161n\u00e9 &#8211; jako p\u0159esnou ar\u00e9nu pro bo\u017esk\u00e9 zjeven\u00ed. -Richard Rohr&nbsp;<\/p>\n\n\n\n<p><em>Translated with www.DeepL.com\/Translator (free version)<\/em><\/p>\n\n\n\n<h2 class=\"wp-block-heading\">Modlitba po probuzen\u00ed<\/h2>\n\n\n\n<h4 class=\"wp-block-heading\">Cvi\u010den\u00ed dvac\u00e1t\u00e9ho \u0161est\u00e9ho t\u00fddne<\/h4>\n\n\n\n<p><em>Chasidsk\u00fd rab\u00edn Hajim Hejkel z Amduru, kter\u00fd p\u016fsobil v Litv\u011b v osmn\u00e1ct\u00e9m stolet\u00ed, radil, aby se hned r\u00e1no v\u011bdom\u011b vzpom\u00ednalo na Boha. Uv\u00e1d\u011bj\u00ed a p\u0159ekl\u00e1daj\u00ed rab\u00edni Or N. Rose a Ebn D. Leader:&nbsp;<\/em><\/p>\n\n\n\n<h4 class=\"wp-block-heading\">&nbsp;<\/h4>\n\n\n\n<h4 class=\"wp-block-heading\">Jak\u00e9 je tv\u00e9 probuzen\u00ed a tv\u00e1 r\u00e1na?<\/h4>\n\n\n\n<p>Jak\u00e1 je va\u0161e prvn\u00ed my\u0161lenka po probuzen\u00ed? Jak \u010dasto se jedn\u00e1 o fyzick\u00e9 \u010di emocion\u00e1ln\u00ed vy\u010derp\u00e1n\u00ed, \u010dasovou t\u00edse\u0148 nebo obavy z nov\u00e9ho dne? Uv\u011bdomujete si proces probouzen\u00ed ze sp\u00e1nku, nebo okam\u017eit\u011b a automaticky proch\u00e1z\u00edte \u0159adou \u010dinnost\u00ed, abyste sebe (a svou rodinu) dostali na nohy a z domu? Jak ovliv\u0148uje za\u010d\u00e1tek va\u0161eho dne n\u00e1sleduj\u00edc\u00ed hodiny? . . .&nbsp;&nbsp;<\/p>\n\n\n\n<p>Stejn\u011b jako mnoho jin\u00fdch postup\u016f, kter\u00e9 navrhli chasid\u0161t\u00ed mist\u0159i, ani zm\u011bna rann\u00ed rutiny nen\u00ed snadn\u00e1; n\u011bkdy se m\u016f\u017ee zd\u00e1t dokonce nemo\u017en\u00e1. P\u0159esto si p\u0159edstavte, jak by tato \u00faprava mohla zm\u011bnit v\u00e1\u0161 den. Jak by se va\u0161e r\u00e1no mohlo vyv\u00edjet, kdybyste sv\u00e9 prvn\u00ed my\u0161lenky v\u011bnovali tomu, co je ve va\u0161em \u017eivot\u011b nejd\u016fle\u017eit\u011bj\u0161\u00ed? [1]<\/p>\n\n\n\n<div class=\"wp-block-group\"><div class=\"wp-block-group__inner-container is-layout-flow wp-block-group-is-layout-flow\">\n<div class=\"wp-block-group\"><div class=\"wp-block-group__inner-container is-layout-flow wp-block-group-is-layout-flow\">\n<p>Kdy\u017e se r\u00e1no probud\u00edte<\/p>\n\n\n\n<p>okam\u017eit\u011b si vzpome\u0148te<\/p>\n\n\n\n<p>\u017ee po\u017eehnan\u00fd Stvo\u0159itel se k v\u00e1m chov\u00e1 s<\/p>\n\n\n\n<p>&nbsp;&nbsp;&nbsp;&nbsp; dobrotou a laskavost\u00ed,&nbsp;<\/p>\n\n\n\n<p>nebo\u0165 ti vr\u00e1til du\u0161i (Berachot 2a);&nbsp;<\/p>\n\n\n\n<p>du\u0161i, kter\u00e1 napl\u0148uje cel\u00e9 tv\u00e9 t\u011blo. . . .<\/p>\n\n\n\n<p>Ne\u017e otev\u0159e\u0161 o\u010di,&nbsp;<\/p>\n\n\n\n<p>p\u0159it\u00e1hni k sob\u011b Stvo\u0159itele &#8211;<\/p>\n\n\n\n<p>Stejn\u011b tak sv\u00fdma u\u0161ima, \u00fasty a mysl\u00ed.&nbsp;<\/p>\n\n\n\n<p>Budete-li se touto prax\u00ed \u0159\u00eddit,&nbsp;<\/p>\n\n\n\n<p>v\u0161echny va\u0161e skutky budou toho dne svat\u00e9,&nbsp;<\/p>\n\n\n\n<p>jak je ps\u00e1no<em>: &#8222;P\u0159edpov\u00edd\u00e1m konec od po\u010d\u00e1tku&#8220;.<\/em><\/p>\n\n\n\n<p><em>(Izaj\u00e1\u0161 46,10)<\/em>. [2]<\/p>\n<\/div><\/div>\n<\/div><\/div>\n\n\n\n<p>Translated with www.DeepL.com\/Translator (free version)<\/p>\n","protected":false},"excerpt":{"rendered":"<p>Jak\u00e1 je va\u0161e prvn\u00ed my\u0161lenka po probuzen\u00ed? Kdy\u017e se r\u00e1no probud\u00edte okam\u017eit\u011b si vzpome\u0148te \u017ee po\u017eehnan\u00fd Stvo\u0159itel se k v\u00e1m chov\u00e1 s      dobrotou a laskavost\u00ed,  nebo\u0165 ti vr\u00e1til du\u0161i (Berachot 2a);  du\u0161i, kter\u00e1 napl\u0148uje cel\u00e9 tv\u00e9 t\u011blo. . . . <\/p>\n","protected":false},"author":1,"featured_media":4659,"comment_status":"open","ping_status":"open","sticky":false,"template":"","format":"standard","meta":{"footnotes":""},"categories":[198],"tags":[523],"class_list":["post-4710","post","type-post","status-publish","format-standard","has-post-thumbnail","hentry","category-richard-rohr-ofm-centrum-pro-zivot-a-rozjimani","tag-chaside","latest_post"],"_links":{"self":[{"href":"https:\/\/www.frantiskani.cz\/index.php\/wp-json\/wp\/v2\/posts\/4710","targetHints":{"allow":["GET"]}}],"collection":[{"href":"https:\/\/www.frantiskani.cz\/index.php\/wp-json\/wp\/v2\/posts"}],"about":[{"href":"https:\/\/www.frantiskani.cz\/index.php\/wp-json\/wp\/v2\/types\/post"}],"author":[{"embeddable":true,"href":"https:\/\/www.frantiskani.cz\/index.php\/wp-json\/wp\/v2\/users\/1"}],"replies":[{"embeddable":true,"href":"https:\/\/www.frantiskani.cz\/index.php\/wp-json\/wp\/v2\/comments?post=4710"}],"version-history":[{"count":1,"href":"https:\/\/www.frantiskani.cz\/index.php\/wp-json\/wp\/v2\/posts\/4710\/revisions"}],"predecessor-version":[{"id":4711,"href":"https:\/\/www.frantiskani.cz\/index.php\/wp-json\/wp\/v2\/posts\/4710\/revisions\/4711"}],"wp:featuredmedia":[{"embeddable":true,"href":"https:\/\/www.frantiskani.cz\/index.php\/wp-json\/wp\/v2\/media\/4659"}],"wp:attachment":[{"href":"https:\/\/www.frantiskani.cz\/index.php\/wp-json\/wp\/v2\/media?parent=4710"}],"wp:term":[{"taxonomy":"category","embeddable":true,"href":"https:\/\/www.frantiskani.cz\/index.php\/wp-json\/wp\/v2\/categories?post=4710"},{"taxonomy":"post_tag","embeddable":true,"href":"https:\/\/www.frantiskani.cz\/index.php\/wp-json\/wp\/v2\/tags?post=4710"}],"curies":[{"name":"wp","href":"https:\/\/api.w.org\/{rel}","templated":true}]}}