{"id":4807,"date":"2022-07-20T09:46:48","date_gmt":"2022-07-20T07:46:48","guid":{"rendered":"https:\/\/www.frantiskani.cz\/?p=4807"},"modified":"2022-07-20T09:48:21","modified_gmt":"2022-07-20T07:48:21","slug":"stojici-na-miste","status":"publish","type":"post","link":"https:\/\/www.frantiskani.cz\/index.php\/2022\/07\/20\/stojici-na-miste\/","title":{"rendered":"Stoj\u00edc\u00ed na m\u00edst\u011b"},"content":{"rendered":"\n<h5 class=\"wp-block-heading\">Dvac\u00e1t\u00fd dev\u00e1t\u00fd t\u00fdden: \u017deny mysti\u010dky dvac\u00e1t\u00e9ho stolet\u00ed<\/h5>\n\n\n\n<p><em>Catherine de Hueck Doherty (1896-1985) byla rusk\u00e1 baronka, jej\u00ed\u017e rodina emigrovala do Kanady, aby unikla p\u00e1du rusk\u00e9 carsk\u00e9 monarchie. Nakonec se ve sv\u00e9m odhodl\u00e1n\u00ed \u017e\u00edt &#8222;evangelium bez kompromis\u016f&#8220; vzdala v\u0161eho. Slou\u017eila chud\u00fdm a prosazovala mezirasovou spravedlnost prost\u0159ednictv\u00edm sv\u00e9 pr\u00e1ce v Dom\u011b p\u0159\u00e1telstv\u00ed v New Yorku. Pot\u00e9 zalo\u017eila v Kanad\u011b kontemplativn\u00ed komunitu Madonna House, kde pom\u00e1hala vn\u00e1\u0161et spiritualitu v\u00fdchodn\u00ed c\u00edrkve do z\u00e1padn\u00edho k\u0159es\u0165anstv\u00ed. Stejn\u011b jako mnoho mystik\u016f i Dohertyov\u00e1 zakou\u0161ela Bo\u017e\u00ed p\u0159\u00edtomnost a hlubokou l\u00e1sku v tichu:<\/em><\/p>\n\n\n\n<h4 class=\"wp-block-heading\">Ticho<\/h4>\n\n\n<div class=\"wp-block-image is-style-rounded\">\n<figure class=\"alignleft size-full is-resized\"><img loading=\"lazy\" decoding=\"async\" src=\"data:image\/gif;base64,R0lGODlhAQABAAAAACH5BAEKAAEALAAAAAABAAEAAAICTAEAOw==\" data-layzr=\"https:\/\/www.frantiskani.cz\/wp-content\/uploads\/2022\/07\/Catherine_Doherty_1970.jpg\" alt=\"Catherine de Hueck Doherty\" class=\"wp-image-4808\" width=\"114\" height=\"188\"\/><figcaption><em>Catherine de Hueck Doherty<\/em><\/figcaption><\/figure>\n<\/div>\n\n\n<p>Prav\u00e9 ticho je \u0159e\u010d\u00ed milenc\u016f. . . . Prav\u00e9 ml\u010den\u00ed je kl\u00ed\u010dem k nesm\u00edrn\u00e9mu a planouc\u00edmu srdci Boha. Je za\u010d\u00e1tkem bo\u017esk\u00fdch n\u00e1mluv, kter\u00e9 skon\u010d\u00ed a\u017e v nesm\u00edrn\u00e9m, tv\u016fr\u010d\u00edm, plodn\u00e9m a l\u00e1skypln\u00e9m tichu kone\u010dn\u00e9ho spojen\u00ed s Milovan\u00fdm.&nbsp;<\/p>\n\n\n\n<h4 class=\"wp-block-heading\">Svat\u00e9 ticho<\/h4>\n\n\n\n<p>Ano, takov\u00e9 ticho je svat\u00e9, je to modlitba nad v\u0161echny modlitby. Prav\u00e9 ml\u010den\u00ed vede k z\u00e1v\u011bre\u010dn\u00e9 modlitb\u011b st\u00e1l\u00e9 p\u0159\u00edtomnosti Boha, k v\u00fd\u0161in\u00e1m kontemplace, kdy du\u0161e, kone\u010dn\u011b sm\u00ed\u0159en\u00e1, \u017eije z v\u016fle [Boha], kter\u00e9ho miluje zcela, naprosto a \u00fapln\u011b.&nbsp;<\/p>\n\n\n\n<h4 class=\"wp-block-heading\">Svat\u00e9 ticho p\u0159et\u00e9k\u00e1 v l\u00e1sku<\/h4>\n\n\n\n<p>Toto ml\u010den\u00ed pak propukne v l\u00e1sku, kter\u00e1 p\u0159et\u00e9k\u00e1 ve slu\u017eb\u011b bli\u017en\u00edmu, ani\u017e by po\u010d\u00edtala n\u00e1klady. Bude sv\u011bd\u010dit o Kristu kdekoli a v\u017edy. Dostupnost se stane rozko\u0161nou a snadnou, nebo\u0165 v ka\u017ed\u00e9m \u010dlov\u011bku du\u0161e uvid\u00ed tv\u00e1\u0159 sv\u00e9 L\u00e1sky. Pohostinnost bude hlubok\u00e1 a skute\u010dn\u00e1, nebo\u0165 tich\u00e9 srdce je miluj\u00edc\u00ed srdce a miluj\u00edc\u00ed srdce je hospicem pro sv\u011bt.&nbsp;<\/p>\n\n\n\n<p><em>Byla skute\u010dn\u011b kontemplativn\u00ed ve sv\u011bt\u011b, ch\u00e1pala, \u017ee tich\u00e1 modlitba je zku\u0161enostn\u00edm darem pro ka\u017ed\u00e9ho, kdo tou\u017e\u00ed po v\u011bt\u0161\u00ed bl\u00edzkosti s Bohem:&nbsp;<\/em><\/p>\n\n\n\n<h4 class=\"wp-block-heading\">Modlitebn\u00ed ticho je pro ka\u017ed\u00e9ho<\/h4>\n\n\n\n<p>Toto ml\u010den\u00ed nen\u00ed v\u00fdhradn\u00ed v\u00fdsadou kl\u00e1\u0161ter\u016f nebo \u0159ehol\u00ed. Toto prost\u00e9 modlitebn\u00ed ticho m\u016f\u017ee a m\u011blo by b\u00fdt tichem ka\u017ed\u00e9ho \u010dlov\u011bka. Pat\u0159\u00ed ka\u017ed\u00e9mu k\u0159es\u0165anovi, kter\u00fd miluje Boha, ka\u017ed\u00e9mu \u017didovi, kter\u00fd ve sv\u00e9m srdci sly\u0161el ozv\u011bnu Bo\u017e\u00edho hlasu v [proroc\u00edch], ka\u017ed\u00e9mu, jeho\u017e du\u0161e povstala p\u0159i hled\u00e1n\u00ed pravdy, p\u0159i hled\u00e1n\u00ed Boha. . . .&nbsp;<\/p>\n\n\n\n<h4 class=\"wp-block-heading\">Modlitebn\u00ed ticho lze pou\u017e\u00edt v\u0161ude<\/h4>\n\n\n\n<p>Pou\u0161t\u011b, ticho, samota nejsou nutn\u011b m\u00edsta, ale stavy mysli a srdce. Tyto pou\u0161t\u011b lze nal\u00e9zt uprost\u0159ed m\u011bsta i v ka\u017edodenn\u00edm \u017eivot\u011b. Sta\u010d\u00ed je jen hledat a uv\u011bdomit si, \u017ee je nesm\u00edrn\u011b pot\u0159ebujeme. . . .&nbsp;<\/p>\n\n\n\n<h4 class=\"wp-block-heading\">Jak? Nech od sebe odpadnout neklid<\/h4>\n\n\n\n<p>Ale jak vlastn\u011b takov\u00e9 samoty dos\u00e1hnout? T\u00edm, \u017ee se zastav\u00edme! St\u00e1t v klidu a nechat odpadnout smrt\u00edc\u00ed neklid na\u0161\u00ed tragick\u00e9 doby. . . .&nbsp; Tento neklid byl kdysi pova\u017eov\u00e1n za kouzeln\u00fd koberec k z\u00edt\u0159ku, ale nyn\u00ed vid\u00edme, \u010d\u00edm ve skute\u010dnosti je: \u00fat\u011bkem p\u0159ed sebou sam\u00fdm, odvr\u00e1cen\u00edm se od cesty dovnit\u0159, kterou mus\u00ed podstoupit v\u0161ichni [lid\u00e9], aby se setkali s Bohem, kter\u00fd p\u0159eb\u00fdv\u00e1 v hlubin\u00e1ch jejich du\u0161\u00ed.&nbsp;&nbsp;<\/p>\n\n\n\n<p><em>Translated with www.DeepL.com\/Translator (free version), mezinadpisy vlo\u017eil p\u0159ekladatel<\/em><\/p>\n\n\n\n<h5 class=\"wp-block-heading\">Prameny:<\/h5>\n\n\n\n<p>Catherine de Hueck Doherty, <em>Poustinia: Encountering God in Silence, Solitude and Prayer<\/em>&nbsp;(Combermere, ON: Madonna House Publications, 1993, 2000), 5, 7.&nbsp;&nbsp;<\/p>\n\n\n\n<p><strong>Image credit:<\/strong>&nbsp;Carrie Grace Littauer, <em>Untitled 11<\/em> (detail), 2022, photograph, Colorado, used with permission. Arthur Allen, <em>Untitled 4<\/em> (detail), 2022, photograph, France, used with permission. Claudia Retter, <em>Florence Morning<\/em> (detail), photograph, used with permission.&nbsp; Jenna Keiper &amp; Leslye Colvin, 2022, triptych art, United States. <a href=\"https:\/\/email.cac.org\/t\/d-l-fdhtlut-tlkrhyidn-y\/\">Click here<\/a> to enlarge image.<\/p>\n\n\n\n<p>This week\u2019s images appear in a form inspired by early Christian\/Catholic triptych art: a threefold form that tells a unified story.\u202f&nbsp;<\/p>\n\n\n\n<p><strong>Image inspiration:<\/strong>&nbsp;<em>She sees the leaves in the ice, gathers the small, unnoticed things, and cherishes her findings. We accept the mystic\u2019s invitation to sit and ponder.<\/em><\/p>\n","protected":false},"excerpt":{"rendered":"<p> Toto prost\u00e9 modlitebn\u00ed ticho m\u016f\u017ee a m\u011blo by b\u00fdt tichem ka\u017ed\u00e9ho \u010dlov\u011bka. Pat\u0159\u00ed ka\u017ed\u00e9mu k\u0159es\u0165anovi, kter\u00fd miluje Boha, ka\u017ed\u00e9mu \u017didovi, kter\u00fd ve sv\u00e9m srdci sly\u0161el ozv\u011bnu Bo\u017e\u00edho hlasu v [proroc\u00edch], ka\u017ed\u00e9mu, jeho\u017e du\u0161e povstala p\u0159i hled\u00e1n\u00ed pravdy, p\u0159i hled\u00e1n\u00ed Boha. . . .\u00a0<\/p>\n","protected":false},"author":1,"featured_media":4791,"comment_status":"open","ping_status":"open","sticky":false,"template":"","format":"standard","meta":{"footnotes":""},"categories":[198],"tags":[544,171],"class_list":["post-4807","post","type-post","status-publish","format-standard","has-post-thumbnail","hentry","category-richard-rohr-ofm-centrum-pro-zivot-a-rozjimani","tag-poust","tag-ticho","latest_post"],"_links":{"self":[{"href":"https:\/\/www.frantiskani.cz\/index.php\/wp-json\/wp\/v2\/posts\/4807","targetHints":{"allow":["GET"]}}],"collection":[{"href":"https:\/\/www.frantiskani.cz\/index.php\/wp-json\/wp\/v2\/posts"}],"about":[{"href":"https:\/\/www.frantiskani.cz\/index.php\/wp-json\/wp\/v2\/types\/post"}],"author":[{"embeddable":true,"href":"https:\/\/www.frantiskani.cz\/index.php\/wp-json\/wp\/v2\/users\/1"}],"replies":[{"embeddable":true,"href":"https:\/\/www.frantiskani.cz\/index.php\/wp-json\/wp\/v2\/comments?post=4807"}],"version-history":[{"count":2,"href":"https:\/\/www.frantiskani.cz\/index.php\/wp-json\/wp\/v2\/posts\/4807\/revisions"}],"predecessor-version":[{"id":4810,"href":"https:\/\/www.frantiskani.cz\/index.php\/wp-json\/wp\/v2\/posts\/4807\/revisions\/4810"}],"wp:featuredmedia":[{"embeddable":true,"href":"https:\/\/www.frantiskani.cz\/index.php\/wp-json\/wp\/v2\/media\/4791"}],"wp:attachment":[{"href":"https:\/\/www.frantiskani.cz\/index.php\/wp-json\/wp\/v2\/media?parent=4807"}],"wp:term":[{"taxonomy":"category","embeddable":true,"href":"https:\/\/www.frantiskani.cz\/index.php\/wp-json\/wp\/v2\/categories?post=4807"},{"taxonomy":"post_tag","embeddable":true,"href":"https:\/\/www.frantiskani.cz\/index.php\/wp-json\/wp\/v2\/tags?post=4807"}],"curies":[{"name":"wp","href":"https:\/\/api.w.org\/{rel}","templated":true}]}}