{"id":4813,"date":"2022-07-21T08:38:05","date_gmt":"2022-07-21T06:38:05","guid":{"rendered":"https:\/\/www.frantiskani.cz\/?p=4813"},"modified":"2022-07-21T08:39:55","modified_gmt":"2022-07-21T06:39:55","slug":"zadny-nedostatek-lasky","status":"publish","type":"post","link":"https:\/\/www.frantiskani.cz\/index.php\/2022\/07\/21\/zadny-nedostatek-lasky\/","title":{"rendered":"\u017d\u00e1dn\u00fd nedostatek l\u00e1sky"},"content":{"rendered":"\n<h5 class=\"wp-block-heading\">Dvac\u00e1t\u00fd dev\u00e1t\u00fd t\u00fdden: \u017deny mysti\u010dky dvac\u00e1t\u00e9ho stolet\u00ed<\/h5>\n\n\n\n<p><em>Rosemarie Freeney Hardingov\u00e1 (1930-2004) byla duchovn\u00ed v\u016fdkyn\u00ed \u010derno\u0161sk\u00e9ho hnut\u00ed za svobodu v 60. letech 20. stolet\u00ed. Jej\u00ed mennonitsk\u00e1 v\u00edra formovala jej\u00ed odhodl\u00e1n\u00ed k radik\u00e1ln\u00ed pohostinnosti, uzdravov\u00e1n\u00ed a transformaci. Popisuje mezirasov\u00e9 spole\u010denstv\u00ed, kter\u00e9 vytvo\u0159ila se sv\u00fdm man\u017eelem Vincentem v Mennonitsk\u00e9m dom\u011b v Atlant\u011b:&nbsp;<\/em><\/p>\n\n\n\n<h4 class=\"wp-block-heading\">\u00dakoly &nbsp;p\u0159ed n\u00e1mi<\/h4>\n\n\n<div class=\"wp-block-image is-style-rounded\">\n<figure class=\"alignleft size-full is-resized\"><img loading=\"lazy\" decoding=\"async\" src=\"data:image\/gif;base64,R0lGODlhAQABAAAAACH5BAEKAAEALAAAAAABAAEAAAICTAEAOw==\" data-layzr=\"https:\/\/www.frantiskani.cz\/wp-content\/uploads\/2022\/07\/Rosemarie-Freeney-Harding.jpg\" alt=\"Rosemarie Freeney Harding\" class=\"wp-image-4814\" width=\"160\" height=\"117\"\/><figcaption>Rosemarie Freeney Harding<\/figcaption><\/figure>\n<\/div>\n\n\n<p>Jedn\u00edm z m\u00fdch prvn\u00edch \u00fakol\u016f jako mlad\u00e9 organiz\u00e1torky v ji\u017eansk\u00e9m hnut\u00ed za svobodu bylo na po\u010d\u00e1tku 60. let 20. stolet\u00ed rozv\u00edjet mezirasov\u00fd projekt soci\u00e1ln\u00edch slu\u017eeb a komunitn\u00ed centrum s n\u00e1zvem Mennonite House v Atlant\u011b ve st\u00e1t\u011b Georgia. . .<\/p>\n\n\n\n<h4 class=\"wp-block-heading\">A k tomu pokojn\u00e9 \u00fato\u010di\u0161t\u011b pro radost \u2013 m\u00edsto odpo\u010dinku<\/h4>\n\n\n\n<p>Vedle na\u0161\u00ed pr\u00e1ce p\u0159i umis\u0165ov\u00e1n\u00ed dobrovoln\u00edk\u016f do r\u016fzn\u00fdch organizac\u00ed hnut\u00ed, \u0161kolen\u00ed mlad\u00fdch aktivist\u016f a koordinace prvn\u00edch snah o mezirasov\u00fd dialog a usm\u00ed\u0159en\u00ed se Mennonitsk\u00fd d\u016fm stal d\u016fle\u017eit\u00fdm m\u00edstem \u00fato\u010di\u0161t\u011b pro mnoho lid\u00ed, kte\u0159\u00ed tolik bojovali a ob\u011btovali pro prom\u011bnu Jihu a n\u00e1roda. N\u011bkdy n\u00e1m lid\u00e9 z hnut\u00ed volali z autobusov\u00e9ho n\u00e1dra\u017e\u00ed a [m\u016fj man\u017eel] Vincent pro n\u011b p\u0159ijel, vyzvedl je a oni z\u016fstali n\u011bkolik dn\u00ed nebo t\u00fddn\u016f, proto\u017ee si pot\u0159ebovali n\u011bkde odpo\u010dinout. D\u00edky mat\u010dinu p\u0159\u00edkladu jsem jasn\u011b pochopila, jak d\u016fle\u017eit\u00e9 je m\u00edt uprost\u0159ed boje prostory, kde se d\u00e1 naj\u00edt \u00fato\u010di\u0161t\u011b. Prostory radosti a sm\u00edchu, dobr\u00e9ho j\u00eddla a laskav\u00fdch slov. Tento druh soucitn\u00e9 p\u00e9\u010de je vlastn\u011b s\u00e1m o sob\u011b transformuj\u00edc\u00ed silou. Jak p\u00ed\u0161e bretonsk\u00fd spisovatel Alistair MacLeod [1936-2014]: &#8222;V\u0161ichni se c\u00edt\u00edme l\u00e9pe, kdy\u017e jsme milov\u00e1ni&#8220;. [1] . . .&nbsp;<\/p>\n\n\n\n<h4 class=\"wp-block-heading\">\u0158editel\u00e9 \u010derno\u0161i a dobrovoln\u00edci b\u011blo\u0161i<\/h4>\n\n\n\n<p>\u010cernochy v Atlant\u011b zaujal Mennonitsk\u00fd d\u016fm. Bylo to n\u011bco nov\u00e9ho &#8211; mezirasov\u00fd projekt soci\u00e1ln\u00edch slu\u017eeb spojen\u00fd s hnut\u00edm za svobodu, kde v\u011bt\u0161ina dobrovoln\u00edk\u016f byla b\u011bloch\u016f a \u0159editel\u00e9 byli \u010derno\u0161i a v\u0161ichni \u017eili spole\u010dn\u011b v jednom dom\u011b. V roce 1961 to bylo rozhodn\u011b n\u011bco nov\u00e9ho. Vid\u011bt m\u011b a m\u00e9ho man\u017eela ve vedouc\u00edch funkc\u00edch d\u011blalo \u010dernoch\u016fm radost a byli na n\u00e1s hrd\u00ed. A zap\u016fsobilo na n\u011b, \u017ee n\u00e1s na\u0161e c\u00edrkev (o kter\u00e9 v\u011bt\u0161ina z nich nikdy nesly\u0161ela) vyslala reprezentovat denominaci. V\u00fdznam toho v\u0161eho jsem si uv\u011bdomila a\u017e pozd\u011bji. Byl jsem prost\u011b \u0161\u0165astn\u00fd, \u017ee jsem tam mohl b\u00fdt. . . .<\/p>\n\n\n\n<h4 class=\"wp-block-heading\">Na Jihu USA n\u011bco mi mo\u0159\u00e1dn\u00e9ho<\/h4>\n\n\n\n<p>Na po\u010d\u00e1tku 60. let byl Mennonitsk\u00fd d\u016fm jedn\u00edm z m\u00edst, mo\u017en\u00e1 jedn\u00edm z m\u00e1la, kde se na Jihu v\u011bdom\u011b vytv\u00e1\u0159ela mezirasov\u00e1 konverzace a spole\u010denstv\u00ed.&nbsp;<\/p>\n\n\n\n<p><em>Aktivismus Freeney Hardingov\u00e9 byl inspirov\u00e1n jej\u00ed trvalou a mystickou zku\u0161enost\u00ed Bo\u017e\u00ed l\u00e1sky a spravedlnosti. Rachel Hardingov\u00e1 vzpom\u00edn\u00e1 na vizi sv\u00e9 matky:&nbsp;<\/em><\/p>\n\n\n\n<h4 class=\"wp-block-heading\">Dostatek L\u00e1sky je v\u0161ude k dispozici<\/h4>\n\n\n\n<p>Neexistuje \u017e\u00e1dn\u00fd nedostatek. Nen\u00ed nedostatek. \u017d\u00e1dn\u00fd nedostatek l\u00e1sky,<\/p>\n\n\n\n<p>soucitu, radosti na sv\u011bt\u011b. Je ho dostatek.&nbsp;<\/p>\n\n\n\n<p>Je ho v\u00edc ne\u017e dost.&nbsp;<\/p>\n\n\n\n<p>Jen strach a chamtivost n\u00e1s nut\u00ed myslet si opak.<\/p>\n\n\n\n<p>Nikdo nemus\u00ed hladov\u011bt. Je dost p\u016fdy a dost j\u00eddla.&nbsp;<\/p>\n\n\n\n<p>Nikdo nemus\u00ed um\u00edrat \u017e\u00edzn\u00ed. Vody je dost. Nikdo&nbsp;<\/p>\n\n\n\n<p>\u017e\u00edt bez milosti. Milost nem\u00e1 konce. A my&nbsp;<\/p>\n\n\n\n<p>jsme v\u0161ichni n\u00e1stroji milosti. \u010c\u00edm v\u00edce ji d\u00e1v\u00e1me, t\u00edm v\u00edce&nbsp;<\/p>\n\n\n\n<p>se o ni d\u011bl\u00edme, \u010d\u00edm v\u00edce ji pou\u017e\u00edv\u00e1me, t\u00edm v\u00edce B\u016fh \u010din\u00ed. Tam&nbsp;<\/p>\n\n\n\n<p>nen\u00ed nedostatek l\u00e1sky. Je j\u00ed dostatek. A v\u017edycky je j\u00ed v\u00edc.<\/p>\n\n\n\n<h4 class=\"wp-block-heading\">To byl vesm\u00edr m\u00e9 matky a cel\u00e9ho hnut\u00ed<\/h4>\n\n\n\n<p>V takov\u00e9m vesm\u00edru \u017eila moje matka. [2]<\/p>\n\n\n\n<p><em>Translated with www.DeepL.com\/Translator (free version), mezinadpisy vlo\u017eil p\u0159ekladatel<\/em><\/p>\n\n\n\n<h5 class=\"wp-block-heading\">Prameny:<\/h5>\n\n\n\n<p>[1] Paraphrase of Alistair MacLeod, <em>No Great Mischief <\/em>(New York: W. W. Norton, 2000), 283.&nbsp;<\/p>\n\n\n\n<p>[2] Rachel E. Harding, \u201cDaughter\u2019s Pr\u00e9cis,\u201d foreword to <em>Remnants<\/em>, by Rosemarie Freeney Harding, [ix].&nbsp;<\/p>\n\n\n\n<p>Rosemarie Freeney Harding with Rachel Elizabeth Harding, <em>Remnants: A Memoir of Spirit, Activism, and Mothering<\/em>&nbsp;(Durham, NC: Duke University Press, 2015), 120, 127, 135\u2013136.&nbsp;&nbsp;<\/p>\n\n\n\n<p><strong>Image credit:<\/strong>&nbsp;Carrie Grace Littauer, <em>Untitled 11<\/em> (detail), 2022, photograph, Colorado, used with permission. Arthur Allen, <em>Untitled 4<\/em> (detail), 2022, photograph, France, used with permission. Claudia Retter, <em>Florence Morning<\/em> (detail), photograph, used with permission.&nbsp; Jenna Keiper &amp; Leslye Colvin, 2022, triptych art, United States. <a href=\"https:\/\/email.cac.org\/t\/d-l-fdhtdx-tlkrhyidn-y\/\">Click here<\/a> to enlarge image.<\/p>\n\n\n\n<p>This week\u2019s images appear in a form inspired by early Christian\/Catholic triptych art: a threefold form that tells a unified story.\u202f&nbsp;<\/p>\n\n\n\n<p><strong>Image inspiration:<\/strong>&nbsp;<em>She sees the leaves in the ice, gathers the small, unnoticed things, and cherishes her findings. We accept the mystic\u2019s invitation to sit and ponder.<\/em><\/p>\n","protected":false},"excerpt":{"rendered":"<p> Bylo to n\u011bco nov\u00e9ho &#8211; mezirasov\u00fd projekt soci\u00e1ln\u00edch slu\u017eeb spojen\u00fd s hnut\u00edm za svobodu, kde v\u011bt\u0161ina dobrovoln\u00edk\u016f byla b\u011bloch\u016f a \u0159editel\u00e9 byli \u010derno\u0161i a v\u0161ichni \u017eili spole\u010dn\u011b v jednom dom\u011b. V roce 1961 to bylo rozhodn\u011b n\u011bco nov\u00e9ho. Vid\u011bt m\u011b a m\u00e9ho man\u017eela ve vedouc\u00edch funkc\u00edch d\u011blalo \u010dernoch\u016fm radost a byli na n\u00e1s hrd\u00ed.<\/p>\n","protected":false},"author":1,"featured_media":4791,"comment_status":"open","ping_status":"open","sticky":false,"template":"","format":"standard","meta":{"footnotes":""},"categories":[198],"tags":[154,545,546],"class_list":["post-4813","post","type-post","status-publish","format-standard","has-post-thumbnail","hentry","category-richard-rohr-ofm-centrum-pro-zivot-a-rozjimani","tag-laska","tag-mezi-rasami","tag-usmireni","latest_post"],"_links":{"self":[{"href":"https:\/\/www.frantiskani.cz\/index.php\/wp-json\/wp\/v2\/posts\/4813","targetHints":{"allow":["GET"]}}],"collection":[{"href":"https:\/\/www.frantiskani.cz\/index.php\/wp-json\/wp\/v2\/posts"}],"about":[{"href":"https:\/\/www.frantiskani.cz\/index.php\/wp-json\/wp\/v2\/types\/post"}],"author":[{"embeddable":true,"href":"https:\/\/www.frantiskani.cz\/index.php\/wp-json\/wp\/v2\/users\/1"}],"replies":[{"embeddable":true,"href":"https:\/\/www.frantiskani.cz\/index.php\/wp-json\/wp\/v2\/comments?post=4813"}],"version-history":[{"count":2,"href":"https:\/\/www.frantiskani.cz\/index.php\/wp-json\/wp\/v2\/posts\/4813\/revisions"}],"predecessor-version":[{"id":4816,"href":"https:\/\/www.frantiskani.cz\/index.php\/wp-json\/wp\/v2\/posts\/4813\/revisions\/4816"}],"wp:featuredmedia":[{"embeddable":true,"href":"https:\/\/www.frantiskani.cz\/index.php\/wp-json\/wp\/v2\/media\/4791"}],"wp:attachment":[{"href":"https:\/\/www.frantiskani.cz\/index.php\/wp-json\/wp\/v2\/media?parent=4813"}],"wp:term":[{"taxonomy":"category","embeddable":true,"href":"https:\/\/www.frantiskani.cz\/index.php\/wp-json\/wp\/v2\/categories?post=4813"},{"taxonomy":"post_tag","embeddable":true,"href":"https:\/\/www.frantiskani.cz\/index.php\/wp-json\/wp\/v2\/tags?post=4813"}],"curies":[{"name":"wp","href":"https:\/\/api.w.org\/{rel}","templated":true}]}}