{"id":5034,"date":"2022-08-31T09:23:44","date_gmt":"2022-08-31T07:23:44","guid":{"rendered":"https:\/\/www.frantiskani.cz\/?p=5034"},"modified":"2022-08-31T09:23:51","modified_gmt":"2022-08-31T07:23:51","slug":"babi-leto-jan-skacel","status":"publish","type":"post","link":"https:\/\/www.frantiskani.cz\/index.php\/2022\/08\/31\/babi-leto-jan-skacel\/","title":{"rendered":"Bab\u00ed l\u00e9to \/ Jan Sk\u00e1cel"},"content":{"rendered":"\n<p><\/p>\n\n\n\n<p>V\u010dera let\u011bl vzduchem prvn\u00ed b\u00edl\u00fd vlas.<br>Zazvonil,<br>kdy\u017e zvolna k zemi padal \u2013<br>a slova,<br>hrub\u00e1, nepokorn\u00e1 slova<br>v hrdle uv\u00e1zla mi jako ryb\u00ed kost.<\/p>\n\n\n\n<p>M\u00e9 l\u00e9to,<br>ty u\u017e tak\u00e9 \u0161ediv\u00ed\u0161?<\/p>\n\n\n\n<p>Je tomu tak<br>a podzim p\u0159ijde z\u00edtra.<br>Zas cel\u00e9 stromy budou odl\u00e9tat,<br>zas pt\u00e1t se budem,<br>kam a komu vst\u0159\u00edc.<br>A ticho, chud\u00e9 jako poln\u00ed my\u0161,<br>tu a tam za z\u00e1dy n\u00e1m p\u00edskne.<\/p>\n\n\n\n<p>M\u00e9 l\u00e9to,<br>ty u\u017e tak\u00e9 \u0161ediv\u00ed\u0161?<\/p>\n\n\n\n<figure class=\"wp-block-image size-full is-style-rounded\"><img decoding=\"async\" src=\"data:image\/gif;base64,R0lGODlhAQABAAAAACH5BAEKAAEALAAAAAABAAEAAAICTAEAOw==\" data-layzr=\"https:\/\/www.frantiskani.cz\/wp-content\/uploads\/2022\/08\/Jan-Skacel.jpg\" alt=\"\" class=\"wp-image-5035\"\/><\/figure>\n","protected":false},"excerpt":{"rendered":"<p>V\u010dera let\u011bl vzduchem prvn\u00ed b\u00edl\u00fd vlas.Zazvonil,kdy\u017e zvolna k zemi padal \u2013a slova,hrub\u00e1, nepokorn\u00e1 slovav hrdle uv\u00e1zla mi jako ryb\u00ed kost. &hellip; <\/p>\n","protected":false},"author":1,"featured_media":0,"comment_status":"open","ping_status":"open","sticky":false,"template":"","format":"standard","meta":{"footnotes":""},"categories":[6],"tags":[],"class_list":["post-5034","post","type-post","status-publish","format-standard","hentry","category-frantiskanskarodina","latest_post"],"_links":{"self":[{"href":"https:\/\/www.frantiskani.cz\/index.php\/wp-json\/wp\/v2\/posts\/5034","targetHints":{"allow":["GET"]}}],"collection":[{"href":"https:\/\/www.frantiskani.cz\/index.php\/wp-json\/wp\/v2\/posts"}],"about":[{"href":"https:\/\/www.frantiskani.cz\/index.php\/wp-json\/wp\/v2\/types\/post"}],"author":[{"embeddable":true,"href":"https:\/\/www.frantiskani.cz\/index.php\/wp-json\/wp\/v2\/users\/1"}],"replies":[{"embeddable":true,"href":"https:\/\/www.frantiskani.cz\/index.php\/wp-json\/wp\/v2\/comments?post=5034"}],"version-history":[{"count":1,"href":"https:\/\/www.frantiskani.cz\/index.php\/wp-json\/wp\/v2\/posts\/5034\/revisions"}],"predecessor-version":[{"id":5036,"href":"https:\/\/www.frantiskani.cz\/index.php\/wp-json\/wp\/v2\/posts\/5034\/revisions\/5036"}],"wp:attachment":[{"href":"https:\/\/www.frantiskani.cz\/index.php\/wp-json\/wp\/v2\/media?parent=5034"}],"wp:term":[{"taxonomy":"category","embeddable":true,"href":"https:\/\/www.frantiskani.cz\/index.php\/wp-json\/wp\/v2\/categories?post=5034"},{"taxonomy":"post_tag","embeddable":true,"href":"https:\/\/www.frantiskani.cz\/index.php\/wp-json\/wp\/v2\/tags?post=5034"}],"curies":[{"name":"wp","href":"https:\/\/api.w.org\/{rel}","templated":true}]}}