{"id":5037,"date":"2022-09-01T08:35:23","date_gmt":"2022-09-01T06:35:23","guid":{"rendered":"https:\/\/www.frantiskani.cz\/?p=5037"},"modified":"2022-09-01T08:35:28","modified_gmt":"2022-09-01T06:35:28","slug":"stedrost-rozsevace","status":"publish","type":"post","link":"https:\/\/www.frantiskani.cz\/index.php\/2022\/09\/01\/stedrost-rozsevace\/","title":{"rendered":"\u0160t\u011bdrost rozs\u00e9va\u010de"},"content":{"rendered":"\n<h5 class=\"wp-block-heading\">T\u00fdden t\u0159icet p\u011bt: Je\u017e\u00ed\u0161ova podobenstv\u00ed<\/h5>\n\n\n\n<p><em>Autorka a kazatelka Barbara Brown Taylorov\u00e1 se zam\u00fd\u0161l\u00ed nad obvyklou reakc\u00ed na podobenstv\u00ed o rozs\u00e9va\u010di, kter\u00fd rozsypal semeno na r\u016fzn\u00e9 druhy p\u016fdy. Kliknut\u00edm sem si m\u016f\u017eete p\u0159e\u010d\u00edst \u00faryvek z evangelia (Mt 18-23).<\/em><\/p>\n\n\n\n<h4 class=\"wp-block-heading\">Jak\u00e9 m\u00e1m \u0161ance u Boha?<\/h4>\n\n\n<div class=\"wp-block-image is-style-rounded\">\n<figure class=\"alignleft size-full is-resized\"><img loading=\"lazy\" decoding=\"async\" src=\"data:image\/gif;base64,R0lGODlhAQABAAAAACH5BAEKAAEALAAAAAABAAEAAAICTAEAOw==\" data-layzr=\"https:\/\/www.frantiskani.cz\/wp-content\/uploads\/2022\/09\/Barbara-Brown-Taylor-35.jpg\" alt=\" Barbara Brown Taylor\" class=\"wp-image-5038\" width=\"119\" height=\"89\"\/><figcaption> Barbara Brown Taylor<\/figcaption><\/figure>\n<\/div>\n\n\n<p>Za\u010dala jsem si d\u011blat starosti s t\u00edm, na jak\u00e9m druhu p\u016fdy jsem u Boha. Za\u010dala jsem si d\u011blat starosti s t\u00edm, kolik je na m\u00e9m poli pt\u00e1k\u016f, kolik kamen\u00ed, kolik trn\u00ed. Za\u010dala jsem se starat o to, jak je v\u0161echny vy\u010distit, jak ze sebe ud\u011blat dob\u0159e obd\u011blan\u00e9, dob\u0159e zaplevelen\u00e9 a pohnojen\u00e9 pole pro setbu Bo\u017e\u00edho slova. Za\u010dala jsem si d\u011blat starosti o to, \u017ee \u0161ance jsou t\u0159i ku jedn\u00e9 proti mn\u011b &#8211; to jsou koneckonc\u016f \u0161ance v podobenstv\u00ed &#8211; a za\u010dala jsem p\u0159em\u00fd\u0161let o tom, jak bych mohla \u0161ance zv\u00fd\u0161it&#8230; a to t\u00edm, \u017ee si uklid\u00edm.<\/p>\n\n\n\n<h4 class=\"wp-block-heading\">\u010ctu podobenstv\u00ed o rozs\u00e9va\u010di dob\u0159e?<\/h4>\n\n\n\n<p>To je moje obvykl\u00e1 reakce na toto podobenstv\u00ed. Vn\u00edm\u00e1m ho jako v\u00fdzvu k tomu, abych byla jin\u00e1, jako v\u00fdzvu ke zlep\u0161en\u00ed sv\u00e9ho \u017eivota, tak\u017ee kdyby se n\u011bkdy vypr\u00e1v\u011blo stejn\u00e9 podobenstv\u00ed o mn\u011b, m\u011blo by \u0161\u0165astn\u011bj\u0161\u00ed konec a v\u0161echna semena by padla na bohatou, \u00farodnou p\u016fdu. Ale v takov\u00e9m \u010dten\u00ed podobenstv\u00ed je n\u011bco \u0161patn\u011b, proto\u017ee pokud jde o tohle, pak by se m\u011blo jmenovat podobenstv\u00ed o r\u016fzn\u00fdch druz\u00edch p\u016fdy.<\/p>\n\n\n\n<p><em>Taylor se pt\u00e1, zda n\u00e1m v na\u0161em zn\u00e1m\u00e9m v\u00fdkladu neunik\u00e1 dramati\u010dt\u011bj\u0161\u00ed poselstv\u00ed o radik\u00e1ln\u00ed Bo\u017e\u00ed milosti:<\/em><\/p>\n\n\n\n<h4 class=\"wp-block-heading\">Mo\u017en\u00e1 je podobenstv\u00ed o rozs\u00e9va\u010di a ne o p\u016fd\u011b?<\/h4>\n\n\n\n<p>V tomto p\u0159\u00edpad\u011b se jedn\u00e1 o podobenstv\u00ed o rozs\u00e9va\u010di, co\u017e znamen\u00e1, \u017ee je tu \u0161ance, jen \u0161ance, \u017ee jsme to pochopili obr\u00e1cen\u011b. Sly\u0161\u00edme tento p\u0159\u00edb\u011bh a mysl\u00edme si, \u017ee je to p\u0159\u00edb\u011bh o n\u00e1s, ale co kdy\u017e se m\u00fdl\u00edme? Co kdy\u017e v\u016fbec nen\u00ed o n\u00e1s, ale o rozs\u00e9va\u010di? Co kdy\u017e to nen\u00ed o na\u0161ich \u00fasp\u011b\u0161\u00edch a ne\u00fasp\u011b\u0161\u00edch, o pt\u00e1c\u00edch, o skal\u00e1ch a trn\u00ed, ale o extravaganci rozs\u00e9va\u010de, kter\u00fd si z takov\u00fdch starost\u00ed nic ned\u011bl\u00e1, kter\u00fd v\u0161ude rozhazuje sem\u00ednka, pl\u00fdtv\u00e1 jimi se svatou odvahou, kter\u00fd krm\u00ed pt\u00e1ky, p\u00edsk\u00e1 na sk\u00e1ly, pror\u00e1\u017e\u00ed si cestu trn\u00edm, k\u0159i\u010d\u00ed aleluja na dobrou p\u016fdu a prost\u011b seje d\u00e1l a d\u00e1l, s jistotou, \u017ee semene je dost, \u017ee je ho dostatek a \u017ee a\u017e kone\u010dn\u011b p\u0159ijde sklize\u0148, napln\u00ed v\u0161echny stodoly v okol\u00ed a\u017e po st\u0159echu?<\/p>\n\n\n\n<h4 class=\"wp-block-heading\">Rozs\u00e9va\u010d toti\u017e \u0161t\u011bd\u0159e rozs\u00e9v\u00e1 na ka\u017edou p\u016fdu \u2013 \u00farodnou i ne\u00farodnou<\/h4>\n\n\n\n<p>Pokud je to skute\u010dn\u011b podobenstv\u00ed o rozs\u00e9va\u010di, a ne podobenstv\u00ed o r\u016fzn\u00fdch druz\u00edch p\u016fdy, pak to za\u010d\u00edn\u00e1 zn\u00edt docela nov\u011b. Pozornost se nesoust\u0159ed\u00ed na n\u00e1s a na\u0161e nedostatky, ale na \u0161t\u011bdrost na\u0161eho Stvo\u0159itele, plodn\u00e9ho rozs\u00e9va\u010de, kter\u00fd nen\u00ed posedl\u00fd stavem pol\u00ed, kter\u00fd nen\u00ed skoup\u00fd na semeno, ale rozhazuje ho v\u0161ude, na dobrou i \u0161patnou p\u016fdu, kter\u00fd nen\u00ed opatrn\u00fd ani soudn\u00fd, ba ani p\u0159\u00edli\u0161 praktick\u00fd, ale zd\u00e1 se, \u017ee je ochoten sahat do sv\u00e9ho pytle se semenem po celou v\u011b\u010dnost a pokr\u00fdvat cel\u00e9 stvo\u0159en\u00ed \u00farodn\u00fdm semenem sv\u00e9 pravdy.<\/p>\n\n\n\n<p><em>Translated with www.DeepL.com\/Translator (free version), mezinadpisy vlo\u017eil p\u0159ekladatel<\/em><\/p>\n\n\n\n<h6 class=\"wp-block-heading\">Prameny:<\/h6>\n\n\n\n<p>Barbara Brown Taylor, <em>The Seeds of Heaven: Sermons on the Gospel of Matthew<\/em> (Louisville, KY: Westminster John Knox Press, 2004), 25\u201326.&nbsp;<\/p>\n\n\n\n<p><strong>Image credit:<\/strong> Carrie Grace Littauer, <em>Untitled 12 <\/em>(detail), 2022, photograph, Colorado, used with permission. Claudia Retter, <em>Bexley Park<\/em> (detail), used with permission. Claudia Retter, <em>Oak and Moss<\/em> (detail), photograph, used with permission. Jenna Keiper &amp; Leslye Colvin, 2022, triptych art, United States. <a href=\"https:\/\/email.cac.org\/t\/d-l-fkitrx-tlkrhyidn-j\/\">Click here to enlarge image.<\/a>&nbsp;<\/p>\n\n\n\n<p>This week\u2019s images by Carrie Grace Littauer and Claudia Retter appear in a form inspired by early Christian\/Catholic triptych art: a threefold form that tells a unified story.&nbsp;<\/p>\n\n\n\n<p><strong>Image inspiration:<\/strong> <em>Parables require us to take a second look. These images make us pause and wonder, \u201cwhat is that, really?\u201d Perhaps it\u2019s my own shadow, responding from the subconscious with knee-jerk reactions and judgments.<\/em><\/p>\n","protected":false},"excerpt":{"rendered":"<p>Pokud je to skute\u010dn\u011b podobenstv\u00ed o rozs\u00e9va\u010di, a ne podobenstv\u00ed o r\u016fzn\u00fdch druz\u00edch p\u016fdy, pak to za\u010d\u00edn\u00e1 zn\u00edt docela nov\u011b. Pozornost se nesoust\u0159ed\u00ed na n\u00e1s a na\u0161e nedostatky, ale na \u0161t\u011bdrost na\u0161eho Stvo\u0159itele, plodn\u00e9ho rozs\u00e9va\u010de, kter\u00fd nen\u00ed posedl\u00fd stavem pol\u00ed, kter\u00fd nen\u00ed skoup\u00fd na semeno, ale rozhazuje ho v\u0161ude, na dobrou i \u0161patnou p\u016fdu, kter\u00fd nen\u00ed opatrn\u00fd ani soudn\u00fd, ba ani p\u0159\u00edli\u0161 praktick\u00fd, ale zd\u00e1 se, \u017ee je ochoten sahat do sv\u00e9ho pytle se semenem po celou v\u011b\u010dnost a pokr\u00fdvat cel\u00e9 stvo\u0159en\u00ed \u00farodn\u00fdm semenem sv\u00e9 pravdy.<\/p>\n","protected":false},"author":1,"featured_media":5006,"comment_status":"open","ping_status":"open","sticky":false,"template":"","format":"standard","meta":{"footnotes":""},"categories":[198],"tags":[622,624,623],"class_list":["post-5037","post","type-post","status-publish","format-standard","has-post-thumbnail","hentry","category-richard-rohr-ofm-centrum-pro-zivot-a-rozjimani","tag-rozsevac","tag-stedrost","tag-urodna-puda","latest_post"],"_links":{"self":[{"href":"https:\/\/www.frantiskani.cz\/index.php\/wp-json\/wp\/v2\/posts\/5037","targetHints":{"allow":["GET"]}}],"collection":[{"href":"https:\/\/www.frantiskani.cz\/index.php\/wp-json\/wp\/v2\/posts"}],"about":[{"href":"https:\/\/www.frantiskani.cz\/index.php\/wp-json\/wp\/v2\/types\/post"}],"author":[{"embeddable":true,"href":"https:\/\/www.frantiskani.cz\/index.php\/wp-json\/wp\/v2\/users\/1"}],"replies":[{"embeddable":true,"href":"https:\/\/www.frantiskani.cz\/index.php\/wp-json\/wp\/v2\/comments?post=5037"}],"version-history":[{"count":1,"href":"https:\/\/www.frantiskani.cz\/index.php\/wp-json\/wp\/v2\/posts\/5037\/revisions"}],"predecessor-version":[{"id":5039,"href":"https:\/\/www.frantiskani.cz\/index.php\/wp-json\/wp\/v2\/posts\/5037\/revisions\/5039"}],"wp:featuredmedia":[{"embeddable":true,"href":"https:\/\/www.frantiskani.cz\/index.php\/wp-json\/wp\/v2\/media\/5006"}],"wp:attachment":[{"href":"https:\/\/www.frantiskani.cz\/index.php\/wp-json\/wp\/v2\/media?parent=5037"}],"wp:term":[{"taxonomy":"category","embeddable":true,"href":"https:\/\/www.frantiskani.cz\/index.php\/wp-json\/wp\/v2\/categories?post=5037"},{"taxonomy":"post_tag","embeddable":true,"href":"https:\/\/www.frantiskani.cz\/index.php\/wp-json\/wp\/v2\/tags?post=5037"}],"curies":[{"name":"wp","href":"https:\/\/api.w.org\/{rel}","templated":true}]}}