{"id":5053,"date":"2022-09-03T08:44:01","date_gmt":"2022-09-03T06:44:01","guid":{"rendered":"https:\/\/www.frantiskani.cz\/?p=5053"},"modified":"2022-09-03T08:44:07","modified_gmt":"2022-09-03T06:44:07","slug":"jezisova-podobenstvi","status":"publish","type":"post","link":"https:\/\/www.frantiskani.cz\/index.php\/2022\/09\/03\/jezisova-podobenstvi\/","title":{"rendered":"Je\u017e\u00ed\u0161ova podobenstv\u00ed"},"content":{"rendered":"\n<h5 class=\"wp-block-heading\">Shrnut\u00ed a procvi\u010den\u00ed t\u0159ic\u00e1t\u00e9ho p\u00e1t\u00e9ho t\u00fddne 28. srpna &#8211; 2. z\u00e1\u0159\u00ed 2022<\/h5>\n\n\n\n<h4 class=\"wp-block-heading\">&nbsp;Ned\u011ble<\/h4>\n\n\n\n<p>V\u0161ichni nejsme plevel, ale ani nejsme p\u0161enice. Mus\u00edme se nau\u010dit p\u0159ij\u00edmat a odpou\u0161t\u011bt tuto sm\u00ed\u0161enou realitu v sob\u011b i ve v\u0161ech ostatn\u00edch. -Richard Rohr<\/p>\n\n\n\n<h4 class=\"wp-block-heading\">Pond\u011bl\u00ed<\/h4>\n\n\n\n<p>Podobenstv\u00ed jsou moudr\u00fdm \u017e\u00e1nrem. Pat\u0159\u00ed do ma\u0161\u00e1lu, \u017eidovsk\u00e9 v\u011btve univerz\u00e1ln\u00ed tradice posv\u00e1tn\u00e9 poezie, p\u0159\u00edb\u011bh\u016f, p\u0159\u00edslov\u00ed, h\u00e1danek a dialog\u016f, jejich\u017e prost\u0159ednictv\u00edm se p\u0159ed\u00e1v\u00e1 moudrost. -Cynthia Bourgeault<\/p>\n\n\n\n<h4 class=\"wp-block-heading\">\u00dater\u00fd<\/h4>\n\n\n\n<p>Je\u017e\u00ed\u0161 \u0159\u00edk\u00e1, \u017ee B\u016fh je jako past\u00fd\u0159, kter\u00fd se v\u017edy sna\u017e\u00ed naj\u00edt ty, kte\u0159\u00ed se ocitli mimo spole\u010denstv\u00ed se sv\u00fdmi bli\u017en\u00edmi, a kdy\u017e je najdou, kdy\u017e najdou sv\u00e9 spole\u010denstv\u00ed se sv\u00fdmi bli\u017en\u00edmi, pak se zd\u00e1, \u017ee cel\u00fd sv\u011bt op\u011bt zapad\u00e1 na sv\u00e9 m\u00edsto a \u017eivot dost\u00e1v\u00e1 nov\u00fd smysl. -Howard Thurman<\/p>\n\n\n\n<h4 class=\"wp-block-heading\">St\u0159eda<\/h4>\n\n\n\n<p>Chceme b\u00fdt sou\u010d\u00e1st\u00ed svatebn\u00ed hostiny, na kterou jsou v\u0161ichni pozv\u00e1ni? Jedin\u00ed lid\u00e9, kte\u0159\u00ed se na oslavu nedostanou, jsou ti, kte\u0159\u00ed necht\u011bj\u00ed p\u0159ij\u00edt &#8211; tak\u017ee se asi mus\u00edme sami sebe zeptat: &#8222;Chceme p\u0159ij\u00edt?&#8220;. -Richard Rohr<\/p>\n\n\n\n<h4 class=\"wp-block-heading\">\u010ctvrtek<\/h4>\n\n\n\n<p>Pokud se skute\u010dn\u011b jedn\u00e1 o podobenstv\u00ed o rozs\u00e9va\u010di, a ne o podobenstv\u00ed o r\u016fzn\u00fdch druz\u00edch p\u016fdy, pak za\u010d\u00edn\u00e1 zn\u00edt docela nov\u011b. Pozornost nen\u00ed zam\u011b\u0159ena na n\u00e1s a na\u0161e nedostatky, ale na \u0161t\u011bdrost na\u0161eho Stvo\u0159itele, plodn\u00e9ho rozs\u00e9va\u010de, kter\u00fd se nezab\u00fdv\u00e1 stavem pol\u00ed, kter\u00fd nen\u00ed skoup\u00fd na semeno, ale rozhazuje ho v\u0161ude. -Barbara Brown Taylorov\u00e1<\/p>\n\n\n\n<h4 class=\"wp-block-heading\">P\u00e1tek<\/h4>\n\n\n\n<p>Kdy\u017e o\u010dek\u00e1v\u00e1me, brzy n\u00e1s za\u010dne mrzet, kdy\u017e nedostaneme to, co si mysl\u00edme, \u017ee si zaslou\u017e\u00edme. Evangelium tedy \u0159\u00edk\u00e1: &#8222;P\u0159esta\u0148te o\u010dek\u00e1vat!&#8220;. V\u0161echno je dar. -Richard Rohr<\/p>\n\n\n\n<p><\/p>\n\n\n\n<h2 class=\"wp-block-heading\">Lectio Divina s podobenstv\u00edm o marnotratn\u00e9m synovi<\/h2>\n\n\n\n<h5 class=\"wp-block-heading\">T\u0159ic\u00e1t\u00fd p\u00e1t\u00fd t\u00fdden praxe<\/h5>\n\n\n<div class=\"wp-block-image is-style-rounded\">\n<figure class=\"alignleft size-full is-resized\"><img loading=\"lazy\" decoding=\"async\" src=\"data:image\/gif;base64,R0lGODlhAQABAAAAACH5BAEKAAEALAAAAAABAAEAAAICTAEAOw==\" data-layzr=\"https:\/\/www.frantiskani.cz\/wp-content\/uploads\/2022\/06\/Cynthia-Bourgeault.jpg\" alt=\"\" class=\"wp-image-4637\" width=\"102\" height=\"102\"\/><figcaption><em>Cynthia Bourgeault <\/em><\/figcaption><\/figure>\n<\/div>\n\n\n<p><em>Cynthia Bourgeault odhaluje, jak podobenstv\u00ed o marnotratn\u00e9m synovi zpochyb\u0148uje na\u0161e typick\u00e9 formy posuzov\u00e1n\u00ed. Klikn\u011bte sem a p\u0159e\u010dt\u011bte si \u00faryvek z evangelia (Lk 15,11-32) a v\u011bnujte zvl\u00e1\u0161tn\u00ed pozornost reakci star\u0161\u00edho bratra.<\/em><\/p>\n\n\n\n<h4 class=\"wp-block-heading\">Egoismus v&nbsp;podobenstv\u00ed o marnotratn\u00e9m synovi<\/h4>\n\n\n\n<p>Egoistick\u00fd opera\u010dn\u00ed syst\u00e9m se v\u017edy zasekne v odsuzov\u00e1n\u00ed a sebemrska\u010dstv\u00ed. Star\u0161\u00ed bratr se sv\u00fdm rozho\u0159\u010den\u00fdm &#8222;To nen\u00ed f\u00e9r!&#8220; je u\u010debnicov\u00fdm p\u0159\u00edkladem fungov\u00e1n\u00ed egoistick\u00e9ho opera\u010dn\u00edho syst\u00e9mu.<\/p>\n\n\n\n<h4 class=\"wp-block-heading\">Opakem je -b\u00fdt \u0161t\u011bdr\u00fd a \u0161\u0165astn\u00fd z&nbsp;\u00fasp\u011bchu druh\u00fdch<\/h4>\n\n\n\n<p>Je\u017e\u00ed\u0161 n\u00e1s skrze n\u011bj \u017e\u00e1d\u00e1, abychom se pozorn\u011b pod\u00edvali na tu \u010d\u00e1st v ka\u017ed\u00e9m z n\u00e1s, kter\u00e1 trv\u00e1 na tom, aby se v\u0161e spo\u010d\u00edtalo, \u010d\u00e1st kter\u00e1 nedok\u00e1\u017ee b\u00fdt \u0161t\u011bdr\u00e1 a \u0161\u0165astn\u00e1.<\/p>\n\n\n\n<h4 class=\"wp-block-heading\">a p\u0159ipojit se k&nbsp;Bo\u017e\u00ed radosti sv\u00fdm tancem<\/h4>\n\n\n\n<p>&nbsp;Z\u00e1v\u011bre\u010dn\u00fd obraz podobenstv\u00ed &#8211; star\u0161\u00ed syn stoj\u00ed s\u00e1m venku a odm\u00edt\u00e1 se p\u0159ipojit k oslav\u011b, proto\u017ee se c\u00edt\u00ed b\u00fdt zneva\u017eov\u00e1n &#8211; je \u017eiv\u00fdm symbolem toho, jak n\u00e1s egoistick\u00fd opera\u010dn\u00ed syst\u00e9m zdr\u017euje od toho, abychom se p\u0159ipojili k tanci Bo\u017e\u00edho milosrdenstv\u00ed, kter\u00fd je v pln\u00e9m proudu v\u0161ude kolem n\u00e1s. Pokud jsme zaseknut\u00ed v egu, nesly\u0161\u00edme hudbu. . . .<\/p>\n\n\n\n<h4 class=\"wp-block-heading\">Pod\u00edvej se na proto sebe pozorn\u011bji<\/h4>\n\n\n\n<p>Kdy\u017e se na toto podobenstv\u00ed pod\u00edv\u00e1me bl\u00ed\u017ee, zjist\u00edme, \u017ee &#8230; je v\u00fdzvou z\u00e1kladn\u00edm struktur\u00e1m, p\u0159edpoklad\u016fm a p\u0159esv\u011bd\u010den\u00edm o n\u00e1s sam\u00fdch, kter\u00e9 udr\u017euj\u00ed bin\u00e1rn\u00ed mysl pevn\u011b na m\u00edst\u011b. M\u00e1 to b\u00fdt v\u00fdzva; m\u00e1 v\u00e1s to roz\u010d\u00edlit &#8211; a m\u00e1 v\u00e1s to p\u0159im\u011bt pod\u00edvat se na sebe pozorn\u011bji.<\/p>\n\n\n\n<h4 class=\"wp-block-heading\">Komu se v&nbsp;podobenstv\u00ed podob\u00e1\u0161?<\/h4>\n\n\n\n<p>Toto podobenstv\u00ed poskytuje obzvl\u00e1\u0161\u0165 bohatou p\u016fdu pro lectio divina. . . . A\u017e s n\u00edm budete sed\u011bt v meditaci, zkuste zjistit, kde v\u0161echny t\u0159i postavy &#8211; star\u0161\u00ed syn, mlad\u0161\u00ed syn a otec &#8211; \u017eij\u00ed ve va\u0161em vlastn\u00edm byt\u00ed a jakou roli ka\u017ed\u00fd z nich hraje ve va\u0161em \u017eivot\u011b. Dovolte, aby se podobenstv\u00ed stalo zrcadlem, kter\u00e9 v\u00e1m odr\u00e1\u017e\u00ed v\u00e1\u0161 vlastn\u00ed stav v\u011bdom\u00ed. Pokud s n\u00edm budete pracovat t\u00edmto zp\u016fsobem, budete ho pou\u017e\u00edvat tak, jak ho Je\u017e\u00ed\u0161 skute\u010dn\u011b zam\u00fd\u0161lel, tedy jako n\u00e1stroj pro osobn\u00ed prom\u011bnu v\u011bdom\u00ed. [1]<\/p>\n\n\n\n<h6 class=\"wp-block-heading\">Pokud s prax\u00ed lectio divina za\u010d\u00edn\u00e1te, nab\u00edz\u00edme v\u00e1m tyto pokyny otce Richarda:<\/h6>\n\n\n\n<p>P\u0159e\u010dt\u011bte si vybran\u00fd \u00faryvek pomalu \u010dty\u0159ikr\u00e1t. P\u0159i prvn\u00edm \u010dten\u00ed (t\u0159eba nahlas) naslouchejte sluchem sv\u00e9ho srdce a hledejte v\u011btu nebo slovo, kter\u00e9 pro v\u00e1s vy\u010dn\u00edv\u00e1. P\u0159i druh\u00e9m \u010dten\u00ed se zamyslete nad t\u00edm, co se v\u00e1s dotklo, a vyslovte tuto v\u011btu nebo slovo nahlas nebo si o tom napi\u0161te do den\u00edku. Zat\u0159et\u00ed odpov\u011bzte modlitbou nebo vyj\u00e1d\u0159en\u00edm toho, co jste pro\u017eili a k \u010demu jste povol\u00e1ni. Za \u010dtvrt\u00e9 si po \u010dten\u00ed odpo\u010di\u0148te v tichu. [2]<\/p>\n\n\n\n<p><em>Translated with www.DeepL.com\/Translator (free version), mezinadpisy p\u0159ekladatel<\/em><\/p>\n\n\n\n<p><a href=\"https:\/\/email.cac.org\/t\/d-l-fkitrdl-tlkrhyidn-o\/\">Experience a version of this practice<\/a> through video and sound. &nbsp;&nbsp;<\/p>\n\n\n\n<p>[1] Cynthia Bourgeault, <em>T<a href=\"https:\/\/email.cac.org\/t\/d-l-fkitrdl-tlkrhyidn-b\/\">he Wisdom Jesus: Transforming Heart and Mind\u2014a New Perspective on Christ and His Message<\/a>&nbsp;(<\/em>Boston, MA: Shambhala Publications, 2008),<br>49\u201350.<\/p>\n\n\n\n<p>[2] Adapted from Richard Rohr, <em>A Spring within Us: A Book of Daily Meditations<\/em> (Albuquerque, NM: CAC Publishing, 2016), 30.&nbsp;<\/p>\n\n\n\n<p><strong>Image credit: <\/strong>Carrie Grace Littauer, <em>Untitled 12<\/em> (detail), 2022, photograph, Colorado, used with permission. Claudia Retter, <em>Bexley Park<\/em> (detail), used with permission. Claudia Retter, <em>Oak and Moss <\/em>(detail), photograph, used with permission. Jenna Keiper &amp; Leslye Colvin, 2022, triptych art, United States. <a href=\"https:\/\/email.cac.org\/t\/d-l-fkitrdl-tlkrhyidn-n\/\">Click here to enlarge image.<\/a><\/p>\n\n\n\n<p>This week\u2019s images by Carrie Grace Littauer and Claudia Retter appear in a form inspired by early Christian\/Catholic triptych art: a threefold form that tells a unified story.&nbsp;<\/p>\n\n\n\n<p><strong>Image inspiration: <\/strong><em>Parables require us to take a second look. These images make us pause and wonder, \u201cwhat is that, really?\u201d Perhaps it\u2019s my own shadow, responding from the subconscious with knee-jerk reactions and judgments.<\/em><\/p>\n","protected":false},"excerpt":{"rendered":"<p>Egoistick\u00fd opera\u010dn\u00ed syst\u00e9m se v\u017edy zasekne v odsuzov\u00e1n\u00ed a sebemrska\u010dstv\u00ed. Star\u0161\u00ed bratr v podobenstv\u00ed se sv\u00fdm rozho\u0159\u010den\u00fdm &#8222;To nen\u00ed f\u00e9r!&#8220; je u\u010debnicov\u00fdm p\u0159\u00edkladem fungov\u00e1n\u00ed egoistick\u00e9ho opera\u010dn\u00edho syst\u00e9mu.<\/p>\n","protected":false},"author":1,"featured_media":5006,"comment_status":"open","ping_status":"open","sticky":false,"template":"","format":"standard","meta":{"footnotes":""},"categories":[198],"tags":[629,628],"class_list":["post-5053","post","type-post","status-publish","format-standard","has-post-thumbnail","hentry","category-richard-rohr-ofm-centrum-pro-zivot-a-rozjimani","tag-egoismus","tag-marnotratny-syn","latest_post"],"_links":{"self":[{"href":"https:\/\/www.frantiskani.cz\/index.php\/wp-json\/wp\/v2\/posts\/5053","targetHints":{"allow":["GET"]}}],"collection":[{"href":"https:\/\/www.frantiskani.cz\/index.php\/wp-json\/wp\/v2\/posts"}],"about":[{"href":"https:\/\/www.frantiskani.cz\/index.php\/wp-json\/wp\/v2\/types\/post"}],"author":[{"embeddable":true,"href":"https:\/\/www.frantiskani.cz\/index.php\/wp-json\/wp\/v2\/users\/1"}],"replies":[{"embeddable":true,"href":"https:\/\/www.frantiskani.cz\/index.php\/wp-json\/wp\/v2\/comments?post=5053"}],"version-history":[{"count":1,"href":"https:\/\/www.frantiskani.cz\/index.php\/wp-json\/wp\/v2\/posts\/5053\/revisions"}],"predecessor-version":[{"id":5054,"href":"https:\/\/www.frantiskani.cz\/index.php\/wp-json\/wp\/v2\/posts\/5053\/revisions\/5054"}],"wp:featuredmedia":[{"embeddable":true,"href":"https:\/\/www.frantiskani.cz\/index.php\/wp-json\/wp\/v2\/media\/5006"}],"wp:attachment":[{"href":"https:\/\/www.frantiskani.cz\/index.php\/wp-json\/wp\/v2\/media?parent=5053"}],"wp:term":[{"taxonomy":"category","embeddable":true,"href":"https:\/\/www.frantiskani.cz\/index.php\/wp-json\/wp\/v2\/categories?post=5053"},{"taxonomy":"post_tag","embeddable":true,"href":"https:\/\/www.frantiskani.cz\/index.php\/wp-json\/wp\/v2\/tags?post=5053"}],"curies":[{"name":"wp","href":"https:\/\/api.w.org\/{rel}","templated":true}]}}