{"id":5055,"date":"2022-09-04T08:28:41","date_gmt":"2022-09-04T06:28:41","guid":{"rendered":"https:\/\/www.frantiskani.cz\/?p=5055"},"modified":"2022-09-04T08:28:45","modified_gmt":"2022-09-04T06:28:45","slug":"hrdinska-cesta","status":"publish","type":"post","link":"https:\/\/www.frantiskani.cz\/index.php\/2022\/09\/04\/hrdinska-cesta\/","title":{"rendered":"Hrdinsk\u00e1 cesta"},"content":{"rendered":"\n<h5 class=\"wp-block-heading\">T\u0159ic\u00e1t\u00fd \u0161est\u00fd t\u00fdden: Hled\u00e1n\u00ed gr\u00e1lu<\/h5>\n\n\n\n<h6 class=\"wp-block-heading\">Hlavn\u00ed postavou je hrdina nebo hrdinka, kte\u0159\u00ed na\u0161li nebo dok\u00e1zali n\u011bco, co p\u0159esahuje b\u011b\u017en\u00fd r\u00e1mec \u00fasp\u011bch\u016f a zku\u0161enost\u00ed. Hrdina je n\u011bkdo, kdo ob\u011btoval sv\u016fj \u017eivot n\u011b\u010demu v\u011bt\u0161\u00edmu, ne\u017e je on s\u00e1m. -Joseph Campbell, S\u00edla m\u00fdtu<\/h6>\n\n\n\n<p><em>V meditac\u00edch tohoto t\u00fddne se v\u011bnujeme knize Hled\u00e1n\u00ed gr\u00e1lu, kter\u00e1 vych\u00e1z\u00ed z d\u0159\u00edv\u011bj\u0161\u00ed pr\u00e1ce otce Richarda s mu\u017ei a spiritualitou. S\u00edla m\u00fdtu a legendy n\u00e1m m\u016f\u017ee pomoci r\u016fst ve v\u011bdom\u00ed a zralosti a legendy o gr\u00e1lu obsahuj\u00ed mnoho takov\u00fdch archetyp\u00e1ln\u00edch vzor\u016f. V\u0161ichni jsou zv\u00e1ni, aby se vydali na hrdinskou cestu:<\/em><\/p>\n\n\n\n<h4 class=\"wp-block-heading\">Hled\u00e1n\u00ed dobr\u00e9 duchovn\u00ed cesty<\/h4>\n\n\n\n<p>Bylo mi \u0159e\u010deno, \u017ee evropsk\u00e9 legendy o hled\u00e1n\u00ed se v r\u016fzn\u00fdch podob\u00e1ch objevily kolem roku 1180 a\u017e 1350 na\u0161eho letopo\u010dtu. Vznikaly v r\u016fzn\u00fdch vrstv\u00e1ch spole\u010dnosti, a to pr\u00e1v\u011b v dob\u011b, kdy byl velk\u00fd evangelijn\u00ed p\u0159\u00edb\u011bh v zatm\u011bn\u00ed a u\u017e se nedost\u00e1val k u\u0161\u00edm ani neovliv\u0148oval du\u0161e k\u0159es\u0165an\u016f. Dalo by se \u0159\u00edci, \u017ee p\u0159\u00edb\u011bhy o gr\u00e1lu byly laick\u00fdm zp\u016fsobem, jak zmapovat a popsat pot\u0159ebnou a dobrou duchovn\u00ed cestu.<\/p>\n\n\n\n<p>M\u00fdtus vyjad\u0159oval hlubokou moudrost k\u0159es\u0165ansk\u00e9ho kolektivn\u00edho nev\u011bdom\u00ed stylem, kter\u00fd nebyl ani c\u00edrkevn\u00ed, ani klerik\u00e1ln\u00ed. M\u00edsto toho se tyto p\u0159\u00edb\u011bhy sebev\u011bdom\u011b pohybovaly ve sv\u011bt\u011b tajemstv\u00ed a metafor. Mohly tak \u010dinit, proto\u017ee hled\u00e1n\u00ed bylo skute\u010dn\u00e9 a m\u00fdty byly ukotveny v realit\u011b.<\/p>\n\n\n\n<h4 class=\"wp-block-heading\">Sou\u010dasn\u00e9 hled\u00e1n\u00ed je nejist\u00e9 a bez nad\u011bje<\/h4>\n\n\n\n<p>Domn\u00edv\u00e1m se, \u017ee \u017eijeme v dob\u011b, kdy hled\u00e1n\u00ed ji\u017e nen\u00ed skute\u010dn\u00e9. Lid\u00e9 si nejsou jisti c\u00edlem, jsou nejist\u00ed v hled\u00e1n\u00ed smyslupln\u00fdch vzor\u016f, a dokonce nejsou p\u0159esv\u011bd\u010deni o \u017e\u00e1dn\u00e9m bo\u017esk\u00e9m p\u016fvodu. Pro Z\u00e1pad je to velk\u00e1 krize smyslu; na nejhlub\u0161\u00ed \u00farovni je to ztr\u00e1ta nad\u011bje. \u00dazkost a \u0159e\u0161en\u00ed t\u00e9to krize nelze \u0159e\u0161it na pouh\u00e9 povrchn\u00ed \u00farovni nebo na \u00farovni \u0159e\u0161en\u00ed probl\u00e9m\u016f. Pouze posv\u00e1tn\u00e1 psychologie nebo mytologie jsou dostate\u010dn\u011b hlubok\u00e9 a pravdiv\u00e9, aby se mohly zab\u00fdvat ot\u00e1zkami smyslu a nad\u011bje.<\/p>\n\n\n\n<h4 class=\"wp-block-heading\">Hled\u00e1n\u00ed Gr\u00e1lu je hled\u00e1n\u00ed smyslu<\/h4>\n\n\n\n<p>To, co prav\u00e9 n\u00e1bo\u017eenstv\u00ed v\u017edy d\u011blalo, bylo otev\u00edr\u00e1n\u00ed dve\u0159\u00ed do tohoto symbolick\u00e9ho vesm\u00edru, do sv\u011bta du\u0161e, kter\u00fd je prim\u00e1rn\u00edm p\u0159\u00edstupov\u00fdm bodem do duchovn\u00edho sv\u011bta. Zdrav\u00e9 n\u00e1bo\u017eenstv\u00ed n\u00e1s u\u010d\u00ed, jak vid\u011bt, jak vid\u011bt jasn\u011bji a jak vid\u011bt v\u011bci skrz naskrz.<\/p>\n\n\n\n<p>Hled\u00e1n\u00ed gr\u00e1lu je dom\u00e1c\u00ed p\u0159\u00edb\u011bh o mu\u017ei jm\u00e9nem Parsifal, kter\u00fd dosp\u00edv\u00e1 a u\u010d\u00ed se spr\u00e1vn\u00fdm ot\u00e1zk\u00e1m prost\u0159ednictv\u00edm zkou\u0161ek a poku\u0161en\u00ed, kdy\u017e se prod\u00edr\u00e1 k Bohu. B\u011bhem hled\u00e1n\u00ed B\u016fh promlouv\u00e1 a vede skrze rodinu, selh\u00e1n\u00ed, n\u00e1sil\u00ed, n\u00e1v\u0161t\u011bvn\u00edky, zradu, sexualitu, p\u0159\u00edrodu, st\u00edn a vizi. Ka\u017ed\u00e1 osoba a ka\u017ed\u00e1 ud\u00e1lost, s n\u00ed\u017e se mu\u017e setk\u00e1, je pot\u0159ebnou a milost\u00ed napln\u011bnou p\u0159\u00edle\u017eitost\u00ed. Neexistuj\u00ed \u017e\u00e1dn\u00e9 slep\u00e9 uli\u010dky, i kdy\u017e se jich zd\u00e1 b\u00fdt mnoho. Nen\u00ed tu \u017e\u00e1dn\u00fd promarn\u011bn\u00fd \u010das, \u017e\u00e1dn\u00e9 zbyte\u010dn\u00e9 postavy, \u017e\u00e1dn\u00e9 n\u00e1hodn\u00e9 ud\u00e1losti. V\u0161e m\u00e1 sv\u016fj smysl. Je to zcela okouzlen\u00fd vesm\u00edr; B\u016fh je ve v\u0161ech v\u011bcech a \u010dek\u00e1, a\u017e promluv\u00ed, a dokonce po\u017eehn\u00e1.<\/p>\n\n\n\n<h4 class=\"wp-block-heading\">Je to v\u017edy sestup do hlubiny a \u00fa\u010dast na n\u00e1sledn\u00e9m z\u00e1zraku<\/h4>\n\n\n\n<p>P\u0159\u00edb\u011bh Gr\u00e1lu lze vypr\u00e1v\u011bt a p\u0159evypr\u00e1v\u011bt, ale nakonec je to v\u00fdprava, kterou je t\u0159eba proj\u00edt. Je to v\u017edy sestup, v\u017edy hr\u016fza a pro ty, kdo znaj\u00ed v\u011bt\u0161\u00ed p\u0159\u00edb\u011bh, v\u017edy \u00fa\u010dast na z\u00e1zraku.<\/p>\n\n\n\n<p><em>Translated with www.DeepL.com\/Translator (free version), mezinadpisyvlo\u017eil p\u0159ekladatel<\/em><\/p>\n\n\n\n<h6 class=\"wp-block-heading\">Prameny:<\/h6>\n\n\n\n<p>Adapted from Richard Rohr, <em>Quest for the Grail<\/em> (New York: Crossroad Publishing, 1994), 9\u201313, 27.<\/p>\n\n\n\n<p><strong>Image credit:<\/strong> Katrina Lillian Sorrentino, <em>Entelechy 1, 2 &amp; 3<\/em> (details), 2022, photographs, Spain, used with permission. Jenna Keiper &amp; Leslye Colvin, 2022, triptych art, United States. <a href=\"https:\/\/email.cac.org\/t\/d-l-fkhuukd-itiuujuudy-y\/\">Click here to enlarge image.<\/a><\/p>\n\n\n\n<p>This week\u2019s images by Katrina Lillian Sorrentino appear in a form inspired by early Christian\/Catholic triptych art: a threefold form that tells a unified story.&nbsp;<\/p>\n\n\n\n<p><strong>Image inspiration:<\/strong> <em>Entelechy: the seeded, coded essence that contains both patterns and possibilities for your life. Ever since I left my Christian marriage, I wanted to do the Camino, a pilgrimage that people from all over the world make to St. James\u2019 tomb in Santiago de Compostela, Spain. In May, I walked it as a ritual in order to shed a previous version of Self and embody a truer one. I walked a total of 333 miles in order to capture entelechy through the photograph. This series is a relic of a ritual that carried me further into being. <\/em>\u2014Katrina Lillian Sorrentino<\/p>\n","protected":false},"excerpt":{"rendered":"<p>To, co prav\u00e9 n\u00e1bo\u017eenstv\u00ed v\u017edy d\u011blalo, bylo otev\u00edr\u00e1n\u00ed dve\u0159\u00ed do tohoto symbolick\u00e9ho vesm\u00edru, do sv\u011bta du\u0161e, kter\u00fd je prim\u00e1rn\u00edm p\u0159\u00edstupov\u00fdm bodem do duchovn\u00edho sv\u011bta. Zdrav\u00e9 n\u00e1bo\u017eenstv\u00ed n\u00e1s u\u010d\u00ed, jak vid\u011bt, jak vid\u011bt jasn\u011bji a jak vid\u011bt v\u011bci skrz naskrz.<\/p>\n","protected":false},"author":1,"featured_media":5056,"comment_status":"open","ping_status":"open","sticky":false,"template":"","format":"standard","meta":{"footnotes":""},"categories":[198],"tags":[632,630],"class_list":["post-5055","post","type-post","status-publish","format-standard","has-post-thumbnail","hentry","category-richard-rohr-ofm-centrum-pro-zivot-a-rozjimani","tag-smysl","tag-svaty-gral","latest_post"],"_links":{"self":[{"href":"https:\/\/www.frantiskani.cz\/index.php\/wp-json\/wp\/v2\/posts\/5055","targetHints":{"allow":["GET"]}}],"collection":[{"href":"https:\/\/www.frantiskani.cz\/index.php\/wp-json\/wp\/v2\/posts"}],"about":[{"href":"https:\/\/www.frantiskani.cz\/index.php\/wp-json\/wp\/v2\/types\/post"}],"author":[{"embeddable":true,"href":"https:\/\/www.frantiskani.cz\/index.php\/wp-json\/wp\/v2\/users\/1"}],"replies":[{"embeddable":true,"href":"https:\/\/www.frantiskani.cz\/index.php\/wp-json\/wp\/v2\/comments?post=5055"}],"version-history":[{"count":1,"href":"https:\/\/www.frantiskani.cz\/index.php\/wp-json\/wp\/v2\/posts\/5055\/revisions"}],"predecessor-version":[{"id":5057,"href":"https:\/\/www.frantiskani.cz\/index.php\/wp-json\/wp\/v2\/posts\/5055\/revisions\/5057"}],"wp:featuredmedia":[{"embeddable":true,"href":"https:\/\/www.frantiskani.cz\/index.php\/wp-json\/wp\/v2\/media\/5056"}],"wp:attachment":[{"href":"https:\/\/www.frantiskani.cz\/index.php\/wp-json\/wp\/v2\/media?parent=5055"}],"wp:term":[{"taxonomy":"category","embeddable":true,"href":"https:\/\/www.frantiskani.cz\/index.php\/wp-json\/wp\/v2\/categories?post=5055"},{"taxonomy":"post_tag","embeddable":true,"href":"https:\/\/www.frantiskani.cz\/index.php\/wp-json\/wp\/v2\/tags?post=5055"}],"curies":[{"name":"wp","href":"https:\/\/api.w.org\/{rel}","templated":true}]}}