{"id":5192,"date":"2022-09-27T08:16:00","date_gmt":"2022-09-27T06:16:00","guid":{"rendered":"https:\/\/www.frantiskani.cz\/?p=5192"},"modified":"2022-09-27T08:17:31","modified_gmt":"2022-09-27T06:17:31","slug":"sila-ve-slabosti","status":"publish","type":"post","link":"https:\/\/www.frantiskani.cz\/index.php\/2022\/09\/27\/sila-ve-slabosti\/","title":{"rendered":"S\u00edla ve slabosti"},"content":{"rendered":"\n<h5 class=\"wp-block-heading\">T\u0159ic\u00e1t\u00fd dev\u00e1t\u00fd t\u00fdden: Spiritualita nedokonalosti&nbsp;&nbsp;&nbsp;&nbsp;&nbsp;&nbsp;&nbsp;&nbsp;&nbsp;<\/h5>\n\n\n\n<p><em>V t\u00e9to homilii se otec Richard zam\u00fd\u0161l\u00ed nad paradoxn\u00edm vztahem mezi slabost\u00ed a silou:<\/em><\/p>\n\n\n\n<h4 class=\"wp-block-heading\">Pro\u010d je to naruby?<\/h4>\n\n\n\n<p>Mus\u00edm b\u00fdt up\u0159\u00edmn\u00fd. Moc nerozum\u00edm tomu, pro\u010d B\u016fh stvo\u0159il sv\u011bt takhle naruby. Nev\u00edm, pro\u010d &#8222;s\u00edla je nejlep\u0161\u00ed ve slabosti&#8220;, jak napsal Pavel ve 2 Kor 12,9. A pro\u010d je s\u00edla nejlep\u0161\u00ed ve slabosti?<\/p>\n\n\n\n<h4 class=\"wp-block-heading\">Lid\u00e9 bez \u00fasp\u011bchu \u010dast\u011bji doraz\u00ed k &nbsp;osv\u00edcen\u00ed a soucitu<\/h4>\n\n\n\n<p>Nemohu p\u0159edst\u00edrat, \u017ee Bohu rozum\u00edm, ale tohle vid\u00edm: Lid\u00e9, kte\u0159\u00ed p\u0159e\u0161li od jednoho zd\u00e1nliv\u00e9ho \u00fasp\u011bchu k druh\u00e9mu, z\u0159\u00eddkakdy v\u016fbec ch\u00e1pou \u00fasp\u011bch &#8211; s v\u00fdjimkou sv\u00e9 vlastn\u00ed, velmi omezen\u00e9 verze. Lid\u00e9, kter\u00fdm se n\u011bco nepoda\u0159ilo ud\u011blat spr\u00e1vn\u011b, a to dokonce podle jejich vlastn\u00ed definice spr\u00e1vnosti, jsou ti, kte\u0159\u00ed \u010dasto proraz\u00ed k osv\u00edcen\u00ed a soucitu.<\/p>\n\n\n\n<h4 class=\"wp-block-heading\">P\u0159i rozj\u00edm\u00e1n\u00ed o k\u0159\u00ed\u017ei dojdeme ke stejn\u00e9mu z\u00e1v\u011bru<\/h4>\n\n\n\n<p>Pavel m\u016f\u017ee takto paradoxn\u011b hovo\u0159it o moci a slabosti, proto\u017ee rozj\u00edmal o tajemstv\u00ed k\u0159\u00ed\u017ee. Ten, kter\u00fd byl selh\u00e1n\u00edm, se stal vykupitelem. Ten, kter\u00fd vypadal nah\u00fd a slab\u00fd a jako pora\u017een\u00fd, se stal kone\u010dn\u00fdm v\u00edt\u011bzem. A tak to Pavel shrnuje ve sv\u00e9 kr\u00e1sn\u00e9 filozofii, kterou kon\u010d\u00ed v\u011btou: &#8222;Pr\u00e1v\u011b kdy\u017e jsem slab\u00fd, jsem siln\u00fd&#8220; (2 Kor 12,10).&nbsp;<\/p>\n\n\n\n<h4 class=\"wp-block-heading\">Zku\u0161enost Anonymn\u00edch alkoholik\u016f to potvrzuje \u2013 mus\u00edme zakusit bezmoc<\/h4>\n\n\n\n<p>P\u0159iznejme si up\u0159\u00edmn\u011b, \u017ee tomu t\u00e9m\u011b\u0159 nikdo z n\u00e1s nev\u011b\u0159\u00ed. Mysl\u00edme si, \u017ee siln\u00ed jsme tehdy, kdy\u017e jsme siln\u00ed. Ale ne, siln\u00ed jsme tehdy, kdy\u017e jsme slab\u00ed. Racion\u00e1ln\u00ed, logicky uva\u017euj\u00edc\u00ed mysli to ned\u00e1v\u00e1 ani trochu smysl. Jen lid\u00e9 Ducha ch\u00e1pou, jak moc je to pravda. Program Dvan\u00e1ct krok\u016f z toho ud\u011blal prvn\u00ed krok: Ne\u017e m\u016f\u017eeme zakusit svou s\u00edlu, mus\u00edme zakusit svou bezmoc.&nbsp;<\/p>\n\n\n\n<h4 class=\"wp-block-heading\">Moc je dokonal\u00e1 ve slabosti<\/h4>\n\n\n\n<p>Pavel \u0159\u00edk\u00e1, \u017ee za\u017eil, jak mu B\u016fh \u0159\u00edk\u00e1: &#8222;Moje milost ti sta\u010d\u00ed. Moc je dokonal\u00e1 ve slabosti&#8220; (2 Kor 12,9). Filozofie Spojen\u00fdch st\u00e1t\u016f americk\u00fdch v\u0161ak \u0159\u00edk\u00e1, \u017ee moc se zdokonaluje ve v\u011bt\u0161\u00ed moci. Jen si zkuste z\u00edskat moc: v\u00edce zbran\u00ed, v\u00edce zbran\u00ed, v\u00edce v\u00e1lek, v\u00edce vlivu, v\u00edce miliard\u00e1\u0159\u016f. V\u0161ichni se sna\u017e\u00ed dostat v\u00fd\u0161, sna\u017e\u00ed se dostat nahoru, nahoru, nahoru. Zat\u00edmco Je\u017e\u00ed\u0161, sv\u011bte div se, jde dol\u016f.<\/p>\n\n\n\n<h4 class=\"wp-block-heading\">To je opak syst\u00e9mu odm\u011bn pro \u201ehodn\u00e9\u201c<\/h4>\n\n\n\n<p>Zku\u0161enost bezmoci je m\u00edstem, kde mus\u00edme v\u0161ichni za\u010d\u00edt, a Anonymn\u00ed alkoholici jsou dostate\u010dn\u011b up\u0159\u00edmn\u00ed a pokorn\u00ed, aby to konstatovali, stejn\u011b jako s\u00e1m Je\u017e\u00ed\u0161 \u0161el v\u017edy tam, kde byla bolest. V\u0161ude, kde bylo lidsk\u00e9 utrpen\u00ed, se o n\u011bj Je\u017e\u00ed\u0161 zaj\u00edmal a sna\u017eil se ho uzdravit hned v okam\u017eiku setk\u00e1n\u00ed. Je docela \u00fa\u017easn\u00e9 a z\u00e1rove\u0148 velmi smutn\u00e9, \u017ee jsme to v\u0161echno odsunuli do budouc\u00edho syst\u00e9mu odm\u011bn pro ty, kte\u0159\u00ed byli &#8222;hodni&#8220; &#8211; jako by n\u011bkdo z n\u00e1s byl.<\/p>\n\n\n\n<h4 class=\"wp-block-heading\">Zat\u00edm nejsme tak svobodn\u00ed, abychom byli opravdu up\u0159\u00edmn\u00ed<\/h4>\n\n\n<div class=\"wp-block-image is-style-rounded\">\n<figure class=\"alignleft size-full is-resized\"><img loading=\"lazy\" decoding=\"async\" src=\"data:image\/gif;base64,R0lGODlhAQABAAAAACH5BAEKAAEALAAAAAABAAEAAAICTAEAOw==\" data-layzr=\"https:\/\/www.frantiskani.cz\/wp-content\/uploads\/2022\/09\/Bill-Wilson.jpeg\" alt=\"Bill-Wilson\" class=\"wp-image-5193\" width=\"75\" height=\"94\"\/><figcaption>Bill-Wilson<\/figcaption><\/figure>\n<\/div>\n\n\n<p>Je to snad tato lidsk\u00e1 bolest, kter\u00e9 se boj\u00edme? Bezmoc, stav ztroskot\u00e1n\u00ed, je zku\u0161enost, kterou stejn\u011b v\u0161ichni sd\u00edl\u00edme, pokud jsme up\u0159\u00edmn\u00ed, ale Bill Wilson (1895-1971), spoluzakladatel AA, zjistil, \u017ee ani v tom nejsme p\u0159\u00edli\u0161 dob\u0159\u00ed. Nazval to &#8222;pop\u00edr\u00e1n\u00ed&#8220;. Zd\u00e1 se, \u017ee nejsme tak svobodn\u00ed, abychom byli up\u0159\u00edmn\u00ed, nebo si to dokonce uv\u011bdomovali, proto\u017ee v\u011bt\u0161ina na\u0161ich zran\u011bn\u00ed je poh\u0159bena v nev\u011bdom\u00ed. Je tedy naprosto nezbytn\u00e9, abychom na\u0161li spiritualitu, kter\u00e1 na tuto skrytou \u00farove\u0148 dos\u00e1hne. Pokud tomu tak nen\u00ed, nic se ve skute\u010dnosti nezm\u011bn\u00ed.<\/p>\n\n\n\n<p><em>Translated with www.DeepL.com\/Translator (free version), mezinadpisy vlo\u017eil p\u0159ekladatel<\/em><\/p>\n\n\n\n<h6 class=\"wp-block-heading\">Prameny:<\/h6>\n\n\n\n<p>Adapted from Richard Rohr, \u201c<a href=\"https:\/\/email.cac.org\/t\/d-l-fuuhdky-itiuujuudy-y\/\"><u>Our Weakness Is What Refines the Soul<\/u><\/a>,\u201d homily, July 15, 2015; and<\/p>\n\n\n\n<p><a href=\"https:\/\/email.cac.org\/t\/d-l-fuuhdky-itiuujuudy-j\/\"><em><u>Breathing under Water: Spirituality and the Twelve Steps<\/u><\/em><\/a>(Cincinnati, OH: Franciscan Media, 2011, 2021), 3, xxiv.<\/p>\n\n\n\n<p><strong>Image credit:<\/strong> Arthur Allen, <em>Daily Meditations 9<\/em> (detail), 2022, photograph, France, used with permission. Katrina Lillian Sorrentino, <em>Entelechy 8<\/em> (detail), 2022, photograph, Spain, used with permission. Belinda Rain, <em>Frost<\/em> (detail), 1972, California, public domain. Jenna Keiper &amp; Leslye Colvin, 2022, triptych art, United States.&nbsp; <a href=\"https:\/\/email.cac.org\/t\/d-l-fuuhdky-itiuujuudy-t\/\">Click here to enlarge image<\/a>.<\/p>\n\n\n\n<p>This week\u2019s images appear in a form inspired by early Christian\/Catholic triptych art: a threefold form that tells a unified story.&nbsp;<\/p>\n\n\n\n<p><strong>Image inspiration: <\/strong><em>We pause to appreciate the seemingly insignificant and experience the awe of the simple and unexpected.<\/em><\/p>\n","protected":false},"excerpt":{"rendered":"<p>Zd\u00e1 se, \u017ee nejsme tak svobodn\u00ed, abychom byli up\u0159\u00edmn\u00ed, nebo si to dokonce uv\u011bdomovali, proto\u017ee v\u011bt\u0161ina na\u0161ich zran\u011bn\u00ed je poh\u0159bena v nev\u011bdom\u00ed. Je tedy naprosto nezbytn\u00e9, abychom na\u0161li spiritualitu, kter\u00e1 na tuto skrytou \u00farove\u0148 dos\u00e1hne. Pokud tomu tak nen\u00ed, nic se ve skute\u010dnosti nezm\u011bn\u00ed.<\/p>\n","protected":false},"author":1,"featured_media":5180,"comment_status":"open","ping_status":"open","sticky":false,"template":"","format":"standard","meta":{"footnotes":""},"categories":[198],"tags":[669,473,671,670,672],"class_list":["post-5192","post","type-post","status-publish","format-standard","has-post-thumbnail","hentry","category-richard-rohr-ofm-centrum-pro-zivot-a-rozjimani","tag-anonymni-alkohholici","tag-nevedomi","tag-osviceni","tag-slabost","tag-soucit","latest_post"],"_links":{"self":[{"href":"https:\/\/www.frantiskani.cz\/index.php\/wp-json\/wp\/v2\/posts\/5192","targetHints":{"allow":["GET"]}}],"collection":[{"href":"https:\/\/www.frantiskani.cz\/index.php\/wp-json\/wp\/v2\/posts"}],"about":[{"href":"https:\/\/www.frantiskani.cz\/index.php\/wp-json\/wp\/v2\/types\/post"}],"author":[{"embeddable":true,"href":"https:\/\/www.frantiskani.cz\/index.php\/wp-json\/wp\/v2\/users\/1"}],"replies":[{"embeddable":true,"href":"https:\/\/www.frantiskani.cz\/index.php\/wp-json\/wp\/v2\/comments?post=5192"}],"version-history":[{"count":3,"href":"https:\/\/www.frantiskani.cz\/index.php\/wp-json\/wp\/v2\/posts\/5192\/revisions"}],"predecessor-version":[{"id":5196,"href":"https:\/\/www.frantiskani.cz\/index.php\/wp-json\/wp\/v2\/posts\/5192\/revisions\/5196"}],"wp:featuredmedia":[{"embeddable":true,"href":"https:\/\/www.frantiskani.cz\/index.php\/wp-json\/wp\/v2\/media\/5180"}],"wp:attachment":[{"href":"https:\/\/www.frantiskani.cz\/index.php\/wp-json\/wp\/v2\/media?parent=5192"}],"wp:term":[{"taxonomy":"category","embeddable":true,"href":"https:\/\/www.frantiskani.cz\/index.php\/wp-json\/wp\/v2\/categories?post=5192"},{"taxonomy":"post_tag","embeddable":true,"href":"https:\/\/www.frantiskani.cz\/index.php\/wp-json\/wp\/v2\/tags?post=5192"}],"curies":[{"name":"wp","href":"https:\/\/api.w.org\/{rel}","templated":true}]}}