{"id":5218,"date":"2022-09-30T08:41:51","date_gmt":"2022-09-30T06:41:51","guid":{"rendered":"https:\/\/www.frantiskani.cz\/?p=5218"},"modified":"2022-09-30T08:41:55","modified_gmt":"2022-09-30T06:41:55","slug":"jednani-ve-vedome-lasce","status":"publish","type":"post","link":"https:\/\/www.frantiskani.cz\/index.php\/2022\/09\/30\/jednani-ve-vedome-lasce\/","title":{"rendered":"Jedn\u00e1n\u00ed ve v\u011bdom\u00e9 l\u00e1sce&nbsp;&nbsp;&nbsp;&nbsp;&nbsp;"},"content":{"rendered":"\n<h6 class=\"wp-block-heading\">T\u0159ic\u00e1t\u00fd dev\u00e1t\u00fd t\u00fdden: Spiritualita nedokonalosti<\/h6>\n\n\n\n<p><em>P\u0159ed n\u011bkolika lety byl otec Richard pozv\u00e1n karmelit\u00e1nsk\u00fdm kn\u011bzem Bobem Colaresim na pou\u0165 do Tereziiny komunity ve Francii. Richard se s n\u00e1mi pod\u011blil o sv\u00e9 z\u00e1\u017eitky:<\/em><\/p>\n\n\n\n<h4 class=\"wp-block-heading\">V\u00a0Lazaretu kde Terezie zem\u0159ela<\/h4>\n\n\n<div class=\"wp-block-image is-style-rounded\">\n<figure class=\"alignleft size-full\"><img decoding=\"async\" src=\"data:image\/gif;base64,R0lGODlhAQABAAAAACH5BAEKAAEALAAAAAABAAEAAAICTAEAOw==\" data-layzr=\"https:\/\/www.frantiskani.cz\/wp-content\/uploads\/2022\/09\/39-Bob-Colaresi.jpg\" alt=\"\" class=\"wp-image-5219\"\/><figcaption><em>Bob Colaresi<\/em><\/figcaption><\/figure>\n<\/div>\n\n\n<p>Na\u0161e mal\u00e1 p\u011bti\u010dlenn\u00e1 skupina nav\u0161t\u00edvila lazaret, kde Terezie zem\u0159ela. St\u00e1l jsem nejbl\u00ed\u017ee oknu. Vid\u011bl jsem \u010dernou d\u00edru v k\u0159ov\u00ed, kterou Terezie p\u0159irovn\u00e1vala ke sv\u00e9 vlastn\u00ed du\u0161i, kdy\u017e trp\u011bla, um\u00edrala na tuberkul\u00f3zu a sna\u017eila se v\u011b\u0159it, \u017ee ji Je\u017e\u00ed\u0161 st\u00e1le miluje. Sestra, kter\u00e1 n\u00e1s prov\u00e1zela prohl\u00eddkou, n\u00e1m vypr\u00e1v\u011bla p\u0159\u00edb\u011bh Tereziiny smrti, kdy\u017e se n\u00e1hle odml\u010dela a \u0159ekla: &#8222;M\u00e1me n\u00e1v\u0161t\u011bvu!&#8220; Z toho, jak to \u0159ekla, n\u00e1m v\u0161em nasko\u010dila hus\u00ed k\u016f\u017ee!<\/p>\n\n\n\n<h4 class=\"wp-block-heading\">levitoval mot\u00fdl i j\u00e1\u2026<\/h4>\n\n\n\n<p>Sledovali jsme sest\u0159in pohled a u okna jsme spat\u0159ili kr\u00e1sn\u00e9ho oran\u017eovo\u017elut\u00e9ho mot\u00fdla. Bylo teprve 3. dubna, na mot\u00fdly v severn\u00ed Francii p\u0159\u00edli\u0161 brzy. &#8222;Pus\u0165te ho ven, pus\u0165te ho ven!&#8220; \u0159ekla. Proto\u017ee jsem byl nejbl\u00ed\u017ee oknu, sna\u017eil jsem se otev\u0159\u00edt z\u00e1padku, ale nech\u00e1pal jsem, jak funguje, a jen jsem s n\u00ed z\u00e1pasil. Najednou jsem m\u011bl pocit, \u017ee levituji. Musel jsem se pod\u00edvat dol\u016f na nohy, abych se ujistil, \u017ee jsem st\u00e1le na zemi. Ur\u010dit\u011b jsem tam st\u00e1l, ale c\u00edtil jsem takov\u00e9 extatick\u00e9 pocity p\u0159\u00edtomnosti, radosti, l\u00e1sky a s\u00edly. Zd\u00e1lo se, \u017ee mi z hlavy vyprchala v\u0161echna krev.<\/p>\n\n\n\n<h4 class=\"wp-block-heading\">\u2026v\u011bd\u011bl jsem, \u017ee mou du\u0161i nav\u0161t\u00edvila Terezie<\/h4>\n\n\n\n<p>Sestra m\u011b mohla vid\u011bt jen zezadu. Zeptala se: &#8222;Co se d\u011bje? Otev\u0159i okno. Mot\u00fdl chce ven! Mot\u00fdl chce ven!&#8220; Nakonec jsem okno otev\u0159el a mot\u00fdl odlet\u011bl. Oto\u010dil jsem se a ostatn\u00ed \u0159\u00edkali, \u017ee m\u00e1m b\u00edlou tv\u00e1\u0159. &#8222;Co se pr\u00e1v\u011b stalo?&#8220; Zeptal jsem se, i kdy\u017e jsem v\u011bd\u011bl, \u017ee m\u011b pr\u00e1v\u011b n\u011bkdo nav\u0161t\u00edvil. Nev\u00edm, jak jinak to \u0159\u00edct: Byla tam Terezie<\/p>\n\n\n\n<h4 class=\"wp-block-heading\">Terezie se z&nbsp;nebe zapojuje do mnoha \u017eivot\u016f aby zdokonalila cestu l\u00e1sky<\/h4>\n\n\n\n<p>P\u0159ed smrt\u00ed Terezie sl\u00edbila, \u017ee sv\u00e9 nebe str\u00e1v\u00ed kon\u00e1n\u00edm dobra na zemi. [1] A\u0165 u\u017e v\u011b\u0159\u00edme na z\u00e1zraky svat\u00fdch, nebo ne, zd\u00e1 se, \u017ee ka\u017ed\u00fd, kdo m\u00e1 Terezii r\u00e1d, m\u00e1 n\u011bjak\u00fd z\u00e1zra\u010dn\u00fd p\u0159\u00edb\u011bh. Ona se zapojuje do na\u0161ich \u017eivot\u016f. Mysl\u00edm, \u017ee je p\u0159\u00edtomna v milionech \u017eivot\u016f. Skrze tuto \u017eenu, kter\u00e1 \u0159\u00edkala, \u017ee chce zdokonalit &#8222;v\u011bdu l\u00e1sky&#8220;, se d\u011bje n\u011bco kr\u00e1sn\u00e9ho. [2]<\/p>\n\n\n\n<h4 class=\"wp-block-heading\">Tak\u00e9 modlitba je malou cestou l\u00e1sky<\/h4>\n\n\n\n<p>M\u016fj vlastn\u00ed z\u00e1\u017eitek v jej\u00edm kl\u00e1\u0161te\u0159e mi p\u0159ipadal jako potvrzen\u00ed toho, \u010demu skute\u010dn\u011b v\u011b\u0159\u00edm a co bylo velkou \u010d\u00e1st\u00ed m\u00e9ho poselstv\u00ed. Mal\u00e1 cesta je spiritualitou nedokonalosti; k Bohu nep\u0159ich\u00e1z\u00edme t\u00edm, \u017ee to d\u011bl\u00e1me spr\u00e1vn\u011b, ale t\u00edm, \u017ee to d\u011bl\u00e1me \u0161patn\u011b. Nejde o to d\u011blat velk\u00e9 v\u011bci. Kdykoli jedn\u00e1me ve v\u011bdom\u00e9 l\u00e1sce, je to mal\u00e1 cesta. A mysl\u00edm, \u017ee cokoli d\u011bl\u00e1me ve v\u011bdom\u00e9m spojen\u00ed a l\u00e1sce, je modlitba.<\/p>\n\n\n\n<h4 class=\"wp-block-heading\">Franti\u0161ek a Terezie mne osvobodili od myln\u00e9 cesty sna\u017eit se o dokonalost<\/h4>\n\n\n\n<p>Tolik na\u0161ich katolick\u00fdch sv\u011btc\u016f je p\u0159\u00edkladem hrdinsk\u00e9ho mu\u010dednictv\u00ed; jejich poselstv\u00ed zn\u00ed: &#8222;Kdy\u017e budu dokonal\u00fd, B\u016fh m\u011b bude milovat.&#8220; To je poselstv\u00ed, kter\u00e9 n\u00e1m d\u00e1vaj\u00ed. Proto\u017ee jsem byl tak naprogramov\u00e1n, abych takto uva\u017eoval, opravdu jsem se pot\u0159eboval od t\u00e9to snahy o dokonalost osvobodit. D\u00edky Bohu, \u017ee to pro m\u011b ud\u011blali jak Terezie, tak Franti\u0161ek z Assisi!\u00a0\u00a0<\/p>\n\n\n\n<p><em>Translated with www.DeepL.com\/Translator (free version), mezinadpisy si dovolil vlo\u017eit p\u0159ekladatel<\/em><\/p>\n\n\n\n<h6 class=\"wp-block-heading\">Prameny:<\/h6>\n\n\n\n<p>[1] <em>Story of a Soul: The Autobiography of St. Th\u00e9r\u00e8se of Lisieux, <\/em>trans. John Clarke, 2nd ed. (Washington, DC: ICS Publications, 1976), 263.<\/p>\n\n\n\n<p>[2] <em>Story of a Soul, <\/em>187.<\/p>\n\n\n\n<p>Adapted from Richard Rohr,<em> <a href=\"https:\/\/email.cac.org\/t\/d-l-fuukljl-tlkrhyidn-y\/\"><u>Essential Teachings on Love<\/u><\/a>, <\/em>selected by Joelle Chase and Judy Traeger (Maryknoll, NY: Orbis Books, 2018), 233\u2013236.<\/p>\n\n\n\n<p><strong>Image credit:<\/strong> Arthur Allen, <em>Daily Meditations 9<\/em> (detail), 2022, photograph, France, used with permission. Katrina Lillian Sorrentino, <em>Entelechy 8<\/em> (detail), 2022, photograph, Spain, used with permission. Belinda Rain, <em>Frost<\/em> (detail), 1972, California, public domain. Jenna Keiper &amp; Leslye Colvin, 2022, triptych art, United States.&nbsp; <a href=\"https:\/\/email.cac.org\/t\/d-l-fuukljl-tlkrhyidn-j\/\">Click here to enlarge image<\/a>.<\/p>\n\n\n\n<p>This week\u2019s images appear in a form inspired by early Christian\/Catholic triptych art: a threefold form that tells a unified story.&nbsp;<\/p>\n\n\n\n<p><strong>Image inspiration: <\/strong><em>We pause to appreciate the seemingly insignificant and experience the awe of the simple and unexpected.<\/em><\/p>\n","protected":false},"excerpt":{"rendered":"<p>Mal\u00e1 cesta je spiritualitou nedokonalosti; k Bohu nep\u0159ich\u00e1z\u00edme t\u00edm, \u017ee to d\u011bl\u00e1me spr\u00e1vn\u011b, ale t\u00edm, \u017ee to d\u011bl\u00e1me \u0161patn\u011b. Nejde o to d\u011blat velk\u00e9 v\u011bci. Kdykoli jedn\u00e1me ve v\u011bdom\u00e9 l\u00e1sce, je to mal\u00e1 cesta. A mysl\u00edm, \u017ee cokoli d\u011bl\u00e1me ve v\u011bdom\u00e9m spojen\u00ed a l\u00e1sce, je modlitba.<\/p>\n","protected":false},"author":1,"featured_media":5180,"comment_status":"open","ping_status":"open","sticky":false,"template":"","format":"standard","meta":{"footnotes":""},"categories":[198],"tags":[685,684,683],"class_list":["post-5218","post","type-post","status-publish","format-standard","has-post-thumbnail","hentry","category-richard-rohr-ofm-centrum-pro-zivot-a-rozjimani","tag-cesta-chyb","tag-cestal-lasky","tag-terezie","latest_post"],"_links":{"self":[{"href":"https:\/\/www.frantiskani.cz\/index.php\/wp-json\/wp\/v2\/posts\/5218","targetHints":{"allow":["GET"]}}],"collection":[{"href":"https:\/\/www.frantiskani.cz\/index.php\/wp-json\/wp\/v2\/posts"}],"about":[{"href":"https:\/\/www.frantiskani.cz\/index.php\/wp-json\/wp\/v2\/types\/post"}],"author":[{"embeddable":true,"href":"https:\/\/www.frantiskani.cz\/index.php\/wp-json\/wp\/v2\/users\/1"}],"replies":[{"embeddable":true,"href":"https:\/\/www.frantiskani.cz\/index.php\/wp-json\/wp\/v2\/comments?post=5218"}],"version-history":[{"count":1,"href":"https:\/\/www.frantiskani.cz\/index.php\/wp-json\/wp\/v2\/posts\/5218\/revisions"}],"predecessor-version":[{"id":5220,"href":"https:\/\/www.frantiskani.cz\/index.php\/wp-json\/wp\/v2\/posts\/5218\/revisions\/5220"}],"wp:featuredmedia":[{"embeddable":true,"href":"https:\/\/www.frantiskani.cz\/index.php\/wp-json\/wp\/v2\/media\/5180"}],"wp:attachment":[{"href":"https:\/\/www.frantiskani.cz\/index.php\/wp-json\/wp\/v2\/media?parent=5218"}],"wp:term":[{"taxonomy":"category","embeddable":true,"href":"https:\/\/www.frantiskani.cz\/index.php\/wp-json\/wp\/v2\/categories?post=5218"},{"taxonomy":"post_tag","embeddable":true,"href":"https:\/\/www.frantiskani.cz\/index.php\/wp-json\/wp\/v2\/tags?post=5218"}],"curies":[{"name":"wp","href":"https:\/\/api.w.org\/{rel}","templated":true}]}}