{"id":5237,"date":"2022-10-02T08:15:52","date_gmt":"2022-10-02T06:15:52","guid":{"rendered":"https:\/\/www.frantiskani.cz\/?p=5237"},"modified":"2022-10-02T08:17:07","modified_gmt":"2022-10-02T06:17:07","slug":"pokorny-buh","status":"publish","type":"post","link":"https:\/\/www.frantiskani.cz\/index.php\/2022\/10\/02\/pokorny-buh\/","title":{"rendered":"Pokorn\u00e9 tajemstv\u00ed"},"content":{"rendered":"\n<h6 class=\"wp-block-heading\">\u010cty\u0159ic\u00e1t\u00fd t\u00fdden: Franti\u0161k\u00e1nsk\u00e1 mystika<\/h6>\n\n\n\n<p><em>V meditac\u00edch tohoto t\u00fddne se zab\u00fdv\u00e1me franti\u0161k\u00e1nskou mystikou. Sestra Ilia Delio ozna\u010duje spiritualitu Franti\u0161ka z Assisi (1182-1226) za zako\u0159en\u011bnou v Bo\u017e\u00ed l\u00e1sce a poko\u0159e:<\/em><\/p>\n\n\n\n<h4 class=\"wp-block-heading\">Kdy\u017e je B\u016fh daleko, je bl\u00edzko<\/h4>\n\n\n<div class=\"wp-block-image is-style-rounded\">\n<figure class=\"alignleft size-full is-resized\"><img loading=\"lazy\" decoding=\"async\" src=\"data:image\/gif;base64,R0lGODlhAQABAAAAACH5BAEKAAEALAAAAAABAAEAAAICTAEAOw==\" data-layzr=\"https:\/\/www.frantiskani.cz\/wp-content\/uploads\/2022\/10\/40-Ilia-Delio.jpg\" alt=\"Ilia Delio\" class=\"wp-image-5239\" width=\"116\" height=\"72\"\/><figcaption>Ilia Delio<\/figcaption><\/figure>\n<\/div>\n\n\n<p>M\u011bli jste n\u011bkdy takov\u00fd den, kdy v\u00e1m cel\u00e1 my\u0161lenka na Boha p\u0159ipadala p\u0159\u00edli\u0161 t\u011b\u017ek\u00e1 na p\u0159em\u00fd\u0161len\u00ed? Jako by snaha &#8222;uchopit&#8220; Boha byla jako snaha pol\u00edbit m\u011bs\u00edc? Pokud maj\u00ed mystici pravdu (a v\u011bt\u0161inou ji maj\u00ed, proto\u017ee vid\u00ed v\u011bci mnohem jinak ne\u017e my), pak jste ten den byli pravd\u011bpodobn\u011b Bohu bl\u00ed\u017e ne\u017e kter\u00fdkoli jin\u00fd den ve sv\u00e9m \u017eivot\u011b. Pt\u00e1te se, jak je to mo\u017en\u00e9?<\/p>\n\n\n\n<p>Jak v\u00e1m m\u016f\u017ee b\u00fdt B\u016fh bl\u00edzko (nebo vy Bohu), kdy\u017e se v\u00e1m B\u016fh zd\u00e1 tak daleko nebo v\u016fbec ne? . . .<\/p>\n\n\n\n<p>To je moje odpov\u011b\u010f: B\u016fh je tajemstv\u00edm pokorn\u00e9 l\u00e1sky. Je to tajemstv\u00ed, kter\u00e9 nem\u016f\u017eete rozumov\u011b vy\u0159e\u0161it ani se ho pokusit rozlu\u0161tit. Mus\u00edte v tomto tajemstv\u00ed prost\u011b \u017e\u00edt. . . .<\/p>\n\n\n\n<h4 class=\"wp-block-heading\">Franti\u0161ek  z\u00a0 Assisi tr\u00e1vil \u010das modlitbou o samot\u011b<\/h4>\n\n\n\n<p>Mysl\u00edm, \u017ee Franti\u0161ek z Assisi pochopil n\u011bco z tajemstv\u00ed Boha a zvl\u00e1\u0161tn\u00edm zp\u016fsobem tajemstv\u00ed Bo\u017e\u00ed pokory. A\u010dkoli byl prost\u00fd a nep\u0159\u00edli\u0161 vzd\u011blan\u00fd, m\u011bl vhled do Boha, kter\u00fd mohu ozna\u010dit za hlubok\u00fd. Franti\u0161ek nestudoval teologii. . . . Prost\u011b tr\u00e1vil dlouh\u00e9 hodiny v modlitb\u011b, \u010dasto v jeskyn\u00edch, v hor\u00e1ch nebo na m\u00edstech samoty, na m\u00edstech, kde se mohl vzd\u00e1lit od ru\u0161n\u00e9ho ka\u017edodenn\u00edho sv\u011bta.<\/p>\n\n\n\n<h4 class=\"wp-block-heading\">Franti\u0161ek objevil Bo\u017e\u00ed dobrotu a pokoru<\/h4>\n\n\n\n<p>Tom\u00e1\u0161 z Celana [asi 1185-1260], prvn\u00ed Franti\u0161k\u016fv \u017eivotopisec, napsal: &#8222;Tam, kde je venku v\u011bd\u011bn\u00ed u\u010ditel\u016f, vstoupila v\u00e1\u0161e\u0148 milovn\u00edka.&#8220; Franti\u0161ek se sna\u017eil o to, aby se jeho \u017eivotopisec stal jeho \u017eivotopiscem. [1] Tom\u00e1\u0161 vn\u00edmal, \u017ee l\u00e1ska, nikoliv v\u011bd\u011bn\u00ed, umo\u017enila Franti\u0161kovi vstoupit do velk\u00e9ho tajemstv\u00ed, kter\u00e9 naz\u00fdv\u00e1me &#8222;B\u016fh&#8220;. Kdy\u017e do tohoto tajemstv\u00ed vstoupil, objevil dva z\u00e1sadn\u00ed rysy Boha &#8211; p\u0159ekypuj\u00edc\u00ed Bo\u017e\u00ed dobrotu a Bo\u017e\u00ed pokoru. . . . Jak dosp\u011bl tak prost\u00fd \u010dlov\u011bk, jako byl Franti\u0161ek, k tomuto tajemstv\u00ed Boha? Odpov\u011bd\u00ed je Je\u017e\u00ed\u0161 Kristus. Franti\u0161ek poznal Boha pokorn\u00e9 l\u00e1sky t\u00edm, \u017ee rozj\u00edmal o chud\u00e9m a pokorn\u00e9m Kristu a napodoboval ho.&nbsp;<\/p>\n\n\n\n<h4 class=\"wp-block-heading\">Franti\u0161ek se skl\u00e1n\u011bl v\u00a0 l\u00e1sce ke ka\u017ed\u00e9mu stvo\u0159en\u00ed<\/h4>\n\n\n\n<p>Kdy\u017e Franti\u0161ek poznal Bo\u017e\u00ed l\u00e1skyplnou pokoru, zrcadlil se v n\u00ed:<\/p>\n\n\n\n<p>Jak se jeho \u017eivot prohluboval v Bohu, [Franti\u0161ek] se neust\u00e1le sna\u017eil vynakl\u00e1dat sebe sama v l\u00e1sce t\u00edm, \u017ee se d\u00e1val druh\u00e9mu. Za\u010dal se skl\u00e1n\u011bt v l\u00e1sce ke ka\u017ed\u00e9mu \u010dlov\u011bku, ke ka\u017ed\u00e9mu stvo\u0159en\u00ed, v\u010detn\u011b drobn\u00fdch \u017e\u00ed\u017eal, kter\u00e9 sb\u00edral, aby se mu nerozma\u010dkaly pod nohama.<\/p>\n\n\n\n<h4 class=\"wp-block-heading\">Franti\u0161ek se t\u011b\u0161il z\u00a0 toho, \u017ee p\u0159eb\u00fdv\u00e1 s\u00a0 prost\u00fdmi lidmi<\/h4>\n\n\n\n<p>N\u00e1sledov\u00e1n\u00edm chud\u00e9ho a pokorn\u00e9ho Krista se z Franti\u0161ka stal &#8222;men\u0161\u00ed bratr&#8220;. Jeho n\u00e1sledovn\u00edci \u0159\u00edkali, \u017ee se stal &#8222;druh\u00fdm Kristem&#8220;, proto\u017ee stejn\u011b jako Kristus byl pokorn\u00fd v l\u00e1sce. Po Je\u017e\u00ed\u0161ov\u00fdch stop\u00e1ch Franti\u0161ek na\u0161el Boha pokorn\u00e9 l\u00e1sky nikoli mezi popul\u00e1rn\u00edmi a py\u0161n\u00fdmi, arogantn\u00edmi a bohat\u00fdmi nebo t\u011bmi, kdo ve spole\u010dnosti &#8222;vy\u010dn\u00edvaj\u00ed&#8220;, ale mezi oby\u010dejn\u00fdmi, zapomenut\u00fdmi, chud\u00fdmi a nemocn\u00fdmi a lidmi na okraji spole\u010dnosti. Franti\u0161k\u016fv B\u016fh, napsal Celano, byl Bohem, &#8222;kter\u00fd se t\u011b\u0161\u00ed z toho, \u017ee je s prost\u00fdmi a sv\u011btem zavr\u017een\u00fdmi&#8220;. [2]<\/p>\n\n\n\n<p><em>Translated with www.DeepL.com\/Translator (free version), mezinadpisy si dovolil vlo\u017eit p\u0159ekladatel<\/em><\/p>\n\n\n\n<h6 class=\"wp-block-heading\">Prameny:<\/h6>\n\n\n\n<p>[1] Thomas of Celano, <em>The Remembrance of the Desire of a Soul, <\/em>2nd book, chap. 68, in <em>Francis of Assisi: Early Documents, <\/em>vol. 2, <em>The Founder<\/em> (New York: New City Press, 2000), 314.<\/p>\n\n\n\n<p>[2] Thomas of Celano, <em>The Life of Saint Francis, <\/em>1st book, chap. 12, in <em>Francis of Assisi: Early Documents, <\/em>vol. 1, <em>The Saint <\/em>(New York: New City Press, 1999), 210.<\/p>\n\n\n\n<p>Ilia Delio, <em>The Humility of God: A Franciscan Perspective <\/em>(Cincinnati, OH: St. Anthony Messenger Press, 2005), 15, 17, 19\u201320.<\/p>\n\n\n\n<p><strong>Image credit:<\/strong> Belinda Rain, <em>Water Drops on Grass <\/em>(detail), 1972, <a href=\"https:\/\/email.cac.org\/t\/d-l-zlrqz-itiuujuudy-y\/\">photograph<\/a>, California, public domain. Belinda Rain, <em>Nevada, Lake Tahoe California <\/em>(detail), 1972, <a href=\"https:\/\/email.cac.org\/t\/d-l-zlrqz-itiuujuudy-j\/\">photograph<\/a>, California, public domain. Belinda Rain, <em>Forest <\/em>(detail), 1972, <a href=\"https:\/\/email.cac.org\/t\/d-l-zlrqz-itiuujuudy-t\/\">photograph<\/a>, California, public domain. Jenna Keiper &amp; Leslye Colvin, 2022, triptych art, United States. <a href=\"https:\/\/email.cac.org\/t\/d-l-zlrqz-itiuujuudy-i\/\"><u>Click here to enlarge image<\/u><\/a>.<\/p>\n\n\n\n<p>This week\u2019s images appear in a form inspired by early Christian\/Catholic triptych art: a threefold form that tells a unified story.&nbsp;<\/p>\n\n\n\n<p><strong>Image inspiration: <\/strong><em>We look for Spirit in every stone and blade of grass, in everything. We are part of something so much larger, so much grander. God\u2019s grace abounds.<\/em><\/p>\n","protected":false},"excerpt":{"rendered":"<p>N\u00e1sledov\u00e1n\u00edm chud\u00e9ho a pokorn\u00e9ho Krista se z Franti\u0161ka stal &#8222;men\u0161\u00ed bratr&#8220;. Jeho n\u00e1sledovn\u00edci \u0159\u00edkali, \u017ee se stal &#8222;druh\u00fdm Kristem&#8220;, proto\u017ee stejn\u011b jako Kristus byl pokorn\u00fd v l\u00e1sce. <\/p>\n","protected":false},"author":1,"featured_media":5238,"comment_status":"open","ping_status":"open","sticky":false,"template":"","format":"standard","meta":{"footnotes":""},"categories":[198],"tags":[315,463],"class_list":["post-5237","post","type-post","status-publish","format-standard","has-post-thumbnail","hentry","category-richard-rohr-ofm-centrum-pro-zivot-a-rozjimani","tag-dobrota","tag-pokora","latest_post"],"_links":{"self":[{"href":"https:\/\/www.frantiskani.cz\/index.php\/wp-json\/wp\/v2\/posts\/5237","targetHints":{"allow":["GET"]}}],"collection":[{"href":"https:\/\/www.frantiskani.cz\/index.php\/wp-json\/wp\/v2\/posts"}],"about":[{"href":"https:\/\/www.frantiskani.cz\/index.php\/wp-json\/wp\/v2\/types\/post"}],"author":[{"embeddable":true,"href":"https:\/\/www.frantiskani.cz\/index.php\/wp-json\/wp\/v2\/users\/1"}],"replies":[{"embeddable":true,"href":"https:\/\/www.frantiskani.cz\/index.php\/wp-json\/wp\/v2\/comments?post=5237"}],"version-history":[{"count":2,"href":"https:\/\/www.frantiskani.cz\/index.php\/wp-json\/wp\/v2\/posts\/5237\/revisions"}],"predecessor-version":[{"id":5241,"href":"https:\/\/www.frantiskani.cz\/index.php\/wp-json\/wp\/v2\/posts\/5237\/revisions\/5241"}],"wp:featuredmedia":[{"embeddable":true,"href":"https:\/\/www.frantiskani.cz\/index.php\/wp-json\/wp\/v2\/media\/5238"}],"wp:attachment":[{"href":"https:\/\/www.frantiskani.cz\/index.php\/wp-json\/wp\/v2\/media?parent=5237"}],"wp:term":[{"taxonomy":"category","embeddable":true,"href":"https:\/\/www.frantiskani.cz\/index.php\/wp-json\/wp\/v2\/categories?post=5237"},{"taxonomy":"post_tag","embeddable":true,"href":"https:\/\/www.frantiskani.cz\/index.php\/wp-json\/wp\/v2\/tags?post=5237"}],"curies":[{"name":"wp","href":"https:\/\/api.w.org\/{rel}","templated":true}]}}