{"id":5299,"date":"2022-10-11T08:18:29","date_gmt":"2022-10-11T06:18:29","guid":{"rendered":"https:\/\/www.frantiskani.cz\/?p=5299"},"modified":"2022-10-11T08:18:36","modified_gmt":"2022-10-11T06:18:36","slug":"okraj-vnitrku","status":"publish","type":"post","link":"https:\/\/www.frantiskani.cz\/index.php\/2022\/10\/11\/okraj-vnitrku\/","title":{"rendered":"Okraj vnit\u0159ku&nbsp;&nbsp;&nbsp;&nbsp;&nbsp;&nbsp;"},"content":{"rendered":"\n<h6 class=\"wp-block-heading\">T\u00fdden \u010dty\u0159ic\u00e1t\u00fd prvn\u00ed: Osm z\u00e1kladn\u00edch z\u00e1sad CAC<\/h6>\n\n\n\n<p><em>T\u0159et\u00ed z\u00e1kladn\u00ed z\u00e1sada CAC: Nejlep\u0161\u00ed kritika \u0161patn\u00e9ho je praxe lep\u0161\u00edho. T\u00fdden denn\u00edch meditac\u00ed o t\u00e9to z\u00e1sad\u011b najdete zde.<\/em><\/p>\n\n\n\n<p><em>\u010ctvrt\u00fd z\u00e1kladn\u00ed princip CAC: Praktick\u00e1 pravda se nach\u00e1z\u00ed sp\u00ed\u0161e dole a na okraj\u00edch ne\u017e naho\u0159e nebo ve st\u0159edu v\u011bt\u0161iny skupin, instituc\u00ed a kultur. Otec Richard zkoum\u00e1 s\u00edlu tohoto prorock\u00e9ho postoje:&nbsp;<\/em><\/p>\n\n\n\n<h4 class=\"wp-block-heading\">Fungovat na hranici duchovn\u00edho prostoru n\u00e1s u\u010d\u00ed pohybu tam a zp\u011bt<\/h4>\n\n\n\n<p>Okraj v\u011bc\u00ed je limin\u00e1ln\u00ed prostor &#8211; svat\u00e9 m\u00edsto nebo, jak \u0159\u00edkali Keltov\u00e9, &#8222;tenk\u00e9 m\u00edsto&#8220;. V\u011bt\u0161inu z n\u00e1s je t\u0159eba nau\u010dit, jak v n\u011bm \u017e\u00edt. Fungovat na duchovn\u00edm okraji v\u011bc\u00ed znamen\u00e1 nau\u010dit se bezpe\u010dn\u011b pohybovat dovnit\u0159 a ven, tam a zp\u011bt, p\u0159es a zp\u011bt. Je to pozice prorock\u00e1, nikoliv vzpurn\u00e1 nebo asoci\u00e1ln\u00ed. Kdy\u017e jsme ve st\u0159edu n\u011b\u010deho, snadno zam\u011b\u0148ujeme podstatn\u00e9 za nepodstatn\u00e9, nech\u00e1v\u00e1me se svazovat malichernostmi, testy loajality a jistotou zam\u011bstn\u00e1n\u00ed. Tam se mnoho pravdy odehr\u00e1t nem\u016f\u017ee. Kdy\u017e \u017eijeme na okraji \u010dehokoli, s respektem a ct\u00ed (a to je rozhoduj\u00edc\u00ed!), jsme v p\u0159\u00edzniv\u00e9 a v\u00fdhodn\u00e9 pozici.&nbsp;<\/p>\n\n\n\n<h4 class=\"wp-block-heading\">Prvn\u00ed u\u010dedn\u00edci museli opou\u0161t\u011bt bezpe\u010dn\u00fd prostor u Je\u017e\u00ed\u0161e a j\u00edt k\u00e1zat vn\u011b<\/h4>\n\n\n\n<p>V evangeli\u00edch Je\u017e\u00ed\u0161 pos\u00edl\u00e1 sv\u00e9 prvn\u00ed u\u010dedn\u00edky na cestu, aby k\u00e1zali &#8222;v\u0161em n\u00e1rod\u016fm&#8220; (Mt 28,19; L 24,47) a &#8222;cel\u00e9mu stvo\u0159en\u00ed&#8220; (Mk 16,15). Jsem p\u0159esv\u011bd\u010den, \u017ee je vychov\u00e1val k tomu, aby riskovali opu\u0161t\u011bn\u00ed vlastn\u00edch bezpe\u010dnostn\u00edch syst\u00e9m\u016f, a p\u0159itom pro n\u011b paradoxn\u011b byli str\u00e1\u017eci bran. \u0158ekl jim, aby opustili svou domovskou z\u00e1kladnu a spojili se s jin\u00fdmi sv\u011bty. Je\u0161t\u011b z\u0159eteln\u011bj\u0161\u00ed je to v jeho pokynu, aby si &#8222;nebrali \u017e\u00e1dn\u00e1 zavazadla&#8220; (Mk 6,8) a pod\u0159\u00eddili se pohostinnosti, a dokonce i nep\u0159\u00e1telstv\u00ed druh\u00fdch (Mk 6,10-11). Tot\u00e9\u017e o sob\u011b Je\u017e\u00ed\u0161 \u0159\u00edk\u00e1 v Janov\u011b evangeliu (10,7), kde s\u00e1m sebe naz\u00fdv\u00e1 &#8222;branou&#8220;, kudy lid\u00e9 &#8222;budou voln\u011b vch\u00e1zet a vych\u00e1zet&#8220; (10,9). Jak\u00e9 \u00fa\u017easn\u00e9 svolen\u00ed! S\u00e1m sebe vn\u00edm\u00e1 sp\u00ed\u0161e jako m\u00edsto vstupu a v\u00fdstupu ne\u017e jako m\u00edsto usazen\u00ed.&nbsp;<\/p>\n\n\n\n<h4 class=\"wp-block-heading\">Proroci (jako Je\u017e\u00ed\u0161) stoj\u00ed \u010dasto na okraji vnit\u0159ku mezi dv\u011bma perspektivami<\/h4>\n\n\n\n<p>Jedine\u010dn\u00e9 a vz\u00e1cn\u00e9 postaven\u00ed biblick\u00e9ho proroka je v\u017edy na okraji vnit\u0159ku. Prorok nen\u00ed outsiderem h\u00e1zej\u00edc\u00edm kameny ani insiderem pohodln\u011b h\u00e1j\u00edc\u00edm status quo. M\u00edsto toho prorok \u017eije nejist\u011b se dv\u011bma perspektivami, kter\u00e9 dr\u017e\u00ed pevn\u011b pohromad\u011b. V t\u00e9to pozici nen\u00ed \u010dlov\u011bk bezpe\u010dn\u011b usazen uvnit\u0159, ani se nenach\u00e1z\u00ed tak daleko vn\u011b, aby ztratil soucit nebo porozum\u011bn\u00ed. Proroci mus\u00ed tyto perspektivy udr\u017eovat v l\u00e1skypln\u00e9m a nezbytn\u00e9m tv\u016fr\u010d\u00edm nap\u011bt\u00ed. Je to jedine\u010dn\u00fd zp\u016fsob vid\u011bn\u00ed a \u017eivota, kter\u00fd proroka do zna\u010dn\u00e9 m\u00edry zanech\u00e1 &#8222;bez m\u00edsta, kam by mohl slo\u017eit hlavu&#8220; (Lk 9,58), a snadno p\u0159it\u00e1hne &#8222;nen\u00e1vist v\u0161ech&#8220; &#8211; kte\u0159\u00ed se v\u017edy postavili na stranu protich\u016fdn\u00fdch skupin (Lk 21,16-17). Zd\u00e1 se, \u017ee prorok mluv\u00ed za Boha a t\u00e9m\u011b\u0159 za nikoho jin\u00e9ho.&nbsp;&nbsp;<\/p>\n\n\n\n<h4 class=\"wp-block-heading\">B\u00fdt uvnit\u0159 i vn\u011b dob\u0159e poslou\u017e\u00ed reform\u00e1m a pozvan\u00fdm<\/h4>\n\n\n\n<p>Kdy\u017e jsme uvnit\u0159 i vn\u011b, jsme kone\u010dnou v\u00fdzvou, mo\u017en\u00fdmi reform\u00e1tory a trval\u00fdm pozv\u00e1n\u00edm pro mnohem v\u011bt\u0161\u00ed sv\u011bt.<\/p>\n\n\n\n<p><em>Translated with www.DeepL.com\/Translator (free version), mezinadpisy si dovolil vlo\u017eit p\u0159ekladatel<\/em><\/p>\n\n\n\n<p><\/p>\n","protected":false},"excerpt":{"rendered":"<p> prorok \u017eije nejist\u011b se dv\u011bma perspektivami, kter\u00e9 dr\u017e\u00ed pevn\u011b pohromad\u011b. V t\u00e9to pozici nen\u00ed \u010dlov\u011bk bezpe\u010dn\u011b usazen uvnit\u0159, ani se nenach\u00e1z\u00ed tak daleko vn\u011b, aby ztratil soucit nebo porozum\u011bn\u00ed. Proroci mus\u00ed tyto perspektivy udr\u017eovat v l\u00e1skypln\u00e9m a nezbytn\u00e9m tv\u016fr\u010d\u00edm nap\u011bt\u00ed. <\/p>\n","protected":false},"author":1,"featured_media":5283,"comment_status":"open","ping_status":"open","sticky":false,"template":"","format":"standard","meta":{"footnotes":""},"categories":[198],"tags":[702,703,479],"class_list":["post-5299","post","type-post","status-publish","format-standard","has-post-thumbnail","hentry","category-richard-rohr-ofm-centrum-pro-zivot-a-rozjimani","tag-duchovni-hranice","tag-prproci","tag-reforma","latest_post"],"_links":{"self":[{"href":"https:\/\/www.frantiskani.cz\/index.php\/wp-json\/wp\/v2\/posts\/5299","targetHints":{"allow":["GET"]}}],"collection":[{"href":"https:\/\/www.frantiskani.cz\/index.php\/wp-json\/wp\/v2\/posts"}],"about":[{"href":"https:\/\/www.frantiskani.cz\/index.php\/wp-json\/wp\/v2\/types\/post"}],"author":[{"embeddable":true,"href":"https:\/\/www.frantiskani.cz\/index.php\/wp-json\/wp\/v2\/users\/1"}],"replies":[{"embeddable":true,"href":"https:\/\/www.frantiskani.cz\/index.php\/wp-json\/wp\/v2\/comments?post=5299"}],"version-history":[{"count":1,"href":"https:\/\/www.frantiskani.cz\/index.php\/wp-json\/wp\/v2\/posts\/5299\/revisions"}],"predecessor-version":[{"id":5300,"href":"https:\/\/www.frantiskani.cz\/index.php\/wp-json\/wp\/v2\/posts\/5299\/revisions\/5300"}],"wp:featuredmedia":[{"embeddable":true,"href":"https:\/\/www.frantiskani.cz\/index.php\/wp-json\/wp\/v2\/media\/5283"}],"wp:attachment":[{"href":"https:\/\/www.frantiskani.cz\/index.php\/wp-json\/wp\/v2\/media?parent=5299"}],"wp:term":[{"taxonomy":"category","embeddable":true,"href":"https:\/\/www.frantiskani.cz\/index.php\/wp-json\/wp\/v2\/categories?post=5299"},{"taxonomy":"post_tag","embeddable":true,"href":"https:\/\/www.frantiskani.cz\/index.php\/wp-json\/wp\/v2\/tags?post=5299"}],"curies":[{"name":"wp","href":"https:\/\/api.w.org\/{rel}","templated":true}]}}