{"id":5330,"date":"2022-10-16T08:13:06","date_gmt":"2022-10-16T06:13:06","guid":{"rendered":"https:\/\/www.frantiskani.cz\/?p=5330"},"modified":"2022-10-16T08:14:50","modified_gmt":"2022-10-16T06:14:50","slug":"priklad-proroku","status":"publish","type":"post","link":"https:\/\/www.frantiskani.cz\/index.php\/2022\/10\/16\/priklad-proroku\/","title":{"rendered":"P\u0159\u00edklad prorok\u016f&nbsp;&nbsp;"},"content":{"rendered":"\n<h6 class=\"wp-block-heading\">T\u00fdden \u010dty\u0159ic\u00e1t\u00fd druh\u00fd: L\u00e1ska a spravedlnost<\/h6>\n\n\n\n<p>&nbsp;&nbsp;&nbsp;&nbsp;&nbsp;&nbsp;&nbsp;&nbsp;&nbsp;&nbsp;&nbsp;&nbsp;&nbsp;&nbsp;&nbsp; <em>&nbsp;Pro otce Richarda Rohra m\u00e1 d\u00edlo spravedlnosti ko\u0159eny v prorock\u00e9 tradici Hebrejsk\u00fdch p\u00edsem. \u0158\u00edk\u00e1:<\/em><\/p>\n\n\n\n<h4 class=\"wp-block-heading\">Proroctv\u00ed pojmenov\u00e1v\u00e1 dne\u0161ek a vyz\u00fdv\u00e1 k\u00a0 rozhodnut\u00ed v \u00a0p\u0159\u00edtomnosti<\/h4>\n\n\n\n<p>K\u0159es\u0165anstv\u00ed v\u011bnovalo m\u00e1lo energie proroctv\u00ed, kter\u00e9 Pavel ozna\u010duje za druh\u00e9 nejd\u016fle\u017eit\u011bj\u0161\u00ed charisma pro budov\u00e1n\u00ed c\u00edrkve (1 Kor 12,28; Ef 4,11). Kdy\u017e k\u0159es\u0165an\u00e9 mluv\u00ed o proroctv\u00ed, p\u0159\u00edli\u0161 \u010dasto si mysl\u00edme, \u017ee proroci p\u0159edpov\u00eddaj\u00ed budoucnost. Ve skute\u010dnosti proroci \u0159\u00edkaj\u00ed prav\u00fd opak! Trvaj\u00ed na tom, \u017ee budoucnost je do zna\u010dn\u00e9 m\u00edry z\u00e1visl\u00e1 na p\u0159\u00edtomnosti. V\u017edy oznamuj\u00ed izraelsk\u00e9mu lidu, \u017ee se mus\u00ed rozhodnout nyn\u00ed. M\u016f\u017eete j\u00edt touto cestou a v\u00fdsledek ud\u00e1lost\u00ed v\u00e1s zru\u0161\u00ed, nebo se m\u016f\u017eete vr\u00e1tit k Bohu, k l\u00e1sce a ke smlouv\u011b. To nen\u00ed ani tak p\u0159edpov\u00edd\u00e1n\u00ed budoucnosti, jako sp\u00ed\u0161 pojmenov\u00e1n\u00ed p\u0159\u00edtomnosti, zp\u016fsobu, jak\u00fdm funguje realita. Prorok otev\u00edr\u00e1 lidskou svobodu t\u00edm, \u017ee se odva\u017euje \u0159\u00edci izraelsk\u00e9mu lidu, \u017ee m\u016f\u017ee zm\u011bnit d\u011bjiny t\u00edm, \u017ee zm\u011bn\u00ed s\u00e1m sebe. To je mimo\u0159\u00e1dn\u00e9 a stejn\u011b tak to plat\u00ed i pro n\u00e1s dnes.<\/p>\n\n\n\n<h4 class=\"wp-block-heading\">Proroci se rod\u00ed z &nbsp;utrpen\u00ed a ze zku\u0161enosti s&nbsp; Bohem<\/h4>\n\n\n\n<p>Proroci nakonec odhaluj\u00ed Boha, kter\u00fd je &#8222;Bohem trp\u00edc\u00edch&#8220;, \u0159e\u010deno slovy \u017eidovsk\u00e9ho filozofa Martina Bubera (1878-1965). [1] R\u00e1d bych to vyj\u00e1d\u0159il takto: nejde o to, \u017ee bychom \u0161li hl\u00e1sat tvrd\u00e1 a obt\u00ed\u017en\u00e1 poselstv\u00ed a lid\u00e9 by n\u00e1s pak za to, \u017ee jsme takov\u00fdmi proroky, \u0161patn\u011b hodnotili a marginalizovali (i kdy\u017e i to se m\u016f\u017ee st\u00e1t). Sp\u00ed\u0161e kdy\u017e se za\u010dteme do p\u0159\u00edb\u011bh\u016f prorok\u016f a samotn\u00e9ho Je\u017e\u00ed\u0161e, zjist\u00edme, \u017ee biblick\u00fd vzor je p\u0159esn\u011b opa\u010dn\u00fd! Kdy\u017e se ocitneme zran\u011bn\u00ed a marginalizovan\u00ed a dovol\u00edme, aby n\u00e1s toto utrpen\u00ed u\u010dilo, m\u016f\u017eeme se st\u00e1t proroky. Kdy\u017e opakovan\u011b zakou\u0161\u00edme Bo\u017e\u00ed v\u011brnost, milosrdenstv\u00ed a odpu\u0161t\u011bn\u00ed, pak se objev\u00ed n\u00e1\u0161 prorock\u00fd hlas. To je \u0161kola v\u00fdcviku. Tam se u\u010d\u00edme, jak mluvit pravdu.<\/p>\n\n\n\n<h4 class=\"wp-block-heading\">Proroci mluvili v\u00a0z\u00e1jmu uzdraven\u00ed a odhalovali pravdu o stavu syst\u00e9mu<\/h4>\n\n\n\n<p>Proroci byli v\u017edycky takov\u00ed \u00fa\u017easn\u00ed lid\u00e9, kte\u0159\u00ed chodili na zran\u011bn\u00e1 m\u00edsta. \u0160li tam, kde bylo utrpen\u00ed, k lidem, kte\u0159\u00ed byli vylou\u010deni ze syst\u00e9mu. Prohl\u00e9dli modloslu\u017eby v centru syst\u00e9mu, proto\u017ee ti, kdo jsou ze syst\u00e9mu vylou\u010deni, v\u017edy odhaluj\u00ed provozn\u00ed p\u0159esv\u011bd\u010den\u00ed tohoto syst\u00e9mu. Mluvit pravdu v z\u00e1jmu uzdraven\u00ed a celistvosti je pak prorock\u00e9, proto\u017ee &#8222;mocn\u00ed&#8220;, kte\u0159\u00ed ze syst\u00e9mu t\u011b\u017e\u00ed, nemohou n\u011bkter\u00e1 odhalen\u00ed tolerovat. Nemohou tolerovat pravdy, kter\u00e9 marginalizovan\u00ed &#8211; zlomen\u00ed, zran\u011bn\u00ed a bezdomovci &#8211; v\u017edy odhaluj\u00ed.<\/p>\n\n\n\n<h4 class=\"wp-block-heading\">Jsme ochotni st\u00e1t se proroky?<\/h4>\n\n\n\n<p>Jsme ochotni podstoupit riziko a sami se st\u00e1t proroky? Nejde o to, abychom mohli k\u00e1zat nebo \u0159\u00edkat tvrd\u00e1 slova a pak se c\u00edtili opr\u00e1vn\u011bn\u011b a spravedliv\u011b, kdy\u017e jsme vylou\u010deni. Jde o to, \u017ee za\u017eijeme ur\u010ditou m\u00edru vylou\u010den\u00ed nebo zlomen\u00e9ho srdce, a pak m\u00e1me vnit\u0159n\u00ed autoritu k\u00e1zat to, co m\u016f\u017ee zn\u00edt jako tvrd\u00e1 slova. Bohu\u017eel budou zn\u00edt jako velmi tvrd\u00e1 a dokonce nespravedliv\u00e1 slova lidem, kte\u0159\u00ed nikdy nebyli na okraji nebo na dn\u011b nebo kte\u0159\u00ed nikdy netrp\u011bli. Proroci v\u017edy p\u0159iv\u00e1d\u011bj\u00ed trp\u00edc\u00ed do st\u0159edu.<\/p>\n\n\n\n<p><em>&nbsp;&nbsp;&nbsp;&nbsp;&nbsp;&nbsp;&nbsp;&nbsp;&nbsp;&nbsp;&nbsp;&nbsp;&nbsp;&nbsp;&nbsp; &nbsp;Translated with www.DeepL.com\/Translator (free version), mezinadpisy si dovolil vlo\u017eit p\u0159ekladatel<\/em><\/p>\n\n\n\n<h6 class=\"wp-block-heading\">Prameny: <\/h6>\n\n\n\n<p>[1] Martin Buber, <em>The Prophetic Faith<\/em>, trans. Carlyle Witton-Davies (New York: Macmillan, 1949), chapter 8.&nbsp;<\/p>\n\n\n\n<p>Adapted from Joan Chittister and Richard Rohr,<em> Prophets Then, Prophets Now<\/em> (Albuquerque, NM: Center for Action and Contemplation, 2006). <a href=\"https:\/\/email.cac.org\/t\/d-l-zlktthl-itiuujuudy-y\/\">Available as MP3 download.<\/a><\/p>\n\n\n\n<p><strong>Image credit:<\/strong> Nathan Garcia, <em>Untitled <\/em>(detail), 2019, photograph, Albuquerque. Jenna Keiper &amp; Leslye Colvin, 2022, triptych art, United States. <a href=\"https:\/\/email.cac.org\/t\/d-l-zlktthl-itiuujuudy-j\/\">Click here to enlarge image.<\/a>&nbsp;<\/p>\n\n\n\n<p><strong>Image inspiration: <\/strong><em>Imagine our world illumined by love and justice.<\/em><\/p>\n","protected":false},"excerpt":{"rendered":"<p>Proroci byli v\u017edycky takov\u00ed \u00fa\u017easn\u00ed lid\u00e9, kte\u0159\u00ed chodili na zran\u011bn\u00e1 m\u00edsta. \u0160li tam, kde bylo utrpen\u00ed, k lidem, kte\u0159\u00ed byli vylou\u010deni ze syst\u00e9mu. Prohl\u00e9dli modloslu\u017eby v centru syst\u00e9mu, proto\u017ee ti, kdo jsou ze syst\u00e9mu vylou\u010deni, v\u017edy odhaluj\u00ed provozn\u00ed p\u0159esv\u011bd\u010den\u00ed tohoto syst\u00e9mu.<\/p>\n","protected":false},"author":1,"featured_media":5331,"comment_status":"open","ping_status":"open","sticky":false,"template":"","format":"standard","meta":{"footnotes":""},"categories":[198],"tags":[374,155],"class_list":["post-5330","post","type-post","status-publish","format-standard","has-post-thumbnail","hentry","category-richard-rohr-ofm-centrum-pro-zivot-a-rozjimani","tag-proroci","tag-utrpeni","latest_post"],"_links":{"self":[{"href":"https:\/\/www.frantiskani.cz\/index.php\/wp-json\/wp\/v2\/posts\/5330","targetHints":{"allow":["GET"]}}],"collection":[{"href":"https:\/\/www.frantiskani.cz\/index.php\/wp-json\/wp\/v2\/posts"}],"about":[{"href":"https:\/\/www.frantiskani.cz\/index.php\/wp-json\/wp\/v2\/types\/post"}],"author":[{"embeddable":true,"href":"https:\/\/www.frantiskani.cz\/index.php\/wp-json\/wp\/v2\/users\/1"}],"replies":[{"embeddable":true,"href":"https:\/\/www.frantiskani.cz\/index.php\/wp-json\/wp\/v2\/comments?post=5330"}],"version-history":[{"count":4,"href":"https:\/\/www.frantiskani.cz\/index.php\/wp-json\/wp\/v2\/posts\/5330\/revisions"}],"predecessor-version":[{"id":5335,"href":"https:\/\/www.frantiskani.cz\/index.php\/wp-json\/wp\/v2\/posts\/5330\/revisions\/5335"}],"wp:featuredmedia":[{"embeddable":true,"href":"https:\/\/www.frantiskani.cz\/index.php\/wp-json\/wp\/v2\/media\/5331"}],"wp:attachment":[{"href":"https:\/\/www.frantiskani.cz\/index.php\/wp-json\/wp\/v2\/media?parent=5330"}],"wp:term":[{"taxonomy":"category","embeddable":true,"href":"https:\/\/www.frantiskani.cz\/index.php\/wp-json\/wp\/v2\/categories?post=5330"},{"taxonomy":"post_tag","embeddable":true,"href":"https:\/\/www.frantiskani.cz\/index.php\/wp-json\/wp\/v2\/tags?post=5330"}],"curies":[{"name":"wp","href":"https:\/\/api.w.org\/{rel}","templated":true}]}}